{"id":65401,"date":"2023-11-26T11:32:45","date_gmt":"2023-11-26T16:32:45","guid":{"rendered":"https:\/\/l21.mx\/?p=65401"},"modified":"2023-11-26T11:32:45","modified_gmt":"2023-11-26T16:32:45","slug":"ruben-carrillo-nuevo-secretario-general-del-sindicato-de-taxistas-andres-quintana-roo","status":"publish","type":"post","link":"https:\/\/l21.mx\/?p=65401","title":{"rendered":"Rub\u00e9n Carrillo, nuevo secretario general del Sindicato de Taxistas Andr\u00e9s Quintana Roo"},"content":{"rendered":"<p>Rub\u00e9n Carrillo fue electo como el nuevo l\u00edder del sindicato de taxistas Andr\u00e9s Quintana Roo.<\/p>\n<p><a href=\"https:\/\/l21.mx\/wp-content\/uploads\/2023\/11\/Ruben-carrillo.jpg\" data-rel=\"penci-gallery-image-content\" ><img fetchpriority=\"high\" decoding=\"async\" class=\"alignnone size-medium wp-image-65402\" src=\"https:\/\/l21.mx\/wp-content\/uploads\/2023\/11\/Ruben-carrillo-300x287.jpg\" alt=\"\" width=\"300\" height=\"287\" srcset=\"https:\/\/l21.mx\/wp-content\/uploads\/2023\/11\/Ruben-carrillo-300x287.jpg 300w, https:\/\/l21.mx\/wp-content\/uploads\/2023\/11\/Ruben-carrillo-1024x978.jpg 1024w, https:\/\/l21.mx\/wp-content\/uploads\/2023\/11\/Ruben-carrillo-768x734.jpg 768w, https:\/\/l21.mx\/wp-content\/uploads\/2023\/11\/Ruben-carrillo-942x900.jpg 942w, https:\/\/l21.mx\/wp-content\/uploads\/2023\/11\/Ruben-carrillo-1170x1118.jpg 1170w, https:\/\/l21.mx\/wp-content\/uploads\/2023\/11\/Ruben-carrillo-585x559.jpg 585w, https:\/\/l21.mx\/wp-content\/uploads\/2023\/11\/Ruben-carrillo.jpg 1429w\" sizes=\"(max-width: 300px) 100vw, 300px\" \/><\/a><\/p>\n<p>La diferencia entre las planillas fue palpable hasta el \u00faltimo momento, alcanzando una distancia de 6 votos. Tras un conteo que culmin\u00f3 cerca de las dos de la ma\u00f1ana, se confirmaron los resultados finales: la planilla blanca obtuvo 1991 votos, seguida por la planilla verde con 1902 votos, la guinda con 532 y la roja con 168.<\/p>\n<p>M\u00e1s del 50% de los socios concesionarios inscritos en el padr\u00f3n acudieron desde las 9 de la ma\u00f1ana a emitir su voto, oficialmente fueron 4,593 votantes en una elecci\u00f3n que se caracteriz\u00f3 por ser de manera \u00e1gil, ordenada y sobre todo segura.<\/p>\n<p>En sus primeras declaraciones como secretario electo, Carrillo enfatiz\u00f3 la necesidad de unidad y trabajo conjunto para el sindicato de taxistas. A pesar de su ingreso oficial el 1ro de enero, asegur\u00f3 que desde el d\u00eda de hoy dar\u00e1 inicio al proyecto para revitalizar la organizaci\u00f3n, buscando resultados tangibles que beneficien tanto a los socios concesionarios como a los choferes.<\/p>\n<p><a href=\"https:\/\/l21.mx\/wp-content\/uploads\/2023\/11\/Ruben-carrillo-3.jpg\" data-rel=\"penci-gallery-image-content\" ><img decoding=\"async\" class=\"alignnone size-medium wp-image-65404\" src=\"https:\/\/l21.mx\/wp-content\/uploads\/2023\/11\/Ruben-carrillo-3-214x300.jpg\" alt=\"\" width=\"214\" height=\"300\" srcset=\"https:\/\/l21.mx\/wp-content\/uploads\/2023\/11\/Ruben-carrillo-3-214x300.jpg 214w, https:\/\/l21.mx\/wp-content\/uploads\/2023\/11\/Ruben-carrillo-3.jpg 484w\" sizes=\"(max-width: 214px) 100vw, 214px\" \/><\/a><\/p>\n<p>El objetivo principal de Carrillo radica en el bienestar de las m\u00e1s de 20,000 personas directamente vinculadas al sindicato, as\u00ed como en brindar un servicio de taxi que est\u00e9 a la altura del destino tur\u00edstico tan importante que es Canc\u00fan.<\/p>\n<p>Su compromiso no solo se limita a los afiliados al sindicato, sino que tambi\u00e9n se extiende a la sociedad en general y al turismo, prometiendo mejoras significativas en el servicio.<\/p>\n<p>Este triunfo marca el inicio de una nueva etapa para el sindicato de taxistas Andr\u00e9s Quintana Roo, con un l\u00edder comprometido a transformar y elevar la calidad de este importante servicio en beneficio de todos.<\/p>\n","protected":false},"excerpt":{"rendered":"<p>Rub\u00e9n Carrillo fue electo como el nuevo l\u00edder del sindicato de taxistas Andr\u00e9s Quintana Roo. La&hellip;<\/p>\n","protected":false},"author":100,"featured_media":65403,"comment_status":"closed","ping_status":"closed","sticky":false,"template":"","format":"standard","meta":{"_acf_changed":false,"_lmt_disableupdate":"","_lmt_disable":"","_mbp_gutenberg_autopost":false,"footnotes":""},"categories":[23,1656],"tags":[],"class_list":["post-65401","post","type-post","status-publish","format-standard","has-post-thumbnail","hentry","category-noticias","category-quintana-roo"],"acf":[],"_links":{"self":[{"href":"https:\/\/l21.mx\/index.php?rest_route=\/wp\/v2\/posts\/65401","targetHints":{"allow":["GET"]}}],"collection":[{"href":"https:\/\/l21.mx\/index.php?rest_route=\/wp\/v2\/posts"}],"about":[{"href":"https:\/\/l21.mx\/index.php?rest_route=\/wp\/v2\/types\/post"}],"author":[{"embeddable":true,"href":"https:\/\/l21.mx\/index.php?rest_route=\/wp\/v2\/users\/100"}],"replies":[{"embeddable":true,"href":"https:\/\/l21.mx\/index.php?rest_route=%2Fwp%2Fv2%2Fcomments&post=65401"}],"version-history":[{"count":0,"href":"https:\/\/l21.mx\/index.php?rest_route=\/wp\/v2\/posts\/65401\/revisions"}],"wp:featuredmedia":[{"embeddable":true,"href":"https:\/\/l21.mx\/index.php?rest_route=\/wp\/v2\/media\/65403"}],"wp:attachment":[{"href":"https:\/\/l21.mx\/index.php?rest_route=%2Fwp%2Fv2%2Fmedia&parent=65401"}],"wp:term":[{"taxonomy":"category","embeddable":true,"href":"https:\/\/l21.mx\/index.php?rest_route=%2Fwp%2Fv2%2Fcategories&post=65401"},{"taxonomy":"post_tag","embeddable":true,"href":"https:\/\/l21.mx\/index.php?rest_route=%2Fwp%2Fv2%2Ftags&post=65401"}],"curies":[{"name":"wp","href":"https:\/\/api.w.org\/{rel}","templated":true}]}}