{"id":65418,"date":"2023-11-26T12:05:21","date_gmt":"2023-11-26T17:05:21","guid":{"rendered":"https:\/\/l21.mx\/?p=65418"},"modified":"2023-11-26T12:05:21","modified_gmt":"2023-11-26T17:05:21","slug":"en-solidaridad-se-fomenta-el-deporte-inclusivo","status":"publish","type":"post","link":"https:\/\/l21.mx\/?p=65418","title":{"rendered":"En Solidaridad se fomenta el deporte inclusivo"},"content":{"rendered":"<p>&nbsp;<\/p>\n<p>\u2022 La presidenta Lili Campos particip\u00f3 como gu\u00eda del atleta con discapacidad visual Marcos Vel\u00e1zquez junto a 170 participantes en la carrera \u201cCorre conmigo 5k y 10k\u201d<\/p>\n<p><a href=\"https:\/\/l21.mx\/wp-content\/uploads\/2023\/11\/WhatsApp-Image-2023-11-26-at-11.46.16-AM-1.jpeg\" data-rel=\"penci-gallery-image-content\" ><img fetchpriority=\"high\" decoding=\"async\" class=\"alignnone size-medium wp-image-65420\" src=\"https:\/\/l21.mx\/wp-content\/uploads\/2023\/11\/WhatsApp-Image-2023-11-26-at-11.46.16-AM-1-300x200.jpeg\" alt=\"\" width=\"300\" height=\"200\" srcset=\"https:\/\/l21.mx\/wp-content\/uploads\/2023\/11\/WhatsApp-Image-2023-11-26-at-11.46.16-AM-1-300x200.jpeg 300w, https:\/\/l21.mx\/wp-content\/uploads\/2023\/11\/WhatsApp-Image-2023-11-26-at-11.46.16-AM-1-1024x682.jpeg 1024w, https:\/\/l21.mx\/wp-content\/uploads\/2023\/11\/WhatsApp-Image-2023-11-26-at-11.46.16-AM-1-768x512.jpeg 768w, https:\/\/l21.mx\/wp-content\/uploads\/2023\/11\/WhatsApp-Image-2023-11-26-at-11.46.16-AM-1-1200x800.jpeg 1200w, https:\/\/l21.mx\/wp-content\/uploads\/2023\/11\/WhatsApp-Image-2023-11-26-at-11.46.16-AM-1-1170x780.jpeg 1170w, https:\/\/l21.mx\/wp-content\/uploads\/2023\/11\/WhatsApp-Image-2023-11-26-at-11.46.16-AM-1-585x390.jpeg 585w, https:\/\/l21.mx\/wp-content\/uploads\/2023\/11\/WhatsApp-Image-2023-11-26-at-11.46.16-AM-1-263x175.jpeg 263w, https:\/\/l21.mx\/wp-content\/uploads\/2023\/11\/WhatsApp-Image-2023-11-26-at-11.46.16-AM-1.jpeg 1280w\" sizes=\"(max-width: 300px) 100vw, 300px\" \/><\/a><\/p>\n<p>Playa del Carmen, Solidaridad, 26 de noviembre del 2023.- En el marco del D\u00eda Internacional de las Personas con Discapacidad que se celebra cada 3 de diciembre, m\u00e1s de 170 participantes estuvieron en la carrera \u201cCorre conmigo 5k y 10 k\u201d, en la emblem\u00e1tica Quinta Avenida, en donde se cont\u00f3 con la participaci\u00f3n de la presidenta Lili Campos quien fue gu\u00eda del atleta invidente Marcos Vel\u00e1zquez.<\/p>\n<p>\u201cNuestras personas con discapacidad merecen toda nuestra atenci\u00f3n, buen trato y, sobre todo, nuestro amor y cari\u00f1o. Corr\u00ed con Marcos, quien me pidi\u00f3 que lo hiciera con \u00e9l; lo hice por \u00e9l y por todos. Lo que se busca con estos eventos es la visibilizaci\u00f3n, el respeto, el trabajo en equipo, pero sobre todo que se conozcan los derechos de las personas con discapacidad\u201d, puntualiz\u00f3 la presidenta.<\/p>\n<p><a href=\"https:\/\/l21.mx\/wp-content\/uploads\/2023\/11\/WhatsApp-Image-2023-11-26-at-11.46.17-AM-1.jpeg\" data-rel=\"penci-gallery-image-content\" ><img decoding=\"async\" class=\"alignnone size-medium wp-image-65422\" src=\"https:\/\/l21.mx\/wp-content\/uploads\/2023\/11\/WhatsApp-Image-2023-11-26-at-11.46.17-AM-1-300x219.jpeg\" alt=\"\" width=\"300\" height=\"219\" srcset=\"https:\/\/l21.mx\/wp-content\/uploads\/2023\/11\/WhatsApp-Image-2023-11-26-at-11.46.17-AM-1-300x219.jpeg 300w, https:\/\/l21.mx\/wp-content\/uploads\/2023\/11\/WhatsApp-Image-2023-11-26-at-11.46.17-AM-1-1024x746.jpeg 1024w, https:\/\/l21.mx\/wp-content\/uploads\/2023\/11\/WhatsApp-Image-2023-11-26-at-11.46.17-AM-1-768x560.jpeg 768w, https:\/\/l21.mx\/wp-content\/uploads\/2023\/11\/WhatsApp-Image-2023-11-26-at-11.46.17-AM-1-1200x875.jpeg 1200w, https:\/\/l21.mx\/wp-content\/uploads\/2023\/11\/WhatsApp-Image-2023-11-26-at-11.46.17-AM-1-1170x853.jpeg 1170w, https:\/\/l21.mx\/wp-content\/uploads\/2023\/11\/WhatsApp-Image-2023-11-26-at-11.46.17-AM-1-585x426.jpeg 585w, https:\/\/l21.mx\/wp-content\/uploads\/2023\/11\/WhatsApp-Image-2023-11-26-at-11.46.17-AM-1.jpeg 1280w\" sizes=\"(max-width: 300px) 100vw, 300px\" \/><\/a><\/p>\n<p>En esta carrera organizada por asociaciones civiles, Dagoberto Holgu\u00edn, jefe de la Unidad de Atenci\u00f3n a Personas con Discapacidad y de la Tercera Edad, dijo que se encuentra feliz de estar aportando en temas de inclusi\u00f3n gracias al impulso que da la presidenta Lili Campos.<\/p>\n<p><a href=\"https:\/\/l21.mx\/wp-content\/uploads\/2023\/11\/WhatsApp-Image-2023-11-26-at-11.46.17-AM.jpeg\" data-rel=\"penci-gallery-image-content\" ><img decoding=\"async\" class=\"alignnone size-medium wp-image-65419\" src=\"https:\/\/l21.mx\/wp-content\/uploads\/2023\/11\/WhatsApp-Image-2023-11-26-at-11.46.17-AM-300x200.jpeg\" alt=\"\" width=\"300\" height=\"200\" srcset=\"https:\/\/l21.mx\/wp-content\/uploads\/2023\/11\/WhatsApp-Image-2023-11-26-at-11.46.17-AM-300x200.jpeg 300w, https:\/\/l21.mx\/wp-content\/uploads\/2023\/11\/WhatsApp-Image-2023-11-26-at-11.46.17-AM-1024x682.jpeg 1024w, https:\/\/l21.mx\/wp-content\/uploads\/2023\/11\/WhatsApp-Image-2023-11-26-at-11.46.17-AM-768x512.jpeg 768w, https:\/\/l21.mx\/wp-content\/uploads\/2023\/11\/WhatsApp-Image-2023-11-26-at-11.46.17-AM-1200x800.jpeg 1200w, https:\/\/l21.mx\/wp-content\/uploads\/2023\/11\/WhatsApp-Image-2023-11-26-at-11.46.17-AM-1170x780.jpeg 1170w, https:\/\/l21.mx\/wp-content\/uploads\/2023\/11\/WhatsApp-Image-2023-11-26-at-11.46.17-AM-585x390.jpeg 585w, https:\/\/l21.mx\/wp-content\/uploads\/2023\/11\/WhatsApp-Image-2023-11-26-at-11.46.17-AM-263x175.jpeg 263w, https:\/\/l21.mx\/wp-content\/uploads\/2023\/11\/WhatsApp-Image-2023-11-26-at-11.46.17-AM.jpeg 1280w\" sizes=\"(max-width: 300px) 100vw, 300px\" \/><\/a><\/p>\n<p>\u201cSomos el \u00fanico municipio que cuenta con un programa de inclusi\u00f3n laboral, van 106 personas que se han empleado en diferentes empresas y dentro de la administraci\u00f3n p\u00fablica, porque nosotros nos ponemos la camiseta por inclusi\u00f3n, Solidaridad es punta de lanza en temas de inclusi\u00f3n\u201d precis\u00f3 Dagoberto Holgu\u00edn.<\/p>\n<p>Posteriormente fueron entregadas medallas y los nombramientos de los primeros lugares en cada categor\u00eda.<\/p>\n","protected":false},"excerpt":{"rendered":"<p>&nbsp; \u2022 La presidenta Lili Campos particip\u00f3 como gu\u00eda del atleta con discapacidad visual Marcos Vel\u00e1zquez&hellip;<\/p>\n","protected":false},"author":100,"featured_media":65421,"comment_status":"closed","ping_status":"closed","sticky":false,"template":"","format":"standard","meta":{"_acf_changed":false,"_lmt_disableupdate":"","_lmt_disable":"","_mbp_gutenberg_autopost":false,"footnotes":""},"categories":[1654],"tags":[],"class_list":["post-65418","post","type-post","status-publish","format-standard","has-post-thumbnail","hentry","category-solidaridad"],"acf":[],"_links":{"self":[{"href":"https:\/\/l21.mx\/index.php?rest_route=\/wp\/v2\/posts\/65418","targetHints":{"allow":["GET"]}}],"collection":[{"href":"https:\/\/l21.mx\/index.php?rest_route=\/wp\/v2\/posts"}],"about":[{"href":"https:\/\/l21.mx\/index.php?rest_route=\/wp\/v2\/types\/post"}],"author":[{"embeddable":true,"href":"https:\/\/l21.mx\/index.php?rest_route=\/wp\/v2\/users\/100"}],"replies":[{"embeddable":true,"href":"https:\/\/l21.mx\/index.php?rest_route=%2Fwp%2Fv2%2Fcomments&post=65418"}],"version-history":[{"count":0,"href":"https:\/\/l21.mx\/index.php?rest_route=\/wp\/v2\/posts\/65418\/revisions"}],"wp:featuredmedia":[{"embeddable":true,"href":"https:\/\/l21.mx\/index.php?rest_route=\/wp\/v2\/media\/65421"}],"wp:attachment":[{"href":"https:\/\/l21.mx\/index.php?rest_route=%2Fwp%2Fv2%2Fmedia&parent=65418"}],"wp:term":[{"taxonomy":"category","embeddable":true,"href":"https:\/\/l21.mx\/index.php?rest_route=%2Fwp%2Fv2%2Fcategories&post=65418"},{"taxonomy":"post_tag","embeddable":true,"href":"https:\/\/l21.mx\/index.php?rest_route=%2Fwp%2Fv2%2Ftags&post=65418"}],"curies":[{"name":"wp","href":"https:\/\/api.w.org\/{rel}","templated":true}]}}