{"id":65452,"date":"2023-11-27T08:28:43","date_gmt":"2023-11-27T13:28:43","guid":{"rendered":"https:\/\/l21.mx\/?p=65452"},"modified":"2023-11-27T08:28:43","modified_gmt":"2023-11-27T13:28:43","slug":"el-deporte-en-quintana-roo-vivira-la-transformacion-con-la-codeq-mara-lezama","status":"publish","type":"post","link":"https:\/\/l21.mx\/?p=65452","title":{"rendered":"El deporte en Quintana Roo vivir\u00e1 la transformaci\u00f3n con la CODEQ: Mara Lezama"},"content":{"rendered":"<p>&nbsp;<\/p>\n<p>&#8211; La Gobernadora resalt\u00f3 que las y los deportistas cuentan con todo el apoyo del Gobierno del Estado para impulsarlos y que se ponga a Quintana Roo en los ojos del mundo<\/p>\n<p><a href=\"https:\/\/l21.mx\/wp-content\/uploads\/2023\/11\/WhatsApp-Image-2023-11-27-at-8.23.59-AM.jpeg\" data-rel=\"penci-gallery-image-content\" ><img fetchpriority=\"high\" decoding=\"async\" class=\"alignnone size-medium wp-image-65456\" src=\"https:\/\/l21.mx\/wp-content\/uploads\/2023\/11\/WhatsApp-Image-2023-11-27-at-8.23.59-AM-300x200.jpeg\" alt=\"\" width=\"300\" height=\"200\" srcset=\"https:\/\/l21.mx\/wp-content\/uploads\/2023\/11\/WhatsApp-Image-2023-11-27-at-8.23.59-AM-300x200.jpeg 300w, https:\/\/l21.mx\/wp-content\/uploads\/2023\/11\/WhatsApp-Image-2023-11-27-at-8.23.59-AM-1024x682.jpeg 1024w, https:\/\/l21.mx\/wp-content\/uploads\/2023\/11\/WhatsApp-Image-2023-11-27-at-8.23.59-AM-768x511.jpeg 768w, https:\/\/l21.mx\/wp-content\/uploads\/2023\/11\/WhatsApp-Image-2023-11-27-at-8.23.59-AM-1200x799.jpeg 1200w, https:\/\/l21.mx\/wp-content\/uploads\/2023\/11\/WhatsApp-Image-2023-11-27-at-8.23.59-AM-1170x779.jpeg 1170w, https:\/\/l21.mx\/wp-content\/uploads\/2023\/11\/WhatsApp-Image-2023-11-27-at-8.23.59-AM-585x389.jpeg 585w, https:\/\/l21.mx\/wp-content\/uploads\/2023\/11\/WhatsApp-Image-2023-11-27-at-8.23.59-AM-263x175.jpeg 263w, https:\/\/l21.mx\/wp-content\/uploads\/2023\/11\/WhatsApp-Image-2023-11-27-at-8.23.59-AM.jpeg 1280w\" sizes=\"(max-width: 300px) 100vw, 300px\" \/><\/a><\/p>\n<p>\u201cA partir de ahora, con el nacimiento de la Comisi\u00f3n del Deporte de Quintana Roo (CODEQ) estaremos construyendo una instituci\u00f3n especializada en garantizar espacios incluyentes para el deporte adaptado y para las mujeres, que promueva -de manera universal- la cultura f\u00edsica, el talento de nuestros atletas y el turismo deportivo\u201d expres\u00f3 la gobernadora Mara Lezama Espinosa.<\/p>\n<p>Dijo que para lograrlo se trabaj\u00f3 de manera conjunta con el Congreso del Estado donde se aprob\u00f3 la iniciativa de decreto para la transformaci\u00f3n de la Comisi\u00f3n para la Juventud y el Deporte de Quintana Roo (COJUDEQ) a Comisi\u00f3n del Deporte de Quintana Roo (CODEQ), presidida por Eric Arcila Arjona.<\/p>\n<p><a href=\"https:\/\/l21.mx\/wp-content\/uploads\/2023\/11\/WhatsApp-Image-2023-11-27-at-8.24.00-AM-1.jpeg\" data-rel=\"penci-gallery-image-content\" ><img decoding=\"async\" class=\"alignnone size-medium wp-image-65454\" src=\"https:\/\/l21.mx\/wp-content\/uploads\/2023\/11\/WhatsApp-Image-2023-11-27-at-8.24.00-AM-1-300x200.jpeg\" alt=\"\" width=\"300\" height=\"200\" srcset=\"https:\/\/l21.mx\/wp-content\/uploads\/2023\/11\/WhatsApp-Image-2023-11-27-at-8.24.00-AM-1-300x200.jpeg 300w, https:\/\/l21.mx\/wp-content\/uploads\/2023\/11\/WhatsApp-Image-2023-11-27-at-8.24.00-AM-1-1024x682.jpeg 1024w, https:\/\/l21.mx\/wp-content\/uploads\/2023\/11\/WhatsApp-Image-2023-11-27-at-8.24.00-AM-1-768x511.jpeg 768w, https:\/\/l21.mx\/wp-content\/uploads\/2023\/11\/WhatsApp-Image-2023-11-27-at-8.24.00-AM-1-1200x799.jpeg 1200w, https:\/\/l21.mx\/wp-content\/uploads\/2023\/11\/WhatsApp-Image-2023-11-27-at-8.24.00-AM-1-1170x779.jpeg 1170w, https:\/\/l21.mx\/wp-content\/uploads\/2023\/11\/WhatsApp-Image-2023-11-27-at-8.24.00-AM-1-585x389.jpeg 585w, https:\/\/l21.mx\/wp-content\/uploads\/2023\/11\/WhatsApp-Image-2023-11-27-at-8.24.00-AM-1-263x175.jpeg 263w, https:\/\/l21.mx\/wp-content\/uploads\/2023\/11\/WhatsApp-Image-2023-11-27-at-8.24.00-AM-1.jpeg 1280w\" sizes=\"(max-width: 300px) 100vw, 300px\" \/><\/a><\/p>\n<p>\u201cCon la Ley Estatal de Cultura F\u00edsica y Deporte, la Ley de la Juventud, la Ley para la Igualdad entre Mujeres y Hombres del Estado de Quintana Roo, ahora tendremos mejores herramientas para incluir actividades y personas que por restricciones legales no pod\u00edan ser debidamente atendidas y ahora ser\u00e1 una realidad con la CODEQ\u201d, explic\u00f3.<\/p>\n<p>Mara Lezama puntualiz\u00f3 que con estos cambios que atienden el Nuevo Acuerdo por el Bienestar y Desarrollo de Quintana Roo se lograr\u00e1 que el deporte sea accesible para todas y todos sin distinci\u00f3n.<\/p>\n<p>Por su parte, Eric Arcila destac\u00f3 que gracias a esta reforma que se trabaj\u00f3 durante m\u00e1s de un a\u00f1o y ahora desde la CODEQ se trabaja en profundizar en la transformaci\u00f3n del deporte para seguir mejorando los resultados hist\u00f3ricos de los atletas para que pongan a Quintana Roo en los ojos del mundo entero.<\/p>\n<p><a href=\"https:\/\/l21.mx\/wp-content\/uploads\/2023\/11\/WhatsApp-Image-2023-11-27-at-8.24.01-AM.jpeg\" data-rel=\"penci-gallery-image-content\" ><img decoding=\"async\" class=\"alignnone size-medium wp-image-65453\" src=\"https:\/\/l21.mx\/wp-content\/uploads\/2023\/11\/WhatsApp-Image-2023-11-27-at-8.24.01-AM-200x300.jpeg\" alt=\"\" width=\"200\" height=\"300\" srcset=\"https:\/\/l21.mx\/wp-content\/uploads\/2023\/11\/WhatsApp-Image-2023-11-27-at-8.24.01-AM-200x300.jpeg 200w, https:\/\/l21.mx\/wp-content\/uploads\/2023\/11\/WhatsApp-Image-2023-11-27-at-8.24.01-AM-682x1024.jpeg 682w, https:\/\/l21.mx\/wp-content\/uploads\/2023\/11\/WhatsApp-Image-2023-11-27-at-8.24.01-AM-768x1154.jpeg 768w, https:\/\/l21.mx\/wp-content\/uploads\/2023\/11\/WhatsApp-Image-2023-11-27-at-8.24.01-AM-599x900.jpeg 599w, https:\/\/l21.mx\/wp-content\/uploads\/2023\/11\/WhatsApp-Image-2023-11-27-at-8.24.01-AM-585x879.jpeg 585w, https:\/\/l21.mx\/wp-content\/uploads\/2023\/11\/WhatsApp-Image-2023-11-27-at-8.24.01-AM.jpeg 852w\" sizes=\"(max-width: 200px) 100vw, 200px\" \/><\/a><\/p>\n<p>Entre los principales objetivos resalta crear \u00e1reas espec\u00edficas para atender el deporte adaptado y el deporte popular, las cuales no estaban consideradas; tambi\u00e9n se propone crear y proliferar un semillero de atletas a fin de que se consoliden en las diversas disciplinas deportivas; y adem\u00e1s, priorizar la pr\u00e1ctica del turismo deportivo en la entidad, promoviendo el estado como sede deportiva a nivel nacional e internacional.<\/p>\n","protected":false},"excerpt":{"rendered":"<p>&nbsp; &#8211; La Gobernadora resalt\u00f3 que las y los deportistas cuentan con todo el apoyo del&hellip;<\/p>\n","protected":false},"author":100,"featured_media":65455,"comment_status":"closed","ping_status":"closed","sticky":false,"template":"","format":"standard","meta":{"_acf_changed":false,"_lmt_disableupdate":"","_lmt_disable":"","_mbp_gutenberg_autopost":false,"footnotes":""},"categories":[1689,23],"tags":[],"class_list":["post-65452","post","type-post","status-publish","format-standard","has-post-thumbnail","hentry","category-deporte-y-salud","category-noticias"],"acf":[],"_links":{"self":[{"href":"https:\/\/l21.mx\/index.php?rest_route=\/wp\/v2\/posts\/65452","targetHints":{"allow":["GET"]}}],"collection":[{"href":"https:\/\/l21.mx\/index.php?rest_route=\/wp\/v2\/posts"}],"about":[{"href":"https:\/\/l21.mx\/index.php?rest_route=\/wp\/v2\/types\/post"}],"author":[{"embeddable":true,"href":"https:\/\/l21.mx\/index.php?rest_route=\/wp\/v2\/users\/100"}],"replies":[{"embeddable":true,"href":"https:\/\/l21.mx\/index.php?rest_route=%2Fwp%2Fv2%2Fcomments&post=65452"}],"version-history":[{"count":0,"href":"https:\/\/l21.mx\/index.php?rest_route=\/wp\/v2\/posts\/65452\/revisions"}],"wp:featuredmedia":[{"embeddable":true,"href":"https:\/\/l21.mx\/index.php?rest_route=\/wp\/v2\/media\/65455"}],"wp:attachment":[{"href":"https:\/\/l21.mx\/index.php?rest_route=%2Fwp%2Fv2%2Fmedia&parent=65452"}],"wp:term":[{"taxonomy":"category","embeddable":true,"href":"https:\/\/l21.mx\/index.php?rest_route=%2Fwp%2Fv2%2Fcategories&post=65452"},{"taxonomy":"post_tag","embeddable":true,"href":"https:\/\/l21.mx\/index.php?rest_route=%2Fwp%2Fv2%2Ftags&post=65452"}],"curies":[{"name":"wp","href":"https:\/\/api.w.org\/{rel}","templated":true}]}}