{"id":65491,"date":"2023-11-27T13:37:10","date_gmt":"2023-11-27T18:37:10","guid":{"rendered":"https:\/\/l21.mx\/?p=65491"},"modified":"2023-11-27T13:37:10","modified_gmt":"2023-11-27T18:37:10","slug":"the-dolphin-company-en-el-topamerica-2023","status":"publish","type":"post","link":"https:\/\/l21.mx\/?p=65491","title":{"rendered":"The Dolphin Company, en el Top+Am\u00e9rica 2023"},"content":{"rendered":"<p><strong>\u00a0<\/strong><\/p>\n<p><strong><em>Canc\u00fan, Quintana Roo a 27 de noviembre, 2023.- <\/em>The Dolphin Company<\/strong>, operador de parques de presencia mundial, fue reconocido por el <strong>Ranking TOP+Am\u00e9rcia 2023 Empresas Culturalmente Poderosas<\/strong> de <strong>Top Companies<\/strong>, ocupando el puesto #24 gracias su compromiso con el capital humano, convirti\u00e9ndola en una de las empresas m\u00e1s importantes de Latinoam\u00e9rica de acuerdo con las revistas El Economista, Vida y \u00c9xito y Factor de \u00c9xito.<\/p>\n<p><a href=\"https:\/\/l21.mx\/wp-content\/uploads\/2023\/11\/WhatsApp-Image-2023-11-27-at-1.30.34-PM.jpeg\" data-rel=\"penci-gallery-image-content\" ><img fetchpriority=\"high\" decoding=\"async\" class=\"alignnone size-medium wp-image-65493\" src=\"https:\/\/l21.mx\/wp-content\/uploads\/2023\/11\/WhatsApp-Image-2023-11-27-at-1.30.34-PM-300x200.jpeg\" alt=\"\" width=\"300\" height=\"200\" srcset=\"https:\/\/l21.mx\/wp-content\/uploads\/2023\/11\/WhatsApp-Image-2023-11-27-at-1.30.34-PM-300x200.jpeg 300w, https:\/\/l21.mx\/wp-content\/uploads\/2023\/11\/WhatsApp-Image-2023-11-27-at-1.30.34-PM-1024x682.jpeg 1024w, https:\/\/l21.mx\/wp-content\/uploads\/2023\/11\/WhatsApp-Image-2023-11-27-at-1.30.34-PM-768x512.jpeg 768w, https:\/\/l21.mx\/wp-content\/uploads\/2023\/11\/WhatsApp-Image-2023-11-27-at-1.30.34-PM-1536x1023.jpeg 1536w, https:\/\/l21.mx\/wp-content\/uploads\/2023\/11\/WhatsApp-Image-2023-11-27-at-1.30.34-PM-1200x800.jpeg 1200w, https:\/\/l21.mx\/wp-content\/uploads\/2023\/11\/WhatsApp-Image-2023-11-27-at-1.30.34-PM-1170x780.jpeg 1170w, https:\/\/l21.mx\/wp-content\/uploads\/2023\/11\/WhatsApp-Image-2023-11-27-at-1.30.34-PM-585x390.jpeg 585w, https:\/\/l21.mx\/wp-content\/uploads\/2023\/11\/WhatsApp-Image-2023-11-27-at-1.30.34-PM-263x175.jpeg 263w, https:\/\/l21.mx\/wp-content\/uploads\/2023\/11\/WhatsApp-Image-2023-11-27-at-1.30.34-PM.jpeg 1600w\" sizes=\"(max-width: 300px) 100vw, 300px\" \/><\/a><\/p>\n<p>Las empresas que conforman el <strong>Ranking TOP+Am\u00e9rica<\/strong> de <strong>Top Companies<\/strong> son elegidas de entre aquellas que pertenecen al Ranking S\u00faper Empresas, el cual es difundido por la Revista Expansi\u00f3n y a trav\u00e9s de los comentarios de los colaboradores, califica aspectos de cultura como desarrollo personal y profesional, motivaci\u00f3n, productividad, inclusi\u00f3n, entre otros; y de clima organizacional como condiciones de trabajo, compensaciones y seguridad laboral.<\/p>\n<p><a href=\"https:\/\/l21.mx\/wp-content\/uploads\/2023\/11\/WhatsApp-Image-2023-11-27-at-1.30.35-PM.jpeg\" data-rel=\"penci-gallery-image-content\" ><img decoding=\"async\" class=\"alignnone size-medium wp-image-65495\" src=\"https:\/\/l21.mx\/wp-content\/uploads\/2023\/11\/WhatsApp-Image-2023-11-27-at-1.30.35-PM-300x225.jpeg\" alt=\"\" width=\"300\" height=\"225\" srcset=\"https:\/\/l21.mx\/wp-content\/uploads\/2023\/11\/WhatsApp-Image-2023-11-27-at-1.30.35-PM-300x225.jpeg 300w, https:\/\/l21.mx\/wp-content\/uploads\/2023\/11\/WhatsApp-Image-2023-11-27-at-1.30.35-PM-1024x768.jpeg 1024w, https:\/\/l21.mx\/wp-content\/uploads\/2023\/11\/WhatsApp-Image-2023-11-27-at-1.30.35-PM-768x576.jpeg 768w, https:\/\/l21.mx\/wp-content\/uploads\/2023\/11\/WhatsApp-Image-2023-11-27-at-1.30.35-PM-1536x1152.jpeg 1536w, https:\/\/l21.mx\/wp-content\/uploads\/2023\/11\/WhatsApp-Image-2023-11-27-at-1.30.35-PM-1200x900.jpeg 1200w, https:\/\/l21.mx\/wp-content\/uploads\/2023\/11\/WhatsApp-Image-2023-11-27-at-1.30.35-PM-1170x878.jpeg 1170w, https:\/\/l21.mx\/wp-content\/uploads\/2023\/11\/WhatsApp-Image-2023-11-27-at-1.30.35-PM-585x439.jpeg 585w, https:\/\/l21.mx\/wp-content\/uploads\/2023\/11\/WhatsApp-Image-2023-11-27-at-1.30.35-PM.jpeg 1600w\" sizes=\"(max-width: 300px) 100vw, 300px\" \/><\/a><\/p>\n<p><em>\u201cLa presencia de la familia <strong>The Dolphin Company<\/strong> en el <strong>Ranking TOP+Am\u00e9rcia 2023<\/strong> es el reflejo de la voz de nuestros asociados y asociadas de Estados Unidos, el Caribe y Argentina, que participaron en la encuesta. Para nosotros es muy gratificante ver que nuestro esfuerzo continuo por innovar y preservar el \u2018Dolphin Way\u2019 est\u00e1 dando frutos, estamos comprometidos con nuestros colaboradores\u00a0 y continuaremos brind\u00e1ndoles un ambiente de bienestar personal y profesional en el que todos quieran trabajar, al final, pasan m\u00e1s tiempo en su trabajo que en su casa, y como menciona nuestro aliado en bienestar laboral la empresa Universal Wellness \u2013que seas tan feliz que no sepas si sue\u00f1as o trabajas-\u201d<\/em>, coment\u00f3 <strong>Valeria Albor<\/strong>, <strong>Directora Corporativa <\/strong>de <strong>The Dolphin Company<\/strong>.<\/p>\n<p><a href=\"https:\/\/l21.mx\/wp-content\/uploads\/2023\/11\/WhatsApp-Image-2023-11-27-at-1.30.35-PM-1.jpeg\" data-rel=\"penci-gallery-image-content\" ><img decoding=\"async\" class=\"alignnone size-medium wp-image-65494\" src=\"https:\/\/l21.mx\/wp-content\/uploads\/2023\/11\/WhatsApp-Image-2023-11-27-at-1.30.35-PM-1-300x200.jpeg\" alt=\"\" width=\"300\" height=\"200\" srcset=\"https:\/\/l21.mx\/wp-content\/uploads\/2023\/11\/WhatsApp-Image-2023-11-27-at-1.30.35-PM-1-300x200.jpeg 300w, https:\/\/l21.mx\/wp-content\/uploads\/2023\/11\/WhatsApp-Image-2023-11-27-at-1.30.35-PM-1-1024x683.jpeg 1024w, https:\/\/l21.mx\/wp-content\/uploads\/2023\/11\/WhatsApp-Image-2023-11-27-at-1.30.35-PM-1-768x512.jpeg 768w, https:\/\/l21.mx\/wp-content\/uploads\/2023\/11\/WhatsApp-Image-2023-11-27-at-1.30.35-PM-1-585x390.jpeg 585w, https:\/\/l21.mx\/wp-content\/uploads\/2023\/11\/WhatsApp-Image-2023-11-27-at-1.30.35-PM-1-263x175.jpeg 263w, https:\/\/l21.mx\/wp-content\/uploads\/2023\/11\/WhatsApp-Image-2023-11-27-at-1.30.35-PM-1.jpeg 1080w\" sizes=\"(max-width: 300px) 100vw, 300px\" \/><\/a><\/p>\n<p><strong>The Dolphin Company<\/strong> ha sido reconocida por 11 a\u00f1os consecutivos como una S\u00faper Empresa y es la primera vez que figura en el <strong>Ranking TOP+Am\u00e9rica<\/strong>, gracias a que su cultura organizacional se ha permeado hacia los parques, h\u00e1bitats y marinas de su familia en otros pa\u00edses como Estados Unidos, Jamaica, Grand Cayman, St. Kitts &amp; Nevis, Rep\u00fablica Dominicana y Argentina. A lo largo de sus m\u00e1s de 28 a\u00f1os de existencia, la empresa ha demostrado un compromiso integral con sus colaboradores, comunidad de los lugares donde tiene presencia, grupos vulnerables, medio ambiente y hu\u00e9spedes que visitan sus parques, h\u00e1bitats y marinas alrededor del mundo.<\/p>\n","protected":false},"excerpt":{"rendered":"<p>\u00a0 Canc\u00fan, Quintana Roo a 27 de noviembre, 2023.- The Dolphin Company, operador de parques de&hellip;<\/p>\n","protected":false},"author":100,"featured_media":65492,"comment_status":"closed","ping_status":"closed","sticky":false,"template":"","format":"standard","meta":{"_acf_changed":false,"_lmt_disableupdate":"","_lmt_disable":"","_mbp_gutenberg_autopost":false,"footnotes":""},"categories":[4,23,1656],"tags":[],"class_list":["post-65491","post","type-post","status-publish","format-standard","has-post-thumbnail","hentry","category-empresas-y-negocios","category-noticias","category-quintana-roo"],"acf":[],"_links":{"self":[{"href":"https:\/\/l21.mx\/index.php?rest_route=\/wp\/v2\/posts\/65491","targetHints":{"allow":["GET"]}}],"collection":[{"href":"https:\/\/l21.mx\/index.php?rest_route=\/wp\/v2\/posts"}],"about":[{"href":"https:\/\/l21.mx\/index.php?rest_route=\/wp\/v2\/types\/post"}],"author":[{"embeddable":true,"href":"https:\/\/l21.mx\/index.php?rest_route=\/wp\/v2\/users\/100"}],"replies":[{"embeddable":true,"href":"https:\/\/l21.mx\/index.php?rest_route=%2Fwp%2Fv2%2Fcomments&post=65491"}],"version-history":[{"count":0,"href":"https:\/\/l21.mx\/index.php?rest_route=\/wp\/v2\/posts\/65491\/revisions"}],"wp:featuredmedia":[{"embeddable":true,"href":"https:\/\/l21.mx\/index.php?rest_route=\/wp\/v2\/media\/65492"}],"wp:attachment":[{"href":"https:\/\/l21.mx\/index.php?rest_route=%2Fwp%2Fv2%2Fmedia&parent=65491"}],"wp:term":[{"taxonomy":"category","embeddable":true,"href":"https:\/\/l21.mx\/index.php?rest_route=%2Fwp%2Fv2%2Fcategories&post=65491"},{"taxonomy":"post_tag","embeddable":true,"href":"https:\/\/l21.mx\/index.php?rest_route=%2Fwp%2Fv2%2Ftags&post=65491"}],"curies":[{"name":"wp","href":"https:\/\/api.w.org\/{rel}","templated":true}]}}