{"id":65541,"date":"2023-11-28T15:37:26","date_gmt":"2023-11-28T20:37:26","guid":{"rendered":"https:\/\/l21.mx\/?p=65541"},"modified":"2023-11-28T15:37:26","modified_gmt":"2023-11-28T20:37:26","slug":"gobierno-de-solidaridad-mejora-calidad-de-vida-de-personas-con-perdida-auditiva","status":"publish","type":"post","link":"https:\/\/l21.mx\/?p=65541","title":{"rendered":"Gobierno de Solidaridad mejora calidad de vida de personas con p\u00e9rdida auditiva"},"content":{"rendered":"<p>&nbsp;<\/p>\n<p>\u2022 A trav\u00e9s del DIF Municipal, el gobierno que encabeza la presidenta Lili Campos, inici\u00f3 la entrega de 40 aparatos auxiliares a 21 pacientes con hipoacusia lateral y bilateral<\/p>\n<p><a href=\"https:\/\/l21.mx\/wp-content\/uploads\/2023\/11\/WhatsApp-Image-2023-11-28-at-3.08.14-PM.jpeg\" data-rel=\"penci-gallery-image-content\" ><img fetchpriority=\"high\" decoding=\"async\" class=\"alignnone size-medium wp-image-65544\" src=\"https:\/\/l21.mx\/wp-content\/uploads\/2023\/11\/WhatsApp-Image-2023-11-28-at-3.08.14-PM-300x169.jpeg\" alt=\"\" width=\"300\" height=\"169\" srcset=\"https:\/\/l21.mx\/wp-content\/uploads\/2023\/11\/WhatsApp-Image-2023-11-28-at-3.08.14-PM-300x169.jpeg 300w, https:\/\/l21.mx\/wp-content\/uploads\/2023\/11\/WhatsApp-Image-2023-11-28-at-3.08.14-PM-1024x575.jpeg 1024w, https:\/\/l21.mx\/wp-content\/uploads\/2023\/11\/WhatsApp-Image-2023-11-28-at-3.08.14-PM-768x431.jpeg 768w, https:\/\/l21.mx\/wp-content\/uploads\/2023\/11\/WhatsApp-Image-2023-11-28-at-3.08.14-PM-1200x674.jpeg 1200w, https:\/\/l21.mx\/wp-content\/uploads\/2023\/11\/WhatsApp-Image-2023-11-28-at-3.08.14-PM-1170x663.jpeg 1170w, https:\/\/l21.mx\/wp-content\/uploads\/2023\/11\/WhatsApp-Image-2023-11-28-at-3.08.14-PM-585x329.jpeg 585w, https:\/\/l21.mx\/wp-content\/uploads\/2023\/11\/WhatsApp-Image-2023-11-28-at-3.08.14-PM.jpeg 1280w\" sizes=\"(max-width: 300px) 100vw, 300px\" \/><\/a><\/p>\n<p>Playa del Carmen, Quintana Roo, a 28 de noviembre del 2023.- En el marco de las acciones para generar mayor calidad de vida a las familias, el gobierno de Solidaridad que encabeza la presidenta Lili Campos, a trav\u00e9s del Sistema DIF Municipal, comenz\u00f3 con la entrega de 40 auxiliares auditivos a personas con hipoacusia (sordera).<\/p>\n<p>El presidente honorario del Sistema DIF Solidaridad, Cuauht\u00e9moc Escobedo Campos expres\u00f3 que es del inter\u00e9s de la presidenta municipal llegar a las familias en situaci\u00f3n de vulnerabilidad, y en el caso de las personas con discapacidad, el compromiso es que tengan acceso a servicios de calidad.<\/p>\n<p>\u201cEs un gusto saber que se puedan enfocar los recursos para ayudar a las personas que m\u00e1s lo necesitan, agradeciendo su confianza y decirles que seguiremos trabajando con alma, vida y coraz\u00f3n para las familias de Solidaridad\u201d, destac\u00f3.<\/p>\n<p><a href=\"https:\/\/l21.mx\/wp-content\/uploads\/2023\/11\/WhatsApp-Image-2023-11-28-at-3.08.15-PM-1.jpeg\" data-rel=\"penci-gallery-image-content\" ><img decoding=\"async\" class=\"alignnone size-medium wp-image-65542\" src=\"https:\/\/l21.mx\/wp-content\/uploads\/2023\/11\/WhatsApp-Image-2023-11-28-at-3.08.15-PM-1-300x169.jpeg\" alt=\"\" width=\"300\" height=\"169\" srcset=\"https:\/\/l21.mx\/wp-content\/uploads\/2023\/11\/WhatsApp-Image-2023-11-28-at-3.08.15-PM-1-300x169.jpeg 300w, https:\/\/l21.mx\/wp-content\/uploads\/2023\/11\/WhatsApp-Image-2023-11-28-at-3.08.15-PM-1-1024x575.jpeg 1024w, https:\/\/l21.mx\/wp-content\/uploads\/2023\/11\/WhatsApp-Image-2023-11-28-at-3.08.15-PM-1-768x431.jpeg 768w, https:\/\/l21.mx\/wp-content\/uploads\/2023\/11\/WhatsApp-Image-2023-11-28-at-3.08.15-PM-1-1200x674.jpeg 1200w, https:\/\/l21.mx\/wp-content\/uploads\/2023\/11\/WhatsApp-Image-2023-11-28-at-3.08.15-PM-1-1170x663.jpeg 1170w, https:\/\/l21.mx\/wp-content\/uploads\/2023\/11\/WhatsApp-Image-2023-11-28-at-3.08.15-PM-1-585x329.jpeg 585w, https:\/\/l21.mx\/wp-content\/uploads\/2023\/11\/WhatsApp-Image-2023-11-28-at-3.08.15-PM-1.jpeg 1280w\" sizes=\"(max-width: 300px) 100vw, 300px\" \/><\/a><\/p>\n<p>En representaci\u00f3n de la presidenta municipal, el secretario de Justicia Social y Participaci\u00f3n Ciudadana, Santiago Ch\u00e1vez Marfil, que escuchar de nuevo con claridad la voz de pap\u00e1, mam\u00e1 o los hijos es algo invaluable que repercute en el estado de \u00e1nimo, la calidad de vida y la inclusi\u00f3n social.<\/p>\n<p>Con el apoyo de la Fundaci\u00f3n Microtia, las y los 20 pacientes beneficiados con dichos dispositivos, previamente pasaron por una serie de valoraciones y estudios para determinar el nivel de p\u00e9rdida de la audici\u00f3n, posteriormente recibieron un curso para el correcto uso y mantenimiento de los aparatos.<\/p>\n","protected":false},"excerpt":{"rendered":"<p>&nbsp; \u2022 A trav\u00e9s del DIF Municipal, el gobierno que encabeza la presidenta Lili Campos, inici\u00f3&hellip;<\/p>\n","protected":false},"author":100,"featured_media":65543,"comment_status":"closed","ping_status":"closed","sticky":false,"template":"","format":"standard","meta":{"_acf_changed":false,"_lmt_disableupdate":"","_lmt_disable":"","_mbp_gutenberg_autopost":false,"footnotes":""},"categories":[1654],"tags":[],"class_list":["post-65541","post","type-post","status-publish","format-standard","has-post-thumbnail","hentry","category-solidaridad"],"acf":[],"_links":{"self":[{"href":"https:\/\/l21.mx\/index.php?rest_route=\/wp\/v2\/posts\/65541","targetHints":{"allow":["GET"]}}],"collection":[{"href":"https:\/\/l21.mx\/index.php?rest_route=\/wp\/v2\/posts"}],"about":[{"href":"https:\/\/l21.mx\/index.php?rest_route=\/wp\/v2\/types\/post"}],"author":[{"embeddable":true,"href":"https:\/\/l21.mx\/index.php?rest_route=\/wp\/v2\/users\/100"}],"replies":[{"embeddable":true,"href":"https:\/\/l21.mx\/index.php?rest_route=%2Fwp%2Fv2%2Fcomments&post=65541"}],"version-history":[{"count":0,"href":"https:\/\/l21.mx\/index.php?rest_route=\/wp\/v2\/posts\/65541\/revisions"}],"wp:featuredmedia":[{"embeddable":true,"href":"https:\/\/l21.mx\/index.php?rest_route=\/wp\/v2\/media\/65543"}],"wp:attachment":[{"href":"https:\/\/l21.mx\/index.php?rest_route=%2Fwp%2Fv2%2Fmedia&parent=65541"}],"wp:term":[{"taxonomy":"category","embeddable":true,"href":"https:\/\/l21.mx\/index.php?rest_route=%2Fwp%2Fv2%2Fcategories&post=65541"},{"taxonomy":"post_tag","embeddable":true,"href":"https:\/\/l21.mx\/index.php?rest_route=%2Fwp%2Fv2%2Ftags&post=65541"}],"curies":[{"name":"wp","href":"https:\/\/api.w.org\/{rel}","templated":true}]}}