{"id":65700,"date":"2023-12-01T10:54:02","date_gmt":"2023-12-01T15:54:02","guid":{"rendered":"https:\/\/l21.mx\/?p=65700"},"modified":"2023-12-01T10:54:02","modified_gmt":"2023-12-01T15:54:02","slug":"felices-fiestas-el-ultimo-kilometro","status":"publish","type":"post","link":"https:\/\/l21.mx\/?p=65700","title":{"rendered":"\u00a1Felices fiestas!&#8230;\u00a0  El \u00faltimo kil\u00f3metro"},"content":{"rendered":"<ul>\n<li><b>Desde el camerino<\/b><\/li>\n<li><b>Alejandro Rosel<\/b><\/li>\n<li>Comunicador y conductor<\/li>\n<li>Twitter: @AlejandroRosel7<\/li>\n<\/ul>\n<p>&nbsp;<\/p>\n<p><b>Para: EMDI Y PRC, MI AMOR INFINITO<\/b><\/p>\n<p><b>L<\/b>legamos a diciembre, y con ello este 2023 pr\u00e1cticamente se ha ido. Deseo a todos lo mejor este fin de a\u00f1o y que puedan disfrutar en familia&#8230; En Quintana Roo se present\u00f3 el proyecto de Presupuesto de Ingresos y Egresos para 2024, por 47 mil 352 millones, 603 mil 524 pesos, que de acuerdo con <b>Eugenio Segura<\/b>, secretario de Finanzas, priorizar\u00e1 los sectores sociales m\u00e1s desprotegidos. Otro tema importante es el proceso electoral 2024, donde elegiremos titular del Ejecutivo Federal, diputados federales, estatales, senadores y presidentes municipales, estos \u00faltimos quiz\u00e1 con reelecci\u00f3n.<b> Ana Paty Peralta<\/b>, en Canc\u00fan, ya expres\u00f3 su intenci\u00f3n de participar en el proceso interno de su partido; no tiene a nadie enfrente que pueda hacerle sombra, y de los otros partidos, tampoco. <b>Eduardo Mart\u00ednez Arcila<\/b> ha dicho que quiere, aunque luego de alg\u00fan tiempo lejos de la vida p\u00fablica, dif\u00edcilmente le alcancen los n\u00fameros. Adem\u00e1s de <b>Ana Paty, Atenea G\u00f3mez, Blanca Merari, Lili Campos, Diego Casta\u00f1\u00f3n, Yenssuni Mart\u00ednez y Juanita Alonso,<\/b> se separar\u00e1n del cargo para participar en este proceso electoral\u2026 Lo sucedido en el Sindicato de Taxistas de Canc\u00fan fue hist\u00f3rico, todo se apostaba a que ganara otra planilla y al final el gremio decidi\u00f3 por <b>Rub\u00e9n Carrillo<\/b>. Conoce muy bien el gremio y lo que le duele, sabe lo que hay que hacer y lo que va a costar hacerlo; sobre todo, deja a Uber atr\u00e1s para concentrarse en ellos y<span class=\"Apple-converted-space\">\u00a0 <\/span>lo que tienen que hacer para ganarse la confianza de la ciudadan\u00eda.<\/p>\n<p>En el Senado de la Rep\u00fablica quieren sacar a como d\u00e9 lugar una reforma a la Ley de Bienestar Animal y Vida Silvestre que busca desaparecer a los delfinarios y la reproducci\u00f3n total de los mam\u00edferos marinos bajo cuidado humano, que dicho sea de paso, la mayor\u00eda de los delfinarios de nuestro pa\u00eds est\u00e1n en Quintana Roo. Con ello, se perder\u00edan 5 mil empleos directos y de manera indirecta 15 mil familias ser\u00edan afectadas. Sin conocer lo que ocurre en los delfinarios, buscan hacer lo que hicieron con los circos: prohibieron animales y fueron entregados a otros espacios, donde la mayor\u00eda muri\u00f3. En el caso de los delfinarios, m\u00e1s all\u00e1 de espect\u00e1culo, son centros de conservaci\u00f3n y de estudio; han obtenido reconocimientos a nivel internacional por sus aportaciones a la preservaci\u00f3n y conocimiento de las especies. Por Quintana Roo, nuestras dos senadoras, <b>Mayuli Mart\u00ednez <\/b>y <b>Marybel Villegas<\/b> han buscado que esta reforma enviada por la C\u00e1mara de Diputados no se d\u00e9 al vapor y hacer el an\u00e1lisis correcto. Pero no han tenido \u00e9xito. \u00bfY el senador Pech? En campa\u00f1a, que es lo \u00fanico que le interesa. Deber\u00edan los senadores acercarse al gremio; que vengan a Quintana Roo y conozcan de cerca lo que sucede, s\u00f3lo as\u00ed ser\u00e1 justa la decisi\u00f3n. Mi solidaridad con el gremio\u2026. Felicidades a la familia Hilton y a Grupo Tortuga que abrieron una nueva propiedad en la Zona Hotelera de Canc\u00fan, con una interesante experiencia para toda la familia\u2026 Noviembre fue un mes importante para<b> Arturo Medina<\/b> y un servidor, cumplimos un a\u00f1o de programas de El Rosticero y estamos muy contentos, pero sobre todo muy agradecidos con su preferencia. Les invitamos a que nos sigan acompa\u00f1ando todas las semanas a trav\u00e9s de Facebook, YouTube y Spotify. Gracias a los hermanos Aguilar, por la fiesta de aniversario. Que el camino sea divertido y exitoso. Hasta la pr\u00f3xima. #EMDI #PRC.<span class=\"Apple-converted-space\">\u00a0<\/span><\/p>\n","protected":false},"excerpt":{"rendered":"<p>Desde el camerino Alejandro Rosel Comunicador y conductor Twitter: @AlejandroRosel7 &nbsp; Para: EMDI Y PRC, MI&hellip;<\/p>\n","protected":false},"author":95,"featured_media":49562,"comment_status":"closed","ping_status":"closed","sticky":false,"template":"","format":"standard","meta":{"_acf_changed":false,"_lmt_disableupdate":"","_lmt_disable":"","_mbp_gutenberg_autopost":false,"footnotes":""},"categories":[1008],"tags":[],"class_list":["post-65700","post","type-post","status-publish","format-standard","has-post-thumbnail","hentry","category-alejandro-rosel"],"acf":[],"_links":{"self":[{"href":"https:\/\/l21.mx\/index.php?rest_route=\/wp\/v2\/posts\/65700","targetHints":{"allow":["GET"]}}],"collection":[{"href":"https:\/\/l21.mx\/index.php?rest_route=\/wp\/v2\/posts"}],"about":[{"href":"https:\/\/l21.mx\/index.php?rest_route=\/wp\/v2\/types\/post"}],"author":[{"embeddable":true,"href":"https:\/\/l21.mx\/index.php?rest_route=\/wp\/v2\/users\/95"}],"replies":[{"embeddable":true,"href":"https:\/\/l21.mx\/index.php?rest_route=%2Fwp%2Fv2%2Fcomments&post=65700"}],"version-history":[{"count":0,"href":"https:\/\/l21.mx\/index.php?rest_route=\/wp\/v2\/posts\/65700\/revisions"}],"wp:featuredmedia":[{"embeddable":true,"href":"https:\/\/l21.mx\/index.php?rest_route=\/wp\/v2\/media\/49562"}],"wp:attachment":[{"href":"https:\/\/l21.mx\/index.php?rest_route=%2Fwp%2Fv2%2Fmedia&parent=65700"}],"wp:term":[{"taxonomy":"category","embeddable":true,"href":"https:\/\/l21.mx\/index.php?rest_route=%2Fwp%2Fv2%2Fcategories&post=65700"},{"taxonomy":"post_tag","embeddable":true,"href":"https:\/\/l21.mx\/index.php?rest_route=%2Fwp%2Fv2%2Ftags&post=65700"}],"curies":[{"name":"wp","href":"https:\/\/api.w.org\/{rel}","templated":true}]}}