{"id":65955,"date":"2023-12-01T12:44:40","date_gmt":"2023-12-01T17:44:40","guid":{"rendered":"https:\/\/l21.mx\/?p=65955"},"modified":"2023-12-01T12:44:40","modified_gmt":"2023-12-01T17:44:40","slug":"gremio-empresarial-solido","status":"publish","type":"post","link":"https:\/\/l21.mx\/?p=65955","title":{"rendered":"Gremio empresarial s\u00f3lido"},"content":{"rendered":"<p>&nbsp;<\/p>\n<p>El Consejo Coordinador Empresarial del Caribe (CCE), organismo que ha sido fundamental en el desarrollo econ\u00f3mico de Quintana Roo, celebr\u00f3 su 25 aniversario en una gala a la que asistieron sus exdirigentes, afiliados y amigos.<\/p>\n<p>Cristina Alcayaga, primera mujer en presidir esta c\u00e1mara empresarial, destac\u00f3 el papel fundamental que ha desempe\u00f1ado este gremio y enfatiz\u00f3 el compromiso del CCE como observador privilegiado de los notables cambios que ha experimentado M\u00e9xico, consolid\u00e1ndose como una de las principales econom\u00edas mundiales. Expres\u00f3 la importancia de adaptarse a la encrucijada actual, destacando proyectos emblem\u00e1ticos como el Tren Maya y el significativo aumento en infraestructura y obras p\u00fablicas como se\u00f1ales tangibles de progreso. \u201cEn el ADN del CCE del Caribe late la esencia del emprendimiento, siempre acompa\u00f1ado por un compromiso inquebrantable con la preservaci\u00f3n de la naturaleza y el respeto a los derechos humanos\u201d, afirm\u00f3.<\/p>\n<p><a href=\"https:\/\/l21.mx\/wp-content\/uploads\/2023\/12\/Gremio-solido-2.jpg\" data-rel=\"penci-gallery-image-content\" ><img fetchpriority=\"high\" decoding=\"async\" class=\"alignnone size-medium wp-image-65905\" src=\"https:\/\/l21.mx\/wp-content\/uploads\/2023\/12\/Gremio-solido-2-300x200.jpg\" alt=\"\" width=\"300\" height=\"200\" srcset=\"https:\/\/l21.mx\/wp-content\/uploads\/2023\/12\/Gremio-solido-2-300x200.jpg 300w, https:\/\/l21.mx\/wp-content\/uploads\/2023\/12\/Gremio-solido-2-1024x682.jpg 1024w, https:\/\/l21.mx\/wp-content\/uploads\/2023\/12\/Gremio-solido-2-768x511.jpg 768w, https:\/\/l21.mx\/wp-content\/uploads\/2023\/12\/Gremio-solido-2-1200x799.jpg 1200w, https:\/\/l21.mx\/wp-content\/uploads\/2023\/12\/Gremio-solido-2-1170x779.jpg 1170w, https:\/\/l21.mx\/wp-content\/uploads\/2023\/12\/Gremio-solido-2-585x390.jpg 585w, https:\/\/l21.mx\/wp-content\/uploads\/2023\/12\/Gremio-solido-2-263x175.jpg 263w, https:\/\/l21.mx\/wp-content\/uploads\/2023\/12\/Gremio-solido-2.jpg 1500w\" sizes=\"(max-width: 300px) 100vw, 300px\" \/><\/a><\/p>\n<p>Durante el evento, se proyect\u00f3 un emotivo video con mensajes de expresidentes del CCE, entre ellos Guillermo Mart\u00ednez, Artemio Santos, Carlos Constandse, Orlando Arroyo, Rodrigo de la Pe\u00f1a, Luis C\u00e1mara, Arturo Peniche, Inna German e Iv\u00e1n Ferrat.<\/p>\n<p>Eduardo Mart\u00ednez Gonz\u00e1lez, actual presidente del organismo, destac\u00f3 la importancia de la colaboraci\u00f3n empresarial y el compromiso continuo con el desarrollo sostenible.<\/p>\n<p>&nbsp;<\/p>\n","protected":false},"excerpt":{"rendered":"<p>&nbsp; El Consejo Coordinador Empresarial del Caribe (CCE), organismo que ha sido fundamental en el desarrollo&hellip;<\/p>\n","protected":false},"author":100,"featured_media":65904,"comment_status":"closed","ping_status":"closed","sticky":false,"template":"","format":"standard","meta":{"_acf_changed":false,"_lmt_disableupdate":"","_lmt_disable":"","_mbp_gutenberg_autopost":false,"footnotes":""},"categories":[38],"tags":[],"class_list":["post-65955","post","type-post","status-publish","format-standard","has-post-thumbnail","hentry","category-en-la-21-y-otras-latitudes"],"acf":[],"_links":{"self":[{"href":"https:\/\/l21.mx\/index.php?rest_route=\/wp\/v2\/posts\/65955","targetHints":{"allow":["GET"]}}],"collection":[{"href":"https:\/\/l21.mx\/index.php?rest_route=\/wp\/v2\/posts"}],"about":[{"href":"https:\/\/l21.mx\/index.php?rest_route=\/wp\/v2\/types\/post"}],"author":[{"embeddable":true,"href":"https:\/\/l21.mx\/index.php?rest_route=\/wp\/v2\/users\/100"}],"replies":[{"embeddable":true,"href":"https:\/\/l21.mx\/index.php?rest_route=%2Fwp%2Fv2%2Fcomments&post=65955"}],"version-history":[{"count":0,"href":"https:\/\/l21.mx\/index.php?rest_route=\/wp\/v2\/posts\/65955\/revisions"}],"wp:featuredmedia":[{"embeddable":true,"href":"https:\/\/l21.mx\/index.php?rest_route=\/wp\/v2\/media\/65904"}],"wp:attachment":[{"href":"https:\/\/l21.mx\/index.php?rest_route=%2Fwp%2Fv2%2Fmedia&parent=65955"}],"wp:term":[{"taxonomy":"category","embeddable":true,"href":"https:\/\/l21.mx\/index.php?rest_route=%2Fwp%2Fv2%2Fcategories&post=65955"},{"taxonomy":"post_tag","embeddable":true,"href":"https:\/\/l21.mx\/index.php?rest_route=%2Fwp%2Fv2%2Ftags&post=65955"}],"curies":[{"name":"wp","href":"https:\/\/api.w.org\/{rel}","templated":true}]}}