{"id":65984,"date":"2023-12-01T15:46:01","date_gmt":"2023-12-01T20:46:01","guid":{"rendered":"https:\/\/l21.mx\/?p=65984"},"modified":"2023-12-01T15:46:01","modified_gmt":"2023-12-01T20:46:01","slug":"luchadores-quintanarroenses-listos-para-competir-en-el-clasificatorio-nacional-grand-prix","status":"publish","type":"post","link":"https:\/\/l21.mx\/?p=65984","title":{"rendered":"Luchadores quintanarroenses listos para competir en el Clasificatorio Nacional Grand Prix"},"content":{"rendered":"<p>&nbsp;<\/p>\n<p>Una delegaci\u00f3n de Quintana Roo de la disciplina de luchas asociadas, integrada por 15 atletas, viaj\u00f3 a la Ciudad de M\u00e9xico, para tomar parte en el Torneo Nacional de Clasificatorio Grand Prix \u201cTodos Estrellas 2023\u201d, que se disputar\u00e1 hasta el 3 de diciembre y que, adem\u00e1s, es un evento serial para integrar las Preselecciones Nacionales para el pr\u00f3ximo ciclo competitivo del 2024.<\/p>\n<p>Respaldados por el Gobierno de Quintana Roo a trav\u00e9s de la Comisi\u00f3n del Deporte de Quintana Roo (CODEQ), presidida Eric Arcila Arjona, el equipo quintanarroense se traslad\u00f3 para cumplir con el compromiso nacional, donde, adem\u00e1s, varios buscar\u00e1n integrarse a los preselectivos, para seguir siendo considerados para compromisos nacionales.<\/p>\n<p>Las y los 15 deportistas quintanarroenses tienen programado competir en las modalidades: Libre varonil, Libre femenil y Greco, teniendo como escenario el Centro Deportivo Ol\u00edmpico de M\u00e9xico (CDOM); cabe destacar que el selectivo lo complementan dos entrenadores y un \u00e1rbitro para esta justa, y se trata de un evento organizado y avalado por la Federaci\u00f3n de Medallistas de Luchas Asociados (FEMELA).<\/p>\n<p>Quintana Roo se har\u00e1 presente en esta competencia con representantes que lograron medallas de oro y son actuales campeones de los Nacionales CONADE 2023, entre los que resaltan, los chetumale\u00f1os Abraham \u201cOso\u201d Avalos Canul y Jos\u00e9 Fernando Bautista Sosa, as\u00ed como el oriundo de Felipe Carrillo Puerto, Adri\u00e1n Chan Canul.<\/p>\n<p>\u201cEste tipo de cert\u00e1menes ayuda en la preparaci\u00f3n de nuestras y nuestros atletas quintanarroenses, les ayuda a obtener fogueo y hay que resaltar que muchos de ellos tendr\u00e1n cambio de categor\u00eda, por lo que ser\u00e1 un ciclo exigente, pero confiamos que lograr\u00e1n meterse entre lo mejor del pa\u00eds y esto lo lograremos contando con el apoyo de nuestras autoridades estatales\u201d, coment\u00f3 Vianey Quijano, presidenta de la Asociaci\u00f3n Estatal de Luchas Asociadas.<\/p>\n","protected":false},"excerpt":{"rendered":"<p>&nbsp; Una delegaci\u00f3n de Quintana Roo de la disciplina de luchas asociadas, integrada por 15 atletas,&hellip;<\/p>\n","protected":false},"author":100,"featured_media":65985,"comment_status":"closed","ping_status":"closed","sticky":false,"template":"","format":"standard","meta":{"_acf_changed":false,"_lmt_disableupdate":"","_lmt_disable":"","_mbp_gutenberg_autopost":false,"footnotes":""},"categories":[1689],"tags":[],"class_list":["post-65984","post","type-post","status-publish","format-standard","has-post-thumbnail","hentry","category-deporte-y-salud"],"acf":[],"_links":{"self":[{"href":"https:\/\/l21.mx\/index.php?rest_route=\/wp\/v2\/posts\/65984","targetHints":{"allow":["GET"]}}],"collection":[{"href":"https:\/\/l21.mx\/index.php?rest_route=\/wp\/v2\/posts"}],"about":[{"href":"https:\/\/l21.mx\/index.php?rest_route=\/wp\/v2\/types\/post"}],"author":[{"embeddable":true,"href":"https:\/\/l21.mx\/index.php?rest_route=\/wp\/v2\/users\/100"}],"replies":[{"embeddable":true,"href":"https:\/\/l21.mx\/index.php?rest_route=%2Fwp%2Fv2%2Fcomments&post=65984"}],"version-history":[{"count":0,"href":"https:\/\/l21.mx\/index.php?rest_route=\/wp\/v2\/posts\/65984\/revisions"}],"wp:featuredmedia":[{"embeddable":true,"href":"https:\/\/l21.mx\/index.php?rest_route=\/wp\/v2\/media\/65985"}],"wp:attachment":[{"href":"https:\/\/l21.mx\/index.php?rest_route=%2Fwp%2Fv2%2Fmedia&parent=65984"}],"wp:term":[{"taxonomy":"category","embeddable":true,"href":"https:\/\/l21.mx\/index.php?rest_route=%2Fwp%2Fv2%2Fcategories&post=65984"},{"taxonomy":"post_tag","embeddable":true,"href":"https:\/\/l21.mx\/index.php?rest_route=%2Fwp%2Fv2%2Ftags&post=65984"}],"curies":[{"name":"wp","href":"https:\/\/api.w.org\/{rel}","templated":true}]}}