{"id":66049,"date":"2023-12-02T19:44:03","date_gmt":"2023-12-03T00:44:03","guid":{"rendered":"https:\/\/l21.mx\/?p=66049"},"modified":"2023-12-02T19:44:03","modified_gmt":"2023-12-03T00:44:03","slug":"realizan-encendido-navideno-en-puerto-morelos-y-leona-vicario","status":"publish","type":"post","link":"https:\/\/l21.mx\/?p=66049","title":{"rendered":"Realizan encendido navide\u00f1o en Puerto Morelos y Leona Vicario"},"content":{"rendered":"<p>*El prop\u00f3sito es preservar las tradiciones y fomentar la sana convivencia entre las familias del municipio<\/p>\n<p><a href=\"https:\/\/l21.mx\/wp-content\/uploads\/2023\/12\/WhatsApp-Image-2023-12-01-at-9.51.33-PM-1.jpeg\" data-rel=\"penci-gallery-image-content\" ><img fetchpriority=\"high\" decoding=\"async\" class=\"alignnone size-medium wp-image-66051\" src=\"https:\/\/l21.mx\/wp-content\/uploads\/2023\/12\/WhatsApp-Image-2023-12-01-at-9.51.33-PM-1-300x195.jpeg\" alt=\"\" width=\"300\" height=\"195\" srcset=\"https:\/\/l21.mx\/wp-content\/uploads\/2023\/12\/WhatsApp-Image-2023-12-01-at-9.51.33-PM-1-300x195.jpeg 300w, https:\/\/l21.mx\/wp-content\/uploads\/2023\/12\/WhatsApp-Image-2023-12-01-at-9.51.33-PM-1-1024x666.jpeg 1024w, https:\/\/l21.mx\/wp-content\/uploads\/2023\/12\/WhatsApp-Image-2023-12-01-at-9.51.33-PM-1-768x499.jpeg 768w, https:\/\/l21.mx\/wp-content\/uploads\/2023\/12\/WhatsApp-Image-2023-12-01-at-9.51.33-PM-1-1200x780.jpeg 1200w, https:\/\/l21.mx\/wp-content\/uploads\/2023\/12\/WhatsApp-Image-2023-12-01-at-9.51.33-PM-1-1170x761.jpeg 1170w, https:\/\/l21.mx\/wp-content\/uploads\/2023\/12\/WhatsApp-Image-2023-12-01-at-9.51.33-PM-1-585x380.jpeg 585w, https:\/\/l21.mx\/wp-content\/uploads\/2023\/12\/WhatsApp-Image-2023-12-01-at-9.51.33-PM-1.jpeg 1280w\" sizes=\"(max-width: 300px) 100vw, 300px\" \/><\/a><br \/>\nPuerto Morelos, Quintana Roo, 1 de diciembre de 2023.- \u201cLas tradiciones mexicanas tienen un lugar especial en nuestro coraz\u00f3n, las fiestas decembrinas son una celebraci\u00f3n emblem\u00e1tica que refleja la calidez y solidaridad que caracterizan a nuestra cultura\u201d, afirm\u00f3 la presidenta municipal Blanca Merari Tziu Mu\u00f1oz, al realizar el encendido navide\u00f1o en el Palacio Municipal.<br \/>\nLa Alcaldesa agradeci\u00f3 a quienes contribuyeron en la decoraci\u00f3n y a las familias que se dieron cita para dar inicio a las festividades decembrinas, que brindan la oportunidad de fortalecer lazos de amistad, de hermandad e impulsar los valores que \u201cnos definen como sociedad\u201d.<\/p>\n<p><a href=\"https:\/\/l21.mx\/wp-content\/uploads\/2023\/12\/WhatsApp-Image-2023-12-01-at-9.51.33-PM.jpeg\" data-rel=\"penci-gallery-image-content\" ><img decoding=\"async\" class=\"alignnone size-medium wp-image-66050\" src=\"https:\/\/l21.mx\/wp-content\/uploads\/2023\/12\/WhatsApp-Image-2023-12-01-at-9.51.33-PM-300x217.jpeg\" alt=\"\" width=\"300\" height=\"217\" srcset=\"https:\/\/l21.mx\/wp-content\/uploads\/2023\/12\/WhatsApp-Image-2023-12-01-at-9.51.33-PM-300x217.jpeg 300w, https:\/\/l21.mx\/wp-content\/uploads\/2023\/12\/WhatsApp-Image-2023-12-01-at-9.51.33-PM-1024x739.jpeg 1024w, https:\/\/l21.mx\/wp-content\/uploads\/2023\/12\/WhatsApp-Image-2023-12-01-at-9.51.33-PM-768x554.jpeg 768w, https:\/\/l21.mx\/wp-content\/uploads\/2023\/12\/WhatsApp-Image-2023-12-01-at-9.51.33-PM-1200x866.jpeg 1200w, https:\/\/l21.mx\/wp-content\/uploads\/2023\/12\/WhatsApp-Image-2023-12-01-at-9.51.33-PM-1170x845.jpeg 1170w, https:\/\/l21.mx\/wp-content\/uploads\/2023\/12\/WhatsApp-Image-2023-12-01-at-9.51.33-PM-585x422.jpeg 585w, https:\/\/l21.mx\/wp-content\/uploads\/2023\/12\/WhatsApp-Image-2023-12-01-at-9.51.33-PM.jpeg 1280w\" sizes=\"(max-width: 300px) 100vw, 300px\" \/><\/a><br \/>\nAcompa\u00f1ada de sus hijas Gema y Joyce subi\u00f3 el interruptor que ilumin\u00f3 el palacio con las flores de noche buena, esferas de luz, y un Santa Claus, para luego saludar a las y los ni\u00f1os con quienes se tom\u00f3 la foto del recuerdo.<br \/>\n\u201cEste evento es una muestra de unidad y esperanza. Las luces que iluminan nuestras calles representan la luz de la esperanza, la solidaridad y la paz que todos deseamos para nuestro municipio\u201d, destac\u00f3 Blanca Merari.<br \/>\nDe manera simult\u00e1nea se llev\u00f3 a cabo el encendido de los arbolitos navide\u00f1os y luces que adornan el parque de la Zetina Gasca, el Parque Fundadores, la playa de la Ventana al Mar, la avenida Rojo G\u00f3mez y el puente de entrada a la zona tur\u00edstica del municipio.<br \/>\nCabe destacar que en el evento estuvieron presentes el secretario general del Ayuntamiento, Jos\u00e9 de Jes\u00fas Espinosa Pay\u00e1n; Brittany Janney L\u00f3pez, directora general de Cultura y las Artes; los secretarios municipales de Desarrollo Urbano y Ecolog\u00eda, Rolando Melo Novelo, y de Seguridad P\u00fablica y Tr\u00e1nsito Alfredo Valdez de Le\u00f3n; los regidores Jos\u00e9 Mar\u00eda Vera Uribe, Irma \u00c1vila M\u00e9ndez y Mar\u00eda Fernanda Alvear, entre otros funcionarios.<br \/>\nPreviamente, la Presidenta Municipal encabez\u00f3, en el parque principal de Leona Vicario, el encendido del \u00e1rbol navide\u00f1o 2023.<br \/>\n\u201cEstamos en el arranque de una de las \u00e9pocas m\u00e1s hermosas del a\u00f1o: la temporada navide\u00f1a, en la que recordamos la importancia de la convivencia, solidaridad y reflexi\u00f3n\u201d, expres\u00f3.<br \/>\nEn Puerto Morelos estamos en la ruta correcta, la de fortalecer nuestros s\u00edmbolos de esperanza, paz y amor para hacer de nuestro entorno un lugar m\u00e1s c\u00e1lido para todos, a\u00f1adi\u00f3.<br \/>\nEn el encendido del \u00e1rbol Blanca Merari Tziu estuvo acompa\u00f1ada por el delegado Limbert Cruz Pancardo; y los regidores Gonzalo Calder\u00f3n Poot y Jos\u00e9 Mar\u00eda Vera Uribe, entre otros funcionarios del Ayuntamiento.<\/p>\n","protected":false},"excerpt":{"rendered":"<p>*El prop\u00f3sito es preservar las tradiciones y fomentar la sana convivencia entre las familias del municipio&hellip;<\/p>\n","protected":false},"author":100,"featured_media":66052,"comment_status":"closed","ping_status":"closed","sticky":false,"template":"","format":"standard","meta":{"_acf_changed":false,"_lmt_disableupdate":"","_lmt_disable":"","_mbp_gutenberg_autopost":false,"footnotes":""},"categories":[23,1656],"tags":[],"class_list":["post-66049","post","type-post","status-publish","format-standard","has-post-thumbnail","hentry","category-noticias","category-quintana-roo"],"acf":[],"_links":{"self":[{"href":"https:\/\/l21.mx\/index.php?rest_route=\/wp\/v2\/posts\/66049","targetHints":{"allow":["GET"]}}],"collection":[{"href":"https:\/\/l21.mx\/index.php?rest_route=\/wp\/v2\/posts"}],"about":[{"href":"https:\/\/l21.mx\/index.php?rest_route=\/wp\/v2\/types\/post"}],"author":[{"embeddable":true,"href":"https:\/\/l21.mx\/index.php?rest_route=\/wp\/v2\/users\/100"}],"replies":[{"embeddable":true,"href":"https:\/\/l21.mx\/index.php?rest_route=%2Fwp%2Fv2%2Fcomments&post=66049"}],"version-history":[{"count":0,"href":"https:\/\/l21.mx\/index.php?rest_route=\/wp\/v2\/posts\/66049\/revisions"}],"wp:featuredmedia":[{"embeddable":true,"href":"https:\/\/l21.mx\/index.php?rest_route=\/wp\/v2\/media\/66052"}],"wp:attachment":[{"href":"https:\/\/l21.mx\/index.php?rest_route=%2Fwp%2Fv2%2Fmedia&parent=66049"}],"wp:term":[{"taxonomy":"category","embeddable":true,"href":"https:\/\/l21.mx\/index.php?rest_route=%2Fwp%2Fv2%2Fcategories&post=66049"},{"taxonomy":"post_tag","embeddable":true,"href":"https:\/\/l21.mx\/index.php?rest_route=%2Fwp%2Fv2%2Ftags&post=66049"}],"curies":[{"name":"wp","href":"https:\/\/api.w.org\/{rel}","templated":true}]}}