{"id":66057,"date":"2023-12-03T14:52:07","date_gmt":"2023-12-03T19:52:07","guid":{"rendered":"https:\/\/l21.mx\/?p=66057"},"modified":"2023-12-03T14:52:07","modified_gmt":"2023-12-03T19:52:07","slug":"pinta-tu-fachada-llego-a-villas-del-sol","status":"publish","type":"post","link":"https:\/\/l21.mx\/?p=66057","title":{"rendered":"\u00abPinta tu Fachada\u00bb lleg\u00f3 a Villas del Sol"},"content":{"rendered":"<p>&nbsp;<\/p>\n<p>\u2022 El programa mejora viviendas de este fraccionamiento despu\u00e9s de hacerlo en la Colosio, El Pet\u00e9n, La Guadalupana, Villas del Sol y Puerto Aventuras<\/p>\n<p><a href=\"https:\/\/l21.mx\/wp-content\/uploads\/2023\/12\/WhatsApp-Image-2023-12-02-at-6.29.45-PM.jpeg\" data-rel=\"penci-gallery-image-content\" ><img fetchpriority=\"high\" decoding=\"async\" class=\"alignnone size-medium wp-image-66060\" src=\"https:\/\/l21.mx\/wp-content\/uploads\/2023\/12\/WhatsApp-Image-2023-12-02-at-6.29.45-PM-300x225.jpeg\" alt=\"\" width=\"300\" height=\"225\" srcset=\"https:\/\/l21.mx\/wp-content\/uploads\/2023\/12\/WhatsApp-Image-2023-12-02-at-6.29.45-PM-300x225.jpeg 300w, https:\/\/l21.mx\/wp-content\/uploads\/2023\/12\/WhatsApp-Image-2023-12-02-at-6.29.45-PM-1024x768.jpeg 1024w, https:\/\/l21.mx\/wp-content\/uploads\/2023\/12\/WhatsApp-Image-2023-12-02-at-6.29.45-PM-768x576.jpeg 768w, https:\/\/l21.mx\/wp-content\/uploads\/2023\/12\/WhatsApp-Image-2023-12-02-at-6.29.45-PM-1200x900.jpeg 1200w, https:\/\/l21.mx\/wp-content\/uploads\/2023\/12\/WhatsApp-Image-2023-12-02-at-6.29.45-PM-1170x878.jpeg 1170w, https:\/\/l21.mx\/wp-content\/uploads\/2023\/12\/WhatsApp-Image-2023-12-02-at-6.29.45-PM-585x439.jpeg 585w, https:\/\/l21.mx\/wp-content\/uploads\/2023\/12\/WhatsApp-Image-2023-12-02-at-6.29.45-PM.jpeg 1280w\" sizes=\"(max-width: 300px) 100vw, 300px\" \/><\/a><\/p>\n<p>Playa del Carmen, Solidaridad, 3 de diciembre del 2023.- El programa \u00abPinta t\u00fa Fachada\u00bb del gobierno municipal dirigido por Lili Campos arranc\u00f3 hoy en el fraccionamiento Villas del Sol, despu\u00e9s de haber estado en la Luis Donaldo Colosio, El Pet\u00e9n, La Guadalupana, Villas Riviera y en el poblado de Puerto Aventuras, con lo cual se mejora la calidad de vida, el tejido social e imagen urbana del municipio.<\/p>\n<p>El secretario de Justicia Social y Participaci\u00f3n Ciudadana Santiago Ch\u00e1vez enfatiz\u00f3 que \u00abPinta t\u00fa Fachada\u00bb en Villas del Sol mejorar\u00e1 cerca de dos mil viviendas. \u201cLa meta del d\u00eda hoy son 250&#8243; puntualiz\u00f3.<a href=\"https:\/\/l21.mx\/wp-content\/uploads\/2023\/12\/WhatsApp-Image-2023-12-02-at-6.29.42-PM.jpeg\" data-rel=\"penci-gallery-image-content\" ><img decoding=\"async\" class=\"alignnone size-medium wp-image-66059\" src=\"https:\/\/l21.mx\/wp-content\/uploads\/2023\/12\/WhatsApp-Image-2023-12-02-at-6.29.42-PM-300x225.jpeg\" alt=\"\" width=\"300\" height=\"225\" srcset=\"https:\/\/l21.mx\/wp-content\/uploads\/2023\/12\/WhatsApp-Image-2023-12-02-at-6.29.42-PM-300x225.jpeg 300w, https:\/\/l21.mx\/wp-content\/uploads\/2023\/12\/WhatsApp-Image-2023-12-02-at-6.29.42-PM-1024x767.jpeg 1024w, https:\/\/l21.mx\/wp-content\/uploads\/2023\/12\/WhatsApp-Image-2023-12-02-at-6.29.42-PM-768x575.jpeg 768w, https:\/\/l21.mx\/wp-content\/uploads\/2023\/12\/WhatsApp-Image-2023-12-02-at-6.29.42-PM-1200x900.jpeg 1200w, https:\/\/l21.mx\/wp-content\/uploads\/2023\/12\/WhatsApp-Image-2023-12-02-at-6.29.42-PM-1170x877.jpeg 1170w, https:\/\/l21.mx\/wp-content\/uploads\/2023\/12\/WhatsApp-Image-2023-12-02-at-6.29.42-PM-585x438.jpeg 585w, https:\/\/l21.mx\/wp-content\/uploads\/2023\/12\/WhatsApp-Image-2023-12-02-at-6.29.42-PM.jpeg 1280w\" sizes=\"(max-width: 300px) 100vw, 300px\" \/><\/a><\/p>\n<p>El titular de la dependencia explic\u00f3 que trabajan con el equipo y el voluntariado, de lunes a s\u00e1bado, pintando diario entre 80 a 100 fachadas de casas. Con este programa, asegur\u00f3, se da oportunidad de acercamiento y convivencia con los ciudadanos, lo que fortalece el tejido social.<\/p>\n<p>Por \u00faltimo, Santiago Ch\u00e1vez indic\u00f3 que debido a la proximidad de las fiestas decembrinas los ciudadanos desean sus casas pintadas, por lo que invit\u00f3 a las y los solidarenses, quienes deseen pintar ellos mismos, acudir a las oficinas y cubrir los requisitos para que les proporcione la pintura y el material necesario.<a href=\"https:\/\/l21.mx\/wp-content\/uploads\/2023\/12\/WhatsApp-Image-2023-12-02-at-6.29.43-PM.jpeg\" data-rel=\"penci-gallery-image-content\" ><img decoding=\"async\" class=\"alignnone size-medium wp-image-66058\" src=\"https:\/\/l21.mx\/wp-content\/uploads\/2023\/12\/WhatsApp-Image-2023-12-02-at-6.29.43-PM-300x225.jpeg\" alt=\"\" width=\"300\" height=\"225\" srcset=\"https:\/\/l21.mx\/wp-content\/uploads\/2023\/12\/WhatsApp-Image-2023-12-02-at-6.29.43-PM-300x225.jpeg 300w, https:\/\/l21.mx\/wp-content\/uploads\/2023\/12\/WhatsApp-Image-2023-12-02-at-6.29.43-PM-1024x768.jpeg 1024w, https:\/\/l21.mx\/wp-content\/uploads\/2023\/12\/WhatsApp-Image-2023-12-02-at-6.29.43-PM-768x576.jpeg 768w, https:\/\/l21.mx\/wp-content\/uploads\/2023\/12\/WhatsApp-Image-2023-12-02-at-6.29.43-PM-1200x900.jpeg 1200w, https:\/\/l21.mx\/wp-content\/uploads\/2023\/12\/WhatsApp-Image-2023-12-02-at-6.29.43-PM-1170x878.jpeg 1170w, https:\/\/l21.mx\/wp-content\/uploads\/2023\/12\/WhatsApp-Image-2023-12-02-at-6.29.43-PM-585x439.jpeg 585w, https:\/\/l21.mx\/wp-content\/uploads\/2023\/12\/WhatsApp-Image-2023-12-02-at-6.29.43-PM.jpeg 1280w\" sizes=\"(max-width: 300px) 100vw, 300px\" \/><\/a><\/p>\n","protected":false},"excerpt":{"rendered":"<p>&nbsp; \u2022 El programa mejora viviendas de este fraccionamiento despu\u00e9s de hacerlo en la Colosio, El&hellip;<\/p>\n","protected":false},"author":100,"featured_media":66061,"comment_status":"closed","ping_status":"closed","sticky":false,"template":"","format":"standard","meta":{"_acf_changed":false,"_lmt_disableupdate":"","_lmt_disable":"","_mbp_gutenberg_autopost":false,"footnotes":""},"categories":[1654],"tags":[],"class_list":["post-66057","post","type-post","status-publish","format-standard","has-post-thumbnail","hentry","category-solidaridad"],"acf":[],"_links":{"self":[{"href":"https:\/\/l21.mx\/index.php?rest_route=\/wp\/v2\/posts\/66057","targetHints":{"allow":["GET"]}}],"collection":[{"href":"https:\/\/l21.mx\/index.php?rest_route=\/wp\/v2\/posts"}],"about":[{"href":"https:\/\/l21.mx\/index.php?rest_route=\/wp\/v2\/types\/post"}],"author":[{"embeddable":true,"href":"https:\/\/l21.mx\/index.php?rest_route=\/wp\/v2\/users\/100"}],"replies":[{"embeddable":true,"href":"https:\/\/l21.mx\/index.php?rest_route=%2Fwp%2Fv2%2Fcomments&post=66057"}],"version-history":[{"count":0,"href":"https:\/\/l21.mx\/index.php?rest_route=\/wp\/v2\/posts\/66057\/revisions"}],"wp:featuredmedia":[{"embeddable":true,"href":"https:\/\/l21.mx\/index.php?rest_route=\/wp\/v2\/media\/66061"}],"wp:attachment":[{"href":"https:\/\/l21.mx\/index.php?rest_route=%2Fwp%2Fv2%2Fmedia&parent=66057"}],"wp:term":[{"taxonomy":"category","embeddable":true,"href":"https:\/\/l21.mx\/index.php?rest_route=%2Fwp%2Fv2%2Fcategories&post=66057"},{"taxonomy":"post_tag","embeddable":true,"href":"https:\/\/l21.mx\/index.php?rest_route=%2Fwp%2Fv2%2Ftags&post=66057"}],"curies":[{"name":"wp","href":"https:\/\/api.w.org\/{rel}","templated":true}]}}