{"id":66065,"date":"2023-12-03T19:48:43","date_gmt":"2023-12-04T00:48:43","guid":{"rendered":"https:\/\/l21.mx\/?p=66065"},"modified":"2023-12-03T19:48:43","modified_gmt":"2023-12-04T00:48:43","slug":"concluyo-con-exito-temporada-de-huracanes","status":"publish","type":"post","link":"https:\/\/l21.mx\/?p=66065","title":{"rendered":"Concluy\u00f3 con \u00e9xito temporada de huracanes"},"content":{"rendered":"<p>&nbsp;<\/p>\n<p>\u2022 En Solidaridad se privilegi\u00f3 la cultura de la prevenci\u00f3n, con un monitoreo constante e informando a la poblaci\u00f3n civil. Protecci\u00f3n Civil estuvo en constante movimiento<\/p>\n<p><a href=\"https:\/\/l21.mx\/wp-content\/uploads\/2023\/12\/WhatsApp-Image-2023-12-03-at-3.22.41-PM-1.jpeg\" data-rel=\"penci-gallery-image-content\" ><img fetchpriority=\"high\" decoding=\"async\" class=\"alignnone size-medium wp-image-66069\" src=\"https:\/\/l21.mx\/wp-content\/uploads\/2023\/12\/WhatsApp-Image-2023-12-03-at-3.22.41-PM-1-300x200.jpeg\" alt=\"\" width=\"300\" height=\"200\" srcset=\"https:\/\/l21.mx\/wp-content\/uploads\/2023\/12\/WhatsApp-Image-2023-12-03-at-3.22.41-PM-1-300x200.jpeg 300w, https:\/\/l21.mx\/wp-content\/uploads\/2023\/12\/WhatsApp-Image-2023-12-03-at-3.22.41-PM-1-1024x682.jpeg 1024w, https:\/\/l21.mx\/wp-content\/uploads\/2023\/12\/WhatsApp-Image-2023-12-03-at-3.22.41-PM-1-768x512.jpeg 768w, https:\/\/l21.mx\/wp-content\/uploads\/2023\/12\/WhatsApp-Image-2023-12-03-at-3.22.41-PM-1-1200x800.jpeg 1200w, https:\/\/l21.mx\/wp-content\/uploads\/2023\/12\/WhatsApp-Image-2023-12-03-at-3.22.41-PM-1-1170x780.jpeg 1170w, https:\/\/l21.mx\/wp-content\/uploads\/2023\/12\/WhatsApp-Image-2023-12-03-at-3.22.41-PM-1-585x390.jpeg 585w, https:\/\/l21.mx\/wp-content\/uploads\/2023\/12\/WhatsApp-Image-2023-12-03-at-3.22.41-PM-1-263x175.jpeg 263w, https:\/\/l21.mx\/wp-content\/uploads\/2023\/12\/WhatsApp-Image-2023-12-03-at-3.22.41-PM-1.jpeg 1280w\" sizes=\"(max-width: 300px) 100vw, 300px\" \/><\/a><\/p>\n<p>Playa del Carmen, Solidaridad, 3 de diciembre del 2023.- En Solidaridad la temporada cicl\u00f3nica en este a\u00f1o concluy\u00f3 sin incidentes, al pasar \u201cIdania\u201d el \u00fanico sistema, lento y err\u00e1tico por el noroeste del Caribe, sobre el oc\u00e9ano Atl\u00e1ntico. No obstante, el gobierno municipal a trav\u00e9s de la secretar\u00eda de Protecci\u00f3n Civil estuvo enfocado en la prevenci\u00f3n desde antes del 1 de junio hasta el 30 de noviembre.<\/p>\n<p>El secretario, Jorge V\u00e1zquez Oropeza, se\u00f1al\u00f3 que siguiendo las instrucciones de la edil Lili Campos, con anterioridad a la temporada cicl\u00f3nica se habilitaron 45 Albergues para su uso en caso de ser necesario, 9 en Puerto Aventuras y 36 en Playa del Carmen.<\/p>\n<p><a href=\"https:\/\/l21.mx\/wp-content\/uploads\/2023\/12\/WhatsApp-Image-2023-12-03-at-3.22.39-PM.jpeg\" data-rel=\"penci-gallery-image-content\" ><img decoding=\"async\" class=\"alignnone size-medium wp-image-66068\" src=\"https:\/\/l21.mx\/wp-content\/uploads\/2023\/12\/WhatsApp-Image-2023-12-03-at-3.22.39-PM-300x200.jpeg\" alt=\"\" width=\"300\" height=\"200\" srcset=\"https:\/\/l21.mx\/wp-content\/uploads\/2023\/12\/WhatsApp-Image-2023-12-03-at-3.22.39-PM-300x200.jpeg 300w, https:\/\/l21.mx\/wp-content\/uploads\/2023\/12\/WhatsApp-Image-2023-12-03-at-3.22.39-PM-1024x682.jpeg 1024w, https:\/\/l21.mx\/wp-content\/uploads\/2023\/12\/WhatsApp-Image-2023-12-03-at-3.22.39-PM-768x512.jpeg 768w, https:\/\/l21.mx\/wp-content\/uploads\/2023\/12\/WhatsApp-Image-2023-12-03-at-3.22.39-PM-1200x800.jpeg 1200w, https:\/\/l21.mx\/wp-content\/uploads\/2023\/12\/WhatsApp-Image-2023-12-03-at-3.22.39-PM-1170x780.jpeg 1170w, https:\/\/l21.mx\/wp-content\/uploads\/2023\/12\/WhatsApp-Image-2023-12-03-at-3.22.39-PM-585x390.jpeg 585w, https:\/\/l21.mx\/wp-content\/uploads\/2023\/12\/WhatsApp-Image-2023-12-03-at-3.22.39-PM-263x175.jpeg 263w, https:\/\/l21.mx\/wp-content\/uploads\/2023\/12\/WhatsApp-Image-2023-12-03-at-3.22.39-PM.jpeg 1280w\" sizes=\"(max-width: 300px) 100vw, 300px\" \/><\/a><\/p>\n<p>Abund\u00f3 que tras la instalaci\u00f3n del Consejo Estatal de Protecci\u00f3n Civil, se reunieron en dos ocasiones los subcomit\u00e9s del plan operativo de fen\u00f3menos hidrometeorol\u00f3gicos, participando representantes de la Secretar\u00eda de la Defensa Nacional, Secretar\u00eda de Marina, Guardia Nacional, Secretar\u00eda de Seguridad P\u00fablica y direcciones del Ayuntamiento.<\/p>\n<p>Tambi\u00e9n inform\u00f3 que se realiz\u00f3 el monitoreo constante por el departamento de meteorolog\u00eda y se mantuvo un estado de fuerza aproximado de 2 mil 500 elementos para intervenci\u00f3n en caso de una emergencia por la cercan\u00eda o impacto de un fen\u00f3meno hidrometeorol\u00f3gico.<\/p>\n<p><a href=\"https:\/\/l21.mx\/wp-content\/uploads\/2023\/12\/WhatsApp-Image-2023-12-03-at-3.22.41-PM.jpeg\" data-rel=\"penci-gallery-image-content\" ><img decoding=\"async\" class=\"alignnone size-medium wp-image-66066\" src=\"https:\/\/l21.mx\/wp-content\/uploads\/2023\/12\/WhatsApp-Image-2023-12-03-at-3.22.41-PM-300x193.jpeg\" alt=\"\" width=\"300\" height=\"193\" srcset=\"https:\/\/l21.mx\/wp-content\/uploads\/2023\/12\/WhatsApp-Image-2023-12-03-at-3.22.41-PM-300x193.jpeg 300w, https:\/\/l21.mx\/wp-content\/uploads\/2023\/12\/WhatsApp-Image-2023-12-03-at-3.22.41-PM-1024x660.jpeg 1024w, https:\/\/l21.mx\/wp-content\/uploads\/2023\/12\/WhatsApp-Image-2023-12-03-at-3.22.41-PM-768x495.jpeg 768w, https:\/\/l21.mx\/wp-content\/uploads\/2023\/12\/WhatsApp-Image-2023-12-03-at-3.22.41-PM-1200x773.jpeg 1200w, https:\/\/l21.mx\/wp-content\/uploads\/2023\/12\/WhatsApp-Image-2023-12-03-at-3.22.41-PM-1170x754.jpeg 1170w, https:\/\/l21.mx\/wp-content\/uploads\/2023\/12\/WhatsApp-Image-2023-12-03-at-3.22.41-PM-585x377.jpeg 585w, https:\/\/l21.mx\/wp-content\/uploads\/2023\/12\/WhatsApp-Image-2023-12-03-at-3.22.41-PM.jpeg 1280w\" sizes=\"(max-width: 300px) 100vw, 300px\" \/><\/a><\/p>\n<p>Por \u00faltimo, mencion\u00f3 que por lluvias fuertes realizaron acciones de desazolve y limpieza de 18 alcantarillas, se retiraron 6 \u00e1rboles, se auxiliaron 8 veh\u00edculos varados, adem\u00e1s de mantener recorridos permanentes en zonas de encharcamientos y el monitoreo de las playas.<\/p>\n","protected":false},"excerpt":{"rendered":"<p>&nbsp; \u2022 En Solidaridad se privilegi\u00f3 la cultura de la prevenci\u00f3n, con un monitoreo constante e&hellip;<\/p>\n","protected":false},"author":100,"featured_media":66067,"comment_status":"closed","ping_status":"closed","sticky":false,"template":"","format":"standard","meta":{"_acf_changed":false,"_lmt_disableupdate":"","_lmt_disable":"","_mbp_gutenberg_autopost":false,"footnotes":""},"categories":[1654],"tags":[],"class_list":["post-66065","post","type-post","status-publish","format-standard","has-post-thumbnail","hentry","category-solidaridad"],"acf":[],"_links":{"self":[{"href":"https:\/\/l21.mx\/index.php?rest_route=\/wp\/v2\/posts\/66065","targetHints":{"allow":["GET"]}}],"collection":[{"href":"https:\/\/l21.mx\/index.php?rest_route=\/wp\/v2\/posts"}],"about":[{"href":"https:\/\/l21.mx\/index.php?rest_route=\/wp\/v2\/types\/post"}],"author":[{"embeddable":true,"href":"https:\/\/l21.mx\/index.php?rest_route=\/wp\/v2\/users\/100"}],"replies":[{"embeddable":true,"href":"https:\/\/l21.mx\/index.php?rest_route=%2Fwp%2Fv2%2Fcomments&post=66065"}],"version-history":[{"count":0,"href":"https:\/\/l21.mx\/index.php?rest_route=\/wp\/v2\/posts\/66065\/revisions"}],"wp:featuredmedia":[{"embeddable":true,"href":"https:\/\/l21.mx\/index.php?rest_route=\/wp\/v2\/media\/66067"}],"wp:attachment":[{"href":"https:\/\/l21.mx\/index.php?rest_route=%2Fwp%2Fv2%2Fmedia&parent=66065"}],"wp:term":[{"taxonomy":"category","embeddable":true,"href":"https:\/\/l21.mx\/index.php?rest_route=%2Fwp%2Fv2%2Fcategories&post=66065"},{"taxonomy":"post_tag","embeddable":true,"href":"https:\/\/l21.mx\/index.php?rest_route=%2Fwp%2Fv2%2Ftags&post=66065"}],"curies":[{"name":"wp","href":"https:\/\/api.w.org\/{rel}","templated":true}]}}