{"id":66073,"date":"2023-12-04T16:05:01","date_gmt":"2023-12-04T21:05:01","guid":{"rendered":"https:\/\/l21.mx\/?p=66073"},"modified":"2023-12-04T16:05:01","modified_gmt":"2023-12-04T21:05:01","slug":"lili-campos-presente-en-la-cumbre-mundial-de-comunicacion-politica","status":"publish","type":"post","link":"https:\/\/l21.mx\/?p=66073","title":{"rendered":"Lili Campos presente en la Cumbre Mundial de Comunicaci\u00f3n Pol\u00edtica"},"content":{"rendered":"<p>&nbsp;<\/p>\n<p>\u2022 Solidaridad est\u00e1 en el evento de talla mundial y centro del mundo en este tipo de comunicaci\u00f3n; la presidenta participar\u00e1 con una ponencia el mi\u00e9rcoles 6 pr\u00f3ximo<\/p>\n<p><a href=\"https:\/\/l21.mx\/wp-content\/uploads\/2023\/12\/WhatsApp-Image-2023-12-04-at-3.38.42-PM-1.jpeg\" data-rel=\"penci-gallery-image-content\" ><img fetchpriority=\"high\" decoding=\"async\" class=\"alignnone size-medium wp-image-66077\" src=\"https:\/\/l21.mx\/wp-content\/uploads\/2023\/12\/WhatsApp-Image-2023-12-04-at-3.38.42-PM-1-300x200.jpeg\" alt=\"\" width=\"300\" height=\"200\" srcset=\"https:\/\/l21.mx\/wp-content\/uploads\/2023\/12\/WhatsApp-Image-2023-12-04-at-3.38.42-PM-1-300x200.jpeg 300w, https:\/\/l21.mx\/wp-content\/uploads\/2023\/12\/WhatsApp-Image-2023-12-04-at-3.38.42-PM-1-1024x682.jpeg 1024w, https:\/\/l21.mx\/wp-content\/uploads\/2023\/12\/WhatsApp-Image-2023-12-04-at-3.38.42-PM-1-768x512.jpeg 768w, https:\/\/l21.mx\/wp-content\/uploads\/2023\/12\/WhatsApp-Image-2023-12-04-at-3.38.42-PM-1-1200x800.jpeg 1200w, https:\/\/l21.mx\/wp-content\/uploads\/2023\/12\/WhatsApp-Image-2023-12-04-at-3.38.42-PM-1-1170x780.jpeg 1170w, https:\/\/l21.mx\/wp-content\/uploads\/2023\/12\/WhatsApp-Image-2023-12-04-at-3.38.42-PM-1-585x390.jpeg 585w, https:\/\/l21.mx\/wp-content\/uploads\/2023\/12\/WhatsApp-Image-2023-12-04-at-3.38.42-PM-1-263x175.jpeg 263w, https:\/\/l21.mx\/wp-content\/uploads\/2023\/12\/WhatsApp-Image-2023-12-04-at-3.38.42-PM-1.jpeg 1280w\" sizes=\"(max-width: 300px) 100vw, 300px\" \/><\/a><\/p>\n<p>Canc\u00fan, Quintana Roo, 4 de diciembre del 2023.- La presidenta municipal de Solidaridad, Lili Campos, fue invitada de honor en la inauguraci\u00f3n de la XIX Cumbre Mundial de Comunicaci\u00f3n Pol\u00edtica que se realiza en Canc\u00fan, y en donde el mi\u00e9rcoles 6 de diciembre tendr\u00e1 participaci\u00f3n con una ponencia.<\/p>\n<p>As\u00ed, Solidaridad estar\u00e1 en este evento de talla mundial, que se convierte en el centro del mundo de la comunicaci\u00f3n pol\u00edtica y catalizador de actividades acad\u00e9micas del 4 al 6 de diciembre.<\/p>\n<p><a href=\"https:\/\/l21.mx\/wp-content\/uploads\/2023\/12\/WhatsApp-Image-2023-12-04-at-3.38.42-PM.jpeg\" data-rel=\"penci-gallery-image-content\" ><img decoding=\"async\" class=\"alignnone size-medium wp-image-66076\" src=\"https:\/\/l21.mx\/wp-content\/uploads\/2023\/12\/WhatsApp-Image-2023-12-04-at-3.38.42-PM-300x240.jpeg\" alt=\"\" width=\"300\" height=\"240\" srcset=\"https:\/\/l21.mx\/wp-content\/uploads\/2023\/12\/WhatsApp-Image-2023-12-04-at-3.38.42-PM-300x240.jpeg 300w, https:\/\/l21.mx\/wp-content\/uploads\/2023\/12\/WhatsApp-Image-2023-12-04-at-3.38.42-PM-1024x818.jpeg 1024w, https:\/\/l21.mx\/wp-content\/uploads\/2023\/12\/WhatsApp-Image-2023-12-04-at-3.38.42-PM-768x614.jpeg 768w, https:\/\/l21.mx\/wp-content\/uploads\/2023\/12\/WhatsApp-Image-2023-12-04-at-3.38.42-PM-1126x900.jpeg 1126w, https:\/\/l21.mx\/wp-content\/uploads\/2023\/12\/WhatsApp-Image-2023-12-04-at-3.38.42-PM-1170x935.jpeg 1170w, https:\/\/l21.mx\/wp-content\/uploads\/2023\/12\/WhatsApp-Image-2023-12-04-at-3.38.42-PM-585x468.jpeg 585w, https:\/\/l21.mx\/wp-content\/uploads\/2023\/12\/WhatsApp-Image-2023-12-04-at-3.38.42-PM.jpeg 1280w\" sizes=\"(max-width: 300px) 100vw, 300px\" \/><\/a><\/p>\n<p>Lili Campos manifest\u00f3 que \u00abla participaci\u00f3n en este tipo de congresos es importante, porque permite la actualizaci\u00f3n y la formaci\u00f3n para desempe\u00f1ar de manera responsable y profesional el cargo, para dar lo mejor de nosotros en favor de la ciudadan\u00eda\u00bb.<\/p>\n<p><a href=\"https:\/\/l21.mx\/wp-content\/uploads\/2023\/12\/WhatsApp-Image-2023-12-04-at-3.38.41-PM.jpeg\" data-rel=\"penci-gallery-image-content\" ><img decoding=\"async\" class=\"alignnone size-medium wp-image-66075\" src=\"https:\/\/l21.mx\/wp-content\/uploads\/2023\/12\/WhatsApp-Image-2023-12-04-at-3.38.41-PM-300x200.jpeg\" alt=\"\" width=\"300\" height=\"200\" srcset=\"https:\/\/l21.mx\/wp-content\/uploads\/2023\/12\/WhatsApp-Image-2023-12-04-at-3.38.41-PM-300x200.jpeg 300w, https:\/\/l21.mx\/wp-content\/uploads\/2023\/12\/WhatsApp-Image-2023-12-04-at-3.38.41-PM-1024x682.jpeg 1024w, https:\/\/l21.mx\/wp-content\/uploads\/2023\/12\/WhatsApp-Image-2023-12-04-at-3.38.41-PM-768x512.jpeg 768w, https:\/\/l21.mx\/wp-content\/uploads\/2023\/12\/WhatsApp-Image-2023-12-04-at-3.38.41-PM-1200x800.jpeg 1200w, https:\/\/l21.mx\/wp-content\/uploads\/2023\/12\/WhatsApp-Image-2023-12-04-at-3.38.41-PM-1170x780.jpeg 1170w, https:\/\/l21.mx\/wp-content\/uploads\/2023\/12\/WhatsApp-Image-2023-12-04-at-3.38.41-PM-585x390.jpeg 585w, https:\/\/l21.mx\/wp-content\/uploads\/2023\/12\/WhatsApp-Image-2023-12-04-at-3.38.41-PM-263x175.jpeg 263w, https:\/\/l21.mx\/wp-content\/uploads\/2023\/12\/WhatsApp-Image-2023-12-04-at-3.38.41-PM.jpeg 1280w\" sizes=\"(max-width: 300px) 100vw, 300px\" \/><\/a><\/p>\n<p>El presidente de la Cumbre Mundial de Comunicaci\u00f3n Pol\u00edtica, el consultor pol\u00edtico Daniel Ivoskus asegur\u00f3 que en estos tres d\u00edas se realizar\u00e1n alrededor de 30 conferencias, paneles y talleres, m\u00e1s de 20 presentaciones de nuevas publicaciones y de libros de comunicaci\u00f3n, pr\u00e1cticas de gobierno exitosas y estrategias pol\u00edticas ganadoras en Latinoam\u00e9rica.<\/p>\n<p>Adem\u00e1s de los mencionados, en el pres\u00eddium estuvo el representante de la gobernadora del Estado Mara Lezama, el secretario de Bienestar Pablo Bustamante; el representante de la Cumbre Mundial de Comunicaci\u00f3n Pol\u00edtica en M\u00e9xico Filiberto Mart\u00ednez y la presidenta de la Asociaci\u00f3n de Consultores Pol\u00edticos Nidia Valdez.<\/p>\n","protected":false},"excerpt":{"rendered":"<p>&nbsp; \u2022 Solidaridad est\u00e1 en el evento de talla mundial y centro del mundo en este&hellip;<\/p>\n","protected":false},"author":100,"featured_media":66078,"comment_status":"closed","ping_status":"closed","sticky":false,"template":"","format":"standard","meta":{"_acf_changed":false,"_lmt_disableupdate":"","_lmt_disable":"","_mbp_gutenberg_autopost":false,"footnotes":""},"categories":[23,1654],"tags":[],"class_list":["post-66073","post","type-post","status-publish","format-standard","has-post-thumbnail","hentry","category-noticias","category-solidaridad"],"acf":[],"_links":{"self":[{"href":"https:\/\/l21.mx\/index.php?rest_route=\/wp\/v2\/posts\/66073","targetHints":{"allow":["GET"]}}],"collection":[{"href":"https:\/\/l21.mx\/index.php?rest_route=\/wp\/v2\/posts"}],"about":[{"href":"https:\/\/l21.mx\/index.php?rest_route=\/wp\/v2\/types\/post"}],"author":[{"embeddable":true,"href":"https:\/\/l21.mx\/index.php?rest_route=\/wp\/v2\/users\/100"}],"replies":[{"embeddable":true,"href":"https:\/\/l21.mx\/index.php?rest_route=%2Fwp%2Fv2%2Fcomments&post=66073"}],"version-history":[{"count":0,"href":"https:\/\/l21.mx\/index.php?rest_route=\/wp\/v2\/posts\/66073\/revisions"}],"wp:featuredmedia":[{"embeddable":true,"href":"https:\/\/l21.mx\/index.php?rest_route=\/wp\/v2\/media\/66078"}],"wp:attachment":[{"href":"https:\/\/l21.mx\/index.php?rest_route=%2Fwp%2Fv2%2Fmedia&parent=66073"}],"wp:term":[{"taxonomy":"category","embeddable":true,"href":"https:\/\/l21.mx\/index.php?rest_route=%2Fwp%2Fv2%2Fcategories&post=66073"},{"taxonomy":"post_tag","embeddable":true,"href":"https:\/\/l21.mx\/index.php?rest_route=%2Fwp%2Fv2%2Ftags&post=66073"}],"curies":[{"name":"wp","href":"https:\/\/api.w.org\/{rel}","templated":true}]}}