{"id":66095,"date":"2023-12-04T16:19:53","date_gmt":"2023-12-04T21:19:53","guid":{"rendered":"https:\/\/l21.mx\/?p=66095"},"modified":"2023-12-04T16:19:53","modified_gmt":"2023-12-04T21:19:53","slug":"realizan-visita-de-control-a-playas-blue-flag-de-puerto-morelos","status":"publish","type":"post","link":"https:\/\/l21.mx\/?p=66095","title":{"rendered":"Realizan visita de control a playas Blue Flag de Puerto Morelos"},"content":{"rendered":"<p>*Personal de la Zofemat acompa\u00f1a a inspectores de la Fundaci\u00f3n para la Educaci\u00f3n Ambiental en M\u00e9xico, durante la supervisi\u00f3n de los 33 criterios que se exigen a las playas certificadas<\/p>\n<p><a href=\"https:\/\/l21.mx\/wp-content\/uploads\/2023\/12\/WhatsApp-Image-2023-12-04-at-4.15.37-PM-1.jpeg\" data-rel=\"penci-gallery-image-content\" ><img fetchpriority=\"high\" decoding=\"async\" class=\"alignnone size-medium wp-image-66097\" src=\"https:\/\/l21.mx\/wp-content\/uploads\/2023\/12\/WhatsApp-Image-2023-12-04-at-4.15.37-PM-1-300x169.jpeg\" alt=\"\" width=\"300\" height=\"169\" srcset=\"https:\/\/l21.mx\/wp-content\/uploads\/2023\/12\/WhatsApp-Image-2023-12-04-at-4.15.37-PM-1-300x169.jpeg 300w, https:\/\/l21.mx\/wp-content\/uploads\/2023\/12\/WhatsApp-Image-2023-12-04-at-4.15.37-PM-1-1024x576.jpeg 1024w, https:\/\/l21.mx\/wp-content\/uploads\/2023\/12\/WhatsApp-Image-2023-12-04-at-4.15.37-PM-1-768x432.jpeg 768w, https:\/\/l21.mx\/wp-content\/uploads\/2023\/12\/WhatsApp-Image-2023-12-04-at-4.15.37-PM-1-1200x675.jpeg 1200w, https:\/\/l21.mx\/wp-content\/uploads\/2023\/12\/WhatsApp-Image-2023-12-04-at-4.15.37-PM-1-1170x663.jpeg 1170w, https:\/\/l21.mx\/wp-content\/uploads\/2023\/12\/WhatsApp-Image-2023-12-04-at-4.15.37-PM-1-585x329.jpeg 585w, https:\/\/l21.mx\/wp-content\/uploads\/2023\/12\/WhatsApp-Image-2023-12-04-at-4.15.37-PM-1.jpeg 1280w\" sizes=\"(max-width: 300px) 100vw, 300px\" \/><\/a><br \/>\nPuerto Morelos, Quintana Roo, 4 de diciembre de 2023.- Personal de la Zona Federal Mar\u00edtimo Terrestre (Zofemat) acompa\u00f1\u00f3 a los inspectores de la Fundaci\u00f3n para la Educaci\u00f3n Ambiental (FEE por sus siglas en ingl\u00e9s) en M\u00e9xico, durante una visita de control en la Ventana al Mar y Playa Sol, que cuentan con el distintivo internacional \u201cBlue Flag\u201d para la temporada 2023-2024.<br \/>\nAl respecto, el titular de la dependencia municipal, Gerardo Rosas Garc\u00eda, explic\u00f3 que se trata de una visita de control de las dos programadas anualmente, para verificar los procedimientos en las playas certificadas, a fin de que cumplan los 33 criterios que se exigen para recibir el estandarte.<\/p>\n<p><a href=\"https:\/\/l21.mx\/wp-content\/uploads\/2023\/12\/WhatsApp-Image-2023-12-04-at-4.15.36-PM.jpeg\" data-rel=\"penci-gallery-image-content\" ><img decoding=\"async\" class=\"alignnone size-medium wp-image-66100\" src=\"https:\/\/l21.mx\/wp-content\/uploads\/2023\/12\/WhatsApp-Image-2023-12-04-at-4.15.36-PM-300x169.jpeg\" alt=\"\" width=\"300\" height=\"169\" srcset=\"https:\/\/l21.mx\/wp-content\/uploads\/2023\/12\/WhatsApp-Image-2023-12-04-at-4.15.36-PM-300x169.jpeg 300w, https:\/\/l21.mx\/wp-content\/uploads\/2023\/12\/WhatsApp-Image-2023-12-04-at-4.15.36-PM-1024x576.jpeg 1024w, https:\/\/l21.mx\/wp-content\/uploads\/2023\/12\/WhatsApp-Image-2023-12-04-at-4.15.36-PM-768x432.jpeg 768w, https:\/\/l21.mx\/wp-content\/uploads\/2023\/12\/WhatsApp-Image-2023-12-04-at-4.15.36-PM-1200x675.jpeg 1200w, https:\/\/l21.mx\/wp-content\/uploads\/2023\/12\/WhatsApp-Image-2023-12-04-at-4.15.36-PM-1170x663.jpeg 1170w, https:\/\/l21.mx\/wp-content\/uploads\/2023\/12\/WhatsApp-Image-2023-12-04-at-4.15.36-PM-585x329.jpeg 585w, https:\/\/l21.mx\/wp-content\/uploads\/2023\/12\/WhatsApp-Image-2023-12-04-at-4.15.36-PM.jpeg 1280w\" sizes=\"(max-width: 300px) 100vw, 300px\" \/><\/a><br \/>\nCabe mencionar que tanto Ventana al Mar como Playa Sol recibieron la calificaci\u00f3n m\u00e1s alta en el rubro de Calidad del Agua al ser certificadas con la \u201cBandera Azul\u201d.<br \/>\n\u201cLa instrucci\u00f3n de nuestra presidenta municipal Blanca Merari Tziu Mu\u00f1oz es no bajar la guardia, para que las dos playas \u2018Blue Flag\u2019 de Puerto Morelos cumplan con la normativa que pide la FEE, para continuar dentro del selecto grupo de playas y marinas certificadas a nivel mundial\u201d, expuso el funcionario.<\/p>\n<p><a href=\"https:\/\/l21.mx\/wp-content\/uploads\/2023\/12\/WhatsApp-Image-2023-12-04-at-4.15.38-PM-1.jpeg\" data-rel=\"penci-gallery-image-content\" ><img decoding=\"async\" class=\"alignnone size-medium wp-image-66099\" src=\"https:\/\/l21.mx\/wp-content\/uploads\/2023\/12\/WhatsApp-Image-2023-12-04-at-4.15.38-PM-1-300x218.jpeg\" alt=\"\" width=\"300\" height=\"218\" srcset=\"https:\/\/l21.mx\/wp-content\/uploads\/2023\/12\/WhatsApp-Image-2023-12-04-at-4.15.38-PM-1-300x218.jpeg 300w, https:\/\/l21.mx\/wp-content\/uploads\/2023\/12\/WhatsApp-Image-2023-12-04-at-4.15.38-PM-1-1024x746.jpeg 1024w, https:\/\/l21.mx\/wp-content\/uploads\/2023\/12\/WhatsApp-Image-2023-12-04-at-4.15.38-PM-1-768x559.jpeg 768w, https:\/\/l21.mx\/wp-content\/uploads\/2023\/12\/WhatsApp-Image-2023-12-04-at-4.15.38-PM-1-1200x874.jpeg 1200w, https:\/\/l21.mx\/wp-content\/uploads\/2023\/12\/WhatsApp-Image-2023-12-04-at-4.15.38-PM-1-1170x852.jpeg 1170w, https:\/\/l21.mx\/wp-content\/uploads\/2023\/12\/WhatsApp-Image-2023-12-04-at-4.15.38-PM-1-585x426.jpeg 585w, https:\/\/l21.mx\/wp-content\/uploads\/2023\/12\/WhatsApp-Image-2023-12-04-at-4.15.38-PM-1.jpeg 1280w\" sizes=\"(max-width: 300px) 100vw, 300px\" \/><\/a><br \/>\nDijo que el contar con la \u201cBandera Azul\u201d permite al destino atraer a turismo selectivo, que busca playas certificadas, en las que los gobiernos locales est\u00e9n comprometidos con el medio ambiente y con fortalecer la educaci\u00f3n ambiental.<br \/>\nDurante estas visitas de control, el personal de la FEE revisa, entre otros puntos, los arenales de manera manual con trabajos de criba en busca de residuos pl\u00e1sticos, colillas de cigarro, corcholatas y todo material que no forma parte del ecosistema de la playa.<\/p>\n","protected":false},"excerpt":{"rendered":"<p>*Personal de la Zofemat acompa\u00f1a a inspectores de la Fundaci\u00f3n para la Educaci\u00f3n Ambiental en M\u00e9xico,&hellip;<\/p>\n","protected":false},"author":100,"featured_media":66098,"comment_status":"closed","ping_status":"closed","sticky":false,"template":"","format":"standard","meta":{"_acf_changed":false,"_lmt_disableupdate":"","_lmt_disable":"","_mbp_gutenberg_autopost":false,"footnotes":""},"categories":[23,1656],"tags":[],"class_list":["post-66095","post","type-post","status-publish","format-standard","has-post-thumbnail","hentry","category-noticias","category-quintana-roo"],"acf":[],"_links":{"self":[{"href":"https:\/\/l21.mx\/index.php?rest_route=\/wp\/v2\/posts\/66095","targetHints":{"allow":["GET"]}}],"collection":[{"href":"https:\/\/l21.mx\/index.php?rest_route=\/wp\/v2\/posts"}],"about":[{"href":"https:\/\/l21.mx\/index.php?rest_route=\/wp\/v2\/types\/post"}],"author":[{"embeddable":true,"href":"https:\/\/l21.mx\/index.php?rest_route=\/wp\/v2\/users\/100"}],"replies":[{"embeddable":true,"href":"https:\/\/l21.mx\/index.php?rest_route=%2Fwp%2Fv2%2Fcomments&post=66095"}],"version-history":[{"count":0,"href":"https:\/\/l21.mx\/index.php?rest_route=\/wp\/v2\/posts\/66095\/revisions"}],"wp:featuredmedia":[{"embeddable":true,"href":"https:\/\/l21.mx\/index.php?rest_route=\/wp\/v2\/media\/66098"}],"wp:attachment":[{"href":"https:\/\/l21.mx\/index.php?rest_route=%2Fwp%2Fv2%2Fmedia&parent=66095"}],"wp:term":[{"taxonomy":"category","embeddable":true,"href":"https:\/\/l21.mx\/index.php?rest_route=%2Fwp%2Fv2%2Fcategories&post=66095"},{"taxonomy":"post_tag","embeddable":true,"href":"https:\/\/l21.mx\/index.php?rest_route=%2Fwp%2Fv2%2Ftags&post=66095"}],"curies":[{"name":"wp","href":"https:\/\/api.w.org\/{rel}","templated":true}]}}