{"id":66108,"date":"2023-12-05T10:37:53","date_gmt":"2023-12-05T15:37:53","guid":{"rendered":"https:\/\/l21.mx\/?p=66108"},"modified":"2023-12-05T10:37:53","modified_gmt":"2023-12-05T15:37:53","slug":"inician-fiestas-decembrinas-en-central-vallarta-con-encendido-del-arbol-navideno","status":"publish","type":"post","link":"https:\/\/l21.mx\/?p=66108","title":{"rendered":"Inician fiestas decembrinas en Central Vallarta, con encendido del \u00e1rbol navide\u00f1o"},"content":{"rendered":"<p>*La alcaldesa felicita a los colaboradores y residentes por fomentar las tradiciones y hacer brillar a la comunidad<\/p>\n<p><a href=\"https:\/\/l21.mx\/wp-content\/uploads\/2023\/12\/WhatsApp-Image-2023-12-05-at-10.16.26-AM.jpeg\" data-rel=\"penci-gallery-image-content\" ><img fetchpriority=\"high\" decoding=\"async\" class=\"alignnone size-medium wp-image-66111\" src=\"https:\/\/l21.mx\/wp-content\/uploads\/2023\/12\/WhatsApp-Image-2023-12-05-at-10.16.26-AM-300x188.jpeg\" alt=\"\" width=\"300\" height=\"188\" srcset=\"https:\/\/l21.mx\/wp-content\/uploads\/2023\/12\/WhatsApp-Image-2023-12-05-at-10.16.26-AM-300x188.jpeg 300w, https:\/\/l21.mx\/wp-content\/uploads\/2023\/12\/WhatsApp-Image-2023-12-05-at-10.16.26-AM-1024x643.jpeg 1024w, https:\/\/l21.mx\/wp-content\/uploads\/2023\/12\/WhatsApp-Image-2023-12-05-at-10.16.26-AM-768x482.jpeg 768w, https:\/\/l21.mx\/wp-content\/uploads\/2023\/12\/WhatsApp-Image-2023-12-05-at-10.16.26-AM-1200x754.jpeg 1200w, https:\/\/l21.mx\/wp-content\/uploads\/2023\/12\/WhatsApp-Image-2023-12-05-at-10.16.26-AM.jpeg 1280w, https:\/\/l21.mx\/wp-content\/uploads\/2023\/12\/WhatsApp-Image-2023-12-05-at-10.16.26-AM-1170x735.jpeg 1170w, https:\/\/l21.mx\/wp-content\/uploads\/2023\/12\/WhatsApp-Image-2023-12-05-at-10.16.26-AM-585x367.jpeg 585w\" sizes=\"(max-width: 300px) 100vw, 300px\" \/><\/a><br \/>\nCentral Vallarta, Puerto Morelos, Quintana Roo, 5 de diciembre de 2023.- Como parte de las tradiciones de Puerto Morelos y sus comunidades, la presidenta municipal Blanca Merari Tziu Mu\u00f1oz llev\u00f3 a cabo el encendido del \u00e1rbol navide\u00f1o en la Subdelegaci\u00f3n Central Vallarta, para dar inicio a las fiestas decembrinas.<br \/>\nEn el evento, al que se dieron cita vecinos de la localidad, la Alcaldesa felicit\u00f3 a colaboradores y residentes por fomentar las tradiciones e impulsar la creatividad, ya que el \u00e1rbol de Navidad fue elaborado con plantas de la regi\u00f3n. Tambi\u00e9n se colocaron un nacimiento y adornos de la temporada con sus respectivas luces.<br \/>\n\u201cMe da gusto verlos trabajar unidos, como debe ser, y espero que 2024 sea un a\u00f1o lleno de prosperidad y mucha salud. Quiero decirles que no son una comunidad olvidada, que cuentan con toda la atenci\u00f3n de nuestro gobierno y tienen en m\u00ed a una amiga y una aliada\u201d, resalt\u00f3.<br \/>\nBlanca Merari Tziu afirm\u00f3 que lo mejor est\u00e1 por venir para Central Vallarta, pero en todas las acciones que se emprendan deben cuidar la esencia que caracteriza a la comunidad, que debe trabajar unida para facilitar las acciones de la administraci\u00f3n.<\/p>\n<p><a href=\"https:\/\/l21.mx\/wp-content\/uploads\/2023\/12\/WhatsApp-Image-2023-12-05-at-10.16.24-AM.jpeg\" data-rel=\"penci-gallery-image-content\" ><img decoding=\"async\" class=\"alignnone size-medium wp-image-66110\" src=\"https:\/\/l21.mx\/wp-content\/uploads\/2023\/12\/WhatsApp-Image-2023-12-05-at-10.16.24-AM-300x208.jpeg\" alt=\"\" width=\"300\" height=\"208\" srcset=\"https:\/\/l21.mx\/wp-content\/uploads\/2023\/12\/WhatsApp-Image-2023-12-05-at-10.16.24-AM-300x208.jpeg 300w, https:\/\/l21.mx\/wp-content\/uploads\/2023\/12\/WhatsApp-Image-2023-12-05-at-10.16.24-AM-1024x710.jpeg 1024w, https:\/\/l21.mx\/wp-content\/uploads\/2023\/12\/WhatsApp-Image-2023-12-05-at-10.16.24-AM-768x533.jpeg 768w, https:\/\/l21.mx\/wp-content\/uploads\/2023\/12\/WhatsApp-Image-2023-12-05-at-10.16.24-AM-1200x833.jpeg 1200w, https:\/\/l21.mx\/wp-content\/uploads\/2023\/12\/WhatsApp-Image-2023-12-05-at-10.16.24-AM-1170x812.jpeg 1170w, https:\/\/l21.mx\/wp-content\/uploads\/2023\/12\/WhatsApp-Image-2023-12-05-at-10.16.24-AM-585x406.jpeg 585w, https:\/\/l21.mx\/wp-content\/uploads\/2023\/12\/WhatsApp-Image-2023-12-05-at-10.16.24-AM.jpeg 1280w\" sizes=\"(max-width: 300px) 100vw, 300px\" \/><\/a><br \/>\nPor su parte, el subdelegado Alejandro Montoya Mex agradeci\u00f3 a la autoridad municipal por desarrollar acciones en beneficio de los habitantes y anunci\u00f3 que en breve comenzar\u00e1 la renovaci\u00f3n de las l\u00e1mparas de alumbrado p\u00fablico por luces blancas, lo que dar\u00e1 mayor claridad a las calles.<br \/>\nLuego del encendido de luces, la Presidenta Municipal se tom\u00f3 fotograf\u00edas al pie del \u00e1rbol para posteriormente disfrutar de unos bocadillos con los vecinos.<br \/>\n&#8212;&#8211;00000&#8212;&#8211;<\/p>\n","protected":false},"excerpt":{"rendered":"<p>*La alcaldesa felicita a los colaboradores y residentes por fomentar las tradiciones y hacer brillar a&hellip;<\/p>\n","protected":false},"author":100,"featured_media":66109,"comment_status":"closed","ping_status":"closed","sticky":false,"template":"","format":"standard","meta":{"_acf_changed":false,"_lmt_disableupdate":"","_lmt_disable":"","_mbp_gutenberg_autopost":false,"footnotes":""},"categories":[23,1656],"tags":[],"class_list":["post-66108","post","type-post","status-publish","format-standard","has-post-thumbnail","hentry","category-noticias","category-quintana-roo"],"acf":[],"_links":{"self":[{"href":"https:\/\/l21.mx\/index.php?rest_route=\/wp\/v2\/posts\/66108","targetHints":{"allow":["GET"]}}],"collection":[{"href":"https:\/\/l21.mx\/index.php?rest_route=\/wp\/v2\/posts"}],"about":[{"href":"https:\/\/l21.mx\/index.php?rest_route=\/wp\/v2\/types\/post"}],"author":[{"embeddable":true,"href":"https:\/\/l21.mx\/index.php?rest_route=\/wp\/v2\/users\/100"}],"replies":[{"embeddable":true,"href":"https:\/\/l21.mx\/index.php?rest_route=%2Fwp%2Fv2%2Fcomments&post=66108"}],"version-history":[{"count":0,"href":"https:\/\/l21.mx\/index.php?rest_route=\/wp\/v2\/posts\/66108\/revisions"}],"wp:featuredmedia":[{"embeddable":true,"href":"https:\/\/l21.mx\/index.php?rest_route=\/wp\/v2\/media\/66109"}],"wp:attachment":[{"href":"https:\/\/l21.mx\/index.php?rest_route=%2Fwp%2Fv2%2Fmedia&parent=66108"}],"wp:term":[{"taxonomy":"category","embeddable":true,"href":"https:\/\/l21.mx\/index.php?rest_route=%2Fwp%2Fv2%2Fcategories&post=66108"},{"taxonomy":"post_tag","embeddable":true,"href":"https:\/\/l21.mx\/index.php?rest_route=%2Fwp%2Fv2%2Ftags&post=66108"}],"curies":[{"name":"wp","href":"https:\/\/api.w.org\/{rel}","templated":true}]}}