{"id":66230,"date":"2023-12-07T10:43:04","date_gmt":"2023-12-07T15:43:04","guid":{"rendered":"https:\/\/l21.mx\/?p=66230"},"modified":"2023-12-07T10:43:04","modified_gmt":"2023-12-07T15:43:04","slug":"fortalecen-vinculo-comercial-de-productores-de-miel-de-jose-maria-morelos","status":"publish","type":"post","link":"https:\/\/l21.mx\/?p=66230","title":{"rendered":"Fortalecen v\u00ednculo comercial de productores de miel de Jos\u00e9 Mar\u00eda Morelos"},"content":{"rendered":"<p>&nbsp;<\/p>\n<p>-El objetivo establecer relaciones comerciales sostenibles a largo plazo con compradores del norte del estado<\/p>\n<p>&nbsp;<\/p>\n<p>Jos\u00e9 Mar\u00eda Morelos.- Con el objetivo de impulsar la vinculaci\u00f3n comercial y establecer relaciones comerciales sostenibles a largo plazo entre las y los productores de miel del municipio Jos\u00e9 Mar\u00eda Morelos con compradores del norte de la entidad, la Secretar\u00eda de Desarrollo Econ\u00f3mico (SEDE) en coordinaci\u00f3n con el Ayuntamiento morelense, realizaron una reuni\u00f3n virtual.<\/p>\n<p>Durante el enlace v\u00eda remota que se realiz\u00f3 desde las instalaciones de la direcci\u00f3n de Desarrollo Agropecuario del municipio Jos\u00e9 Mar\u00eda Morelos, se logr\u00f3 buscar acuerdos de comercializaci\u00f3n de manera inmediata de miel entre los compradores de los municipios de la zona norte: Benito Ju\u00e1rez, Puerto Morelos, Solidaridad, Tulum; as\u00ed como de la zona sur: Bacalar y Oth\u00f3n P. Blanco.<\/p>\n<p>Como parte del Nuevo Acuerdo por el Bienestar y Desarrollo de Quintana Roo, que promueve la gobernadora Mara Lezama Espinosa, se prioriza que la prosperidad sea compartida y cerrar las brechas de desigualdad.<\/p>\n<p>Durante la reuni\u00f3n virtual se atendieron a 11 productores del municipio Jos\u00e9 Mar\u00eda Morelos, los cuales representaron seis grupos entre los que destacan: Maya Pik, Ulol Ch\u00e9, entre otros que benefician a m\u00e1s de 150 productores de miel en la regi\u00f3n.<\/p>\n<p>A trav\u00e9s de esta iniciativa el Gobierno del Estado contin\u00faa generando di\u00e1logos productivos con las y los apicultores y compradores, promoviendo la comercializaci\u00f3n de la miel local.<\/p>\n<p>Durante la reuni\u00f3n virtual se cont\u00f3 con la presencia del presidente municipal de Jos\u00e9 Mar\u00eda Morelos, Erik No\u00e9 Borges Yam; del director de Vinculaci\u00f3n Comercial y Abasto de la SEDE, Roger Villanueva Madrid, funcionarios del proyecto SURGE de la USAID.<\/p>\n","protected":false},"excerpt":{"rendered":"<p>&nbsp; -El objetivo establecer relaciones comerciales sostenibles a largo plazo con compradores del norte del estado&hellip;<\/p>\n","protected":false},"author":100,"featured_media":66231,"comment_status":"closed","ping_status":"closed","sticky":false,"template":"","format":"standard","meta":{"_acf_changed":false,"_lmt_disableupdate":"","_lmt_disable":"","_mbp_gutenberg_autopost":false,"footnotes":""},"categories":[23,1656],"tags":[],"class_list":["post-66230","post","type-post","status-publish","format-standard","has-post-thumbnail","hentry","category-noticias","category-quintana-roo"],"acf":[],"_links":{"self":[{"href":"https:\/\/l21.mx\/index.php?rest_route=\/wp\/v2\/posts\/66230","targetHints":{"allow":["GET"]}}],"collection":[{"href":"https:\/\/l21.mx\/index.php?rest_route=\/wp\/v2\/posts"}],"about":[{"href":"https:\/\/l21.mx\/index.php?rest_route=\/wp\/v2\/types\/post"}],"author":[{"embeddable":true,"href":"https:\/\/l21.mx\/index.php?rest_route=\/wp\/v2\/users\/100"}],"replies":[{"embeddable":true,"href":"https:\/\/l21.mx\/index.php?rest_route=%2Fwp%2Fv2%2Fcomments&post=66230"}],"version-history":[{"count":0,"href":"https:\/\/l21.mx\/index.php?rest_route=\/wp\/v2\/posts\/66230\/revisions"}],"wp:featuredmedia":[{"embeddable":true,"href":"https:\/\/l21.mx\/index.php?rest_route=\/wp\/v2\/media\/66231"}],"wp:attachment":[{"href":"https:\/\/l21.mx\/index.php?rest_route=%2Fwp%2Fv2%2Fmedia&parent=66230"}],"wp:term":[{"taxonomy":"category","embeddable":true,"href":"https:\/\/l21.mx\/index.php?rest_route=%2Fwp%2Fv2%2Fcategories&post=66230"},{"taxonomy":"post_tag","embeddable":true,"href":"https:\/\/l21.mx\/index.php?rest_route=%2Fwp%2Fv2%2Ftags&post=66230"}],"curies":[{"name":"wp","href":"https:\/\/api.w.org\/{rel}","templated":true}]}}