{"id":66241,"date":"2023-12-07T11:41:43","date_gmt":"2023-12-07T16:41:43","guid":{"rendered":"https:\/\/l21.mx\/?p=66241"},"modified":"2023-12-07T11:41:43","modified_gmt":"2023-12-07T16:41:43","slug":"promueven-la-convivencia-y-llevan-el-espiritu-navideno-a-las-familias-de-cancun","status":"publish","type":"post","link":"https:\/\/l21.mx\/?p=66241","title":{"rendered":"Promueven la convivencia y llevan el esp\u00edritu navide\u00f1o a las familias de Canc\u00fan"},"content":{"rendered":"<p><a href=\"https:\/\/l21.mx\/wp-content\/uploads\/2023\/12\/WhatsApp-Image-2023-12-07-at-11.25.32-AM.jpeg\" data-rel=\"penci-gallery-image-content\" ><img fetchpriority=\"high\" decoding=\"async\" class=\"alignnone size-medium wp-image-66242\" src=\"https:\/\/l21.mx\/wp-content\/uploads\/2023\/12\/WhatsApp-Image-2023-12-07-at-11.25.32-AM-300x200.jpeg\" alt=\"\" width=\"300\" height=\"200\" srcset=\"https:\/\/l21.mx\/wp-content\/uploads\/2023\/12\/WhatsApp-Image-2023-12-07-at-11.25.32-AM-300x200.jpeg 300w, https:\/\/l21.mx\/wp-content\/uploads\/2023\/12\/WhatsApp-Image-2023-12-07-at-11.25.32-AM-1024x682.jpeg 1024w, https:\/\/l21.mx\/wp-content\/uploads\/2023\/12\/WhatsApp-Image-2023-12-07-at-11.25.32-AM-768x512.jpeg 768w, https:\/\/l21.mx\/wp-content\/uploads\/2023\/12\/WhatsApp-Image-2023-12-07-at-11.25.32-AM-1200x800.jpeg 1200w, https:\/\/l21.mx\/wp-content\/uploads\/2023\/12\/WhatsApp-Image-2023-12-07-at-11.25.32-AM-1170x780.jpeg 1170w, https:\/\/l21.mx\/wp-content\/uploads\/2023\/12\/WhatsApp-Image-2023-12-07-at-11.25.32-AM-585x390.jpeg 585w, https:\/\/l21.mx\/wp-content\/uploads\/2023\/12\/WhatsApp-Image-2023-12-07-at-11.25.32-AM-263x175.jpeg 263w, https:\/\/l21.mx\/wp-content\/uploads\/2023\/12\/WhatsApp-Image-2023-12-07-at-11.25.32-AM.jpeg 1280w\" sizes=\"(max-width: 300px) 100vw, 300px\" \/><\/a><\/p>\n<p>\u2022 La alcaldesa Ana Paty Peralta inaugura la iluminaci\u00f3n de 18 glorietas de la ciudad y la villa navide\u00f1a en la Supermanzana 95<\/p>\n<p><a href=\"https:\/\/l21.mx\/wp-content\/uploads\/2023\/12\/WhatsApp-Image-2023-12-07-at-11.25.20-AM.jpeg\" data-rel=\"penci-gallery-image-content\" ><img decoding=\"async\" class=\"alignnone size-medium wp-image-66244\" src=\"https:\/\/l21.mx\/wp-content\/uploads\/2023\/12\/WhatsApp-Image-2023-12-07-at-11.25.20-AM-300x260.jpeg\" alt=\"\" width=\"300\" height=\"260\" srcset=\"https:\/\/l21.mx\/wp-content\/uploads\/2023\/12\/WhatsApp-Image-2023-12-07-at-11.25.20-AM-300x260.jpeg 300w, https:\/\/l21.mx\/wp-content\/uploads\/2023\/12\/WhatsApp-Image-2023-12-07-at-11.25.20-AM-1024x887.jpeg 1024w, https:\/\/l21.mx\/wp-content\/uploads\/2023\/12\/WhatsApp-Image-2023-12-07-at-11.25.20-AM-768x665.jpeg 768w, https:\/\/l21.mx\/wp-content\/uploads\/2023\/12\/WhatsApp-Image-2023-12-07-at-11.25.20-AM-1039x900.jpeg 1039w, https:\/\/l21.mx\/wp-content\/uploads\/2023\/12\/WhatsApp-Image-2023-12-07-at-11.25.20-AM-585x507.jpeg 585w, https:\/\/l21.mx\/wp-content\/uploads\/2023\/12\/WhatsApp-Image-2023-12-07-at-11.25.20-AM.jpeg 1121w\" sizes=\"(max-width: 300px) 100vw, 300px\" \/><\/a><\/p>\n<p>Canc\u00fan, Q. R., a 07 de diciembre de 2023.- A fin de seguir llevando un ambiente de paz, amor, alegr\u00eda y esperanza en las calles de la ciudad, la noche de este mi\u00e9rcoles, la Presidenta Municipal de Benito Ju\u00e1rez, Ana Paty Peralta, junto a la gobernadora Mara Lezama hicieron el encendido de la villa navide\u00f1a en el camell\u00f3n central de la Supermanzana 95.<\/p>\n<p>Adem\u00e1s, como parte de las actividades decembrinas, la Primera Autoridad Municipal recorri\u00f3 las principales avenidas para terminar de iluminar 18 glorietas que trasmiten la emoci\u00f3n de la temporada y embellecen las vialidades del polo tur\u00edstico. \u201cEstas acciones hacen la diferencia, llevan esperanza y mensajes de unidad, !En Canc\u00fan, la Navidad nos Une!\u201d, expres\u00f3 con una gran sonrisa en el rostro y rodeada de un ambiente de celebraci\u00f3n.<\/p>\n<p><a href=\"https:\/\/l21.mx\/wp-content\/uploads\/2023\/12\/WhatsApp-Image-2023-12-07-at-11.25.30-AM.jpeg\" data-rel=\"penci-gallery-image-content\" ><img decoding=\"async\" class=\"alignnone size-medium wp-image-66246\" src=\"https:\/\/l21.mx\/wp-content\/uploads\/2023\/12\/WhatsApp-Image-2023-12-07-at-11.25.30-AM-300x200.jpeg\" alt=\"\" width=\"300\" height=\"200\" srcset=\"https:\/\/l21.mx\/wp-content\/uploads\/2023\/12\/WhatsApp-Image-2023-12-07-at-11.25.30-AM-300x200.jpeg 300w, https:\/\/l21.mx\/wp-content\/uploads\/2023\/12\/WhatsApp-Image-2023-12-07-at-11.25.30-AM-1024x682.jpeg 1024w, https:\/\/l21.mx\/wp-content\/uploads\/2023\/12\/WhatsApp-Image-2023-12-07-at-11.25.30-AM-768x512.jpeg 768w, https:\/\/l21.mx\/wp-content\/uploads\/2023\/12\/WhatsApp-Image-2023-12-07-at-11.25.30-AM-1200x800.jpeg 1200w, https:\/\/l21.mx\/wp-content\/uploads\/2023\/12\/WhatsApp-Image-2023-12-07-at-11.25.30-AM-1170x780.jpeg 1170w, https:\/\/l21.mx\/wp-content\/uploads\/2023\/12\/WhatsApp-Image-2023-12-07-at-11.25.30-AM-585x390.jpeg 585w, https:\/\/l21.mx\/wp-content\/uploads\/2023\/12\/WhatsApp-Image-2023-12-07-at-11.25.30-AM-263x175.jpeg 263w, https:\/\/l21.mx\/wp-content\/uploads\/2023\/12\/WhatsApp-Image-2023-12-07-at-11.25.30-AM.jpeg 1280w\" sizes=\"(max-width: 300px) 100vw, 300px\" \/><\/a><\/p>\n<p>Para dar inicio con el recorrido, la Alcaldesa en compa\u00f1\u00eda de sus dos hijos, de ni\u00f1os de la Fundaci\u00f3n Pro Ni\u00f1os Excepcionales, padres de familia y \u201cSanta Claus\u201d abordaron los camiones \u201cTuribus\u201d de la empresa ADO, y durante la ruta pudieron disfrutar de forma segura del encendido de las rotondas, las cuales contaban con villancicos navide\u00f1os y personajes alusivos a la fecha decembrina.<\/p>\n<p>A lo largo del trayecto, la Gobernadora se sum\u00f3 para iluminar la villa navide\u00f1a de la Supermanzana 95, la cual ya es una tradici\u00f3n y fue iniciada por Mara Lezama cuando estuvo al frente de Benito Ju\u00e1rez, creando al d\u00eda de hoy esta tradici\u00f3n que a\u00fan se comparte con familias y amigos; mismo hecho con el que se conmemor\u00f3 a Jos\u00e9 Luis Castro Garibay, quien fue Director General de Servicios P\u00fablicos y encabez\u00f3 la primera edici\u00f3n del proyecto.<\/p>\n<p><a href=\"https:\/\/l21.mx\/wp-content\/uploads\/2023\/12\/WhatsApp-Image-2023-12-07-at-11.25.30-AM-1.jpeg\" data-rel=\"penci-gallery-image-content\" ><img loading=\"lazy\" decoding=\"async\" class=\"alignnone size-medium wp-image-66247\" src=\"https:\/\/l21.mx\/wp-content\/uploads\/2023\/12\/WhatsApp-Image-2023-12-07-at-11.25.30-AM-1-300x200.jpeg\" alt=\"\" width=\"300\" height=\"200\" srcset=\"https:\/\/l21.mx\/wp-content\/uploads\/2023\/12\/WhatsApp-Image-2023-12-07-at-11.25.30-AM-1-300x200.jpeg 300w, https:\/\/l21.mx\/wp-content\/uploads\/2023\/12\/WhatsApp-Image-2023-12-07-at-11.25.30-AM-1-1024x682.jpeg 1024w, https:\/\/l21.mx\/wp-content\/uploads\/2023\/12\/WhatsApp-Image-2023-12-07-at-11.25.30-AM-1-768x512.jpeg 768w, https:\/\/l21.mx\/wp-content\/uploads\/2023\/12\/WhatsApp-Image-2023-12-07-at-11.25.30-AM-1-1200x800.jpeg 1200w, https:\/\/l21.mx\/wp-content\/uploads\/2023\/12\/WhatsApp-Image-2023-12-07-at-11.25.30-AM-1-1170x780.jpeg 1170w, https:\/\/l21.mx\/wp-content\/uploads\/2023\/12\/WhatsApp-Image-2023-12-07-at-11.25.30-AM-1-585x390.jpeg 585w, https:\/\/l21.mx\/wp-content\/uploads\/2023\/12\/WhatsApp-Image-2023-12-07-at-11.25.30-AM-1-263x175.jpeg 263w, https:\/\/l21.mx\/wp-content\/uploads\/2023\/12\/WhatsApp-Image-2023-12-07-at-11.25.30-AM-1.jpeg 1280w\" sizes=\"(max-width: 300px) 100vw, 300px\" \/><\/a><\/p>\n<p>Tambi\u00e9n, en su estad\u00eda, las autoridades estatales y municipales convivieron con las y los residentes tom\u00e1ndose fotos en las hermosas luces, el nacimiento, esferas, nochebuenas y entre otros elementos que adornaban cada rinc\u00f3n de la villa.<\/p>\n<p>\u201cLos invito a que asistan y disfruten en familia el encendido de las luces navide\u00f1as, la decoraci\u00f3n y nuestro \u00e1rbol de navidad en la Plaza de la Reforma, tambi\u00e9n la villa navide\u00f1a en la Supermanzana 95 y las villas en el Malec\u00f3n Tajamar, donde tambi\u00e9n est\u00e1 la pista ecol\u00f3gica de patinaje; t\u00f3mense muchas fotos, divi\u00e9rtanse en familia, con amigos, con las ni\u00f1as y ni\u00f1os, porque este gran esfuerzo que hacemos es con mucho amor, pensando en que vivamos momentos inolvidables\u201d, finaliz\u00f3 Ana Paty Peralta.<\/p>\n<p>&nbsp;<\/p>\n<p><a href=\"https:\/\/l21.mx\/wp-content\/uploads\/2023\/12\/WhatsApp-Image-2023-12-07-at-11.25.34-AM.jpeg\" data-rel=\"penci-gallery-image-content\" ><img loading=\"lazy\" decoding=\"async\" class=\"alignnone size-medium wp-image-66243\" src=\"https:\/\/l21.mx\/wp-content\/uploads\/2023\/12\/WhatsApp-Image-2023-12-07-at-11.25.34-AM-300x225.jpeg\" alt=\"\" width=\"300\" height=\"225\" srcset=\"https:\/\/l21.mx\/wp-content\/uploads\/2023\/12\/WhatsApp-Image-2023-12-07-at-11.25.34-AM-300x225.jpeg 300w, https:\/\/l21.mx\/wp-content\/uploads\/2023\/12\/WhatsApp-Image-2023-12-07-at-11.25.34-AM-1024x768.jpeg 1024w, https:\/\/l21.mx\/wp-content\/uploads\/2023\/12\/WhatsApp-Image-2023-12-07-at-11.25.34-AM-768x576.jpeg 768w, https:\/\/l21.mx\/wp-content\/uploads\/2023\/12\/WhatsApp-Image-2023-12-07-at-11.25.34-AM-1536x1152.jpeg 1536w, https:\/\/l21.mx\/wp-content\/uploads\/2023\/12\/WhatsApp-Image-2023-12-07-at-11.25.34-AM-1200x900.jpeg 1200w, https:\/\/l21.mx\/wp-content\/uploads\/2023\/12\/WhatsApp-Image-2023-12-07-at-11.25.34-AM-1170x878.jpeg 1170w, https:\/\/l21.mx\/wp-content\/uploads\/2023\/12\/WhatsApp-Image-2023-12-07-at-11.25.34-AM-585x439.jpeg 585w, https:\/\/l21.mx\/wp-content\/uploads\/2023\/12\/WhatsApp-Image-2023-12-07-at-11.25.34-AM.jpeg 1600w\" sizes=\"(max-width: 300px) 100vw, 300px\" \/><\/a><\/p>\n<p>Glorietas iluminadas:<br \/>\n\u2022 Monumento a la Historia de M\u00e9xico, ubicada entre las avenidas Tulum y Uxmal<br \/>\n\u2022 Entrada del centro comercial \u201cMarina Puerto Canc\u00fan\u201d, ubicada entre la avenida Bonampak y Uxmal<br \/>\n\u2022 Monumento al Pionero, ubicada entre la avenida Tulum y Contoy<br \/>\n\u2022 Exterior de \u201cPlaza Las Am\u00e9ricas\u201d, ubicada entre avenida Tulum y Nichupt\u00e9<br \/>\n\u2022 Rambla del Malec\u00f3n Tajamar<br \/>\n\u2022 \u201cEl Ceviche\u201d, ubicada entre la avenida Xcaret y Tulum<br \/>\n\u2022 Monumento a la Madre, ubicado en la avenida Tulum y Chichen Itz\u00e1<br \/>\n\u2022 Parque del Crucero, ubicado entre avenida L\u00f3pez Portillo y Tulum<br \/>\n\u2022 SNTE, ubicada entre la avenida Bonampak y Chichen Itz\u00e1<br \/>\n\u2022 Entrada Zona Hotelera, ubicada entre la avenida Bonampak y Xcaret<br \/>\n\u2022 Plaza de Toros, ubicada entre la avenida la avenida Bonampak y Sayil<br \/>\n\u2022 Da Vinci, ubicada entre la avenida Kabah y Nichupt\u00e9<br \/>\n\u2022 Monumento a Leona Vicario, ubicada entre avenida Palenque y Cob\u00e1<br \/>\n\u2022 Tacos Israel, ubicada entre avenida Palenque y Chichen Itz\u00e1<br \/>\n\u2022 IMSS, ubicada entre avenida Yaxchil\u00e1n y Cob\u00e1<br \/>\n\u2022 Cruz Roja, ubicada entre avenida Yaxchil\u00e1n y Xcaret<\/p>\n","protected":false},"excerpt":{"rendered":"<p>\u2022 La alcaldesa Ana Paty Peralta inaugura la iluminaci\u00f3n de 18 glorietas de la ciudad y&hellip;<\/p>\n","protected":false},"author":100,"featured_media":66248,"comment_status":"closed","ping_status":"closed","sticky":false,"template":"","format":"standard","meta":{"_acf_changed":false,"_lmt_disableupdate":"","_lmt_disable":"","_mbp_gutenberg_autopost":false,"footnotes":""},"categories":[1657,1655,23],"tags":[],"class_list":["post-66241","post","type-post","status-publish","format-standard","has-post-thumbnail","hentry","category-benito-juarez","category-cancun","category-noticias"],"acf":[],"_links":{"self":[{"href":"https:\/\/l21.mx\/index.php?rest_route=\/wp\/v2\/posts\/66241","targetHints":{"allow":["GET"]}}],"collection":[{"href":"https:\/\/l21.mx\/index.php?rest_route=\/wp\/v2\/posts"}],"about":[{"href":"https:\/\/l21.mx\/index.php?rest_route=\/wp\/v2\/types\/post"}],"author":[{"embeddable":true,"href":"https:\/\/l21.mx\/index.php?rest_route=\/wp\/v2\/users\/100"}],"replies":[{"embeddable":true,"href":"https:\/\/l21.mx\/index.php?rest_route=%2Fwp%2Fv2%2Fcomments&post=66241"}],"version-history":[{"count":0,"href":"https:\/\/l21.mx\/index.php?rest_route=\/wp\/v2\/posts\/66241\/revisions"}],"wp:featuredmedia":[{"embeddable":true,"href":"https:\/\/l21.mx\/index.php?rest_route=\/wp\/v2\/media\/66248"}],"wp:attachment":[{"href":"https:\/\/l21.mx\/index.php?rest_route=%2Fwp%2Fv2%2Fmedia&parent=66241"}],"wp:term":[{"taxonomy":"category","embeddable":true,"href":"https:\/\/l21.mx\/index.php?rest_route=%2Fwp%2Fv2%2Fcategories&post=66241"},{"taxonomy":"post_tag","embeddable":true,"href":"https:\/\/l21.mx\/index.php?rest_route=%2Fwp%2Fv2%2Ftags&post=66241"}],"curies":[{"name":"wp","href":"https:\/\/api.w.org\/{rel}","templated":true}]}}