{"id":66269,"date":"2023-12-07T19:02:44","date_gmt":"2023-12-08T00:02:44","guid":{"rendered":"https:\/\/l21.mx\/?p=66269"},"modified":"2023-12-07T19:02:44","modified_gmt":"2023-12-08T00:02:44","slug":"programa-barrido-de-colonias-logra-limpieza-integral","status":"publish","type":"post","link":"https:\/\/l21.mx\/?p=66269","title":{"rendered":"Programa \u201cBarrido de Colonias\u201d logra limpieza integral"},"content":{"rendered":"<p>&nbsp;<\/p>\n<p>\u2022 Se ofrece barrido, bacheo, descacharrizaci\u00f3n, poda y todo lo que se necesite para dejar limpias las vialidades p\u00fablicas en los hogares solidarenses<\/p>\n<p><a href=\"https:\/\/l21.mx\/wp-content\/uploads\/2023\/12\/WhatsApp-Image-2023-12-07-at-4.52.15-PM.jpeg\" data-rel=\"penci-gallery-image-content\" ><img fetchpriority=\"high\" decoding=\"async\" class=\"alignnone size-medium wp-image-66273\" src=\"https:\/\/l21.mx\/wp-content\/uploads\/2023\/12\/WhatsApp-Image-2023-12-07-at-4.52.15-PM-300x200.jpeg\" alt=\"\" width=\"300\" height=\"200\" srcset=\"https:\/\/l21.mx\/wp-content\/uploads\/2023\/12\/WhatsApp-Image-2023-12-07-at-4.52.15-PM-300x200.jpeg 300w, https:\/\/l21.mx\/wp-content\/uploads\/2023\/12\/WhatsApp-Image-2023-12-07-at-4.52.15-PM-1024x682.jpeg 1024w, https:\/\/l21.mx\/wp-content\/uploads\/2023\/12\/WhatsApp-Image-2023-12-07-at-4.52.15-PM-768x512.jpeg 768w, https:\/\/l21.mx\/wp-content\/uploads\/2023\/12\/WhatsApp-Image-2023-12-07-at-4.52.15-PM-1200x800.jpeg 1200w, https:\/\/l21.mx\/wp-content\/uploads\/2023\/12\/WhatsApp-Image-2023-12-07-at-4.52.15-PM-1170x780.jpeg 1170w, https:\/\/l21.mx\/wp-content\/uploads\/2023\/12\/WhatsApp-Image-2023-12-07-at-4.52.15-PM-585x390.jpeg 585w, https:\/\/l21.mx\/wp-content\/uploads\/2023\/12\/WhatsApp-Image-2023-12-07-at-4.52.15-PM-263x175.jpeg 263w, https:\/\/l21.mx\/wp-content\/uploads\/2023\/12\/WhatsApp-Image-2023-12-07-at-4.52.15-PM.jpeg 1280w\" sizes=\"(max-width: 300px) 100vw, 300px\" \/><\/a><\/p>\n<p>Playa del Carmen, Solidaridad, 07 de diciembre del 2023.- Con acciones decididas, el gobierno que encabeza Lili Campos, a trav\u00e9s de Servicios P\u00fablicos, refuerza la limpieza de colonias, con el programa permanente \u00abBarrido de Colonias\u201d que lleva podado, bacheo, descacharrizaci\u00f3n y atenci\u00f3n integral que permite mejorar la calidad de vida de las familias y la imagen urbana.<\/p>\n<p><a href=\"https:\/\/l21.mx\/wp-content\/uploads\/2023\/12\/WhatsApp-Image-2023-12-07-at-4.52.16-PM.jpeg\" data-rel=\"penci-gallery-image-content\" ><img decoding=\"async\" class=\"alignnone size-medium wp-image-66272\" src=\"https:\/\/l21.mx\/wp-content\/uploads\/2023\/12\/WhatsApp-Image-2023-12-07-at-4.52.16-PM-300x225.jpeg\" alt=\"\" width=\"300\" height=\"225\" srcset=\"https:\/\/l21.mx\/wp-content\/uploads\/2023\/12\/WhatsApp-Image-2023-12-07-at-4.52.16-PM-300x225.jpeg 300w, https:\/\/l21.mx\/wp-content\/uploads\/2023\/12\/WhatsApp-Image-2023-12-07-at-4.52.16-PM-1024x768.jpeg 1024w, https:\/\/l21.mx\/wp-content\/uploads\/2023\/12\/WhatsApp-Image-2023-12-07-at-4.52.16-PM-768x576.jpeg 768w, https:\/\/l21.mx\/wp-content\/uploads\/2023\/12\/WhatsApp-Image-2023-12-07-at-4.52.16-PM-1200x900.jpeg 1200w, https:\/\/l21.mx\/wp-content\/uploads\/2023\/12\/WhatsApp-Image-2023-12-07-at-4.52.16-PM-1170x878.jpeg 1170w, https:\/\/l21.mx\/wp-content\/uploads\/2023\/12\/WhatsApp-Image-2023-12-07-at-4.52.16-PM-585x439.jpeg 585w, https:\/\/l21.mx\/wp-content\/uploads\/2023\/12\/WhatsApp-Image-2023-12-07-at-4.52.16-PM.jpeg 1280w\" sizes=\"(max-width: 300px) 100vw, 300px\" \/><\/a><\/p>\n<p>El secretario de Servicios P\u00fablicos Benny Mill\u00e1n manifest\u00f3 que se realizan acciones constantes de mejora en la imagen urbana de las colonias, como en este caso sucedi\u00f3 en la colonia Colosio, donde se limpi\u00f3, pod\u00f3 y bachearon vialidades. Estos trabajos, est\u00e1n destinados a impulsar la calidad de vida de los habitantes y visitantes.<\/p>\n<p><a href=\"https:\/\/l21.mx\/wp-content\/uploads\/2023\/12\/WhatsApp-Image-2023-12-07-at-4.52.17-PM.jpeg\" data-rel=\"penci-gallery-image-content\" ><img decoding=\"async\" class=\"alignnone size-medium wp-image-66271\" src=\"https:\/\/l21.mx\/wp-content\/uploads\/2023\/12\/WhatsApp-Image-2023-12-07-at-4.52.17-PM-300x225.jpeg\" alt=\"\" width=\"300\" height=\"225\" srcset=\"https:\/\/l21.mx\/wp-content\/uploads\/2023\/12\/WhatsApp-Image-2023-12-07-at-4.52.17-PM-300x225.jpeg 300w, https:\/\/l21.mx\/wp-content\/uploads\/2023\/12\/WhatsApp-Image-2023-12-07-at-4.52.17-PM-1024x768.jpeg 1024w, https:\/\/l21.mx\/wp-content\/uploads\/2023\/12\/WhatsApp-Image-2023-12-07-at-4.52.17-PM-768x576.jpeg 768w, https:\/\/l21.mx\/wp-content\/uploads\/2023\/12\/WhatsApp-Image-2023-12-07-at-4.52.17-PM-1200x900.jpeg 1200w, https:\/\/l21.mx\/wp-content\/uploads\/2023\/12\/WhatsApp-Image-2023-12-07-at-4.52.17-PM-1170x878.jpeg 1170w, https:\/\/l21.mx\/wp-content\/uploads\/2023\/12\/WhatsApp-Image-2023-12-07-at-4.52.17-PM-585x439.jpeg 585w, https:\/\/l21.mx\/wp-content\/uploads\/2023\/12\/WhatsApp-Image-2023-12-07-at-4.52.17-PM.jpeg 1280w\" sizes=\"(max-width: 300px) 100vw, 300px\" \/><\/a><\/p>\n<p>Por \u00faltimo, el funcionario se\u00f1al\u00f3 que, con los equipos y maquinarias adquiridos por la administraci\u00f3n, se refuerza la limpieza en el municipio, as\u00ed como se incrementa la productividad del personal de Servicios P\u00fablicos para la limpieza de calles, colonias y espacios p\u00fablicos del municipio.<\/p>\n<p><a href=\"https:\/\/l21.mx\/wp-content\/uploads\/2023\/12\/WhatsApp-Image-2023-12-07-at-4.52.14-PM.jpeg\" data-rel=\"penci-gallery-image-content\" ><img loading=\"lazy\" decoding=\"async\" class=\"alignnone size-medium wp-image-66270\" src=\"https:\/\/l21.mx\/wp-content\/uploads\/2023\/12\/WhatsApp-Image-2023-12-07-at-4.52.14-PM-300x200.jpeg\" alt=\"\" width=\"300\" height=\"200\" srcset=\"https:\/\/l21.mx\/wp-content\/uploads\/2023\/12\/WhatsApp-Image-2023-12-07-at-4.52.14-PM-300x200.jpeg 300w, https:\/\/l21.mx\/wp-content\/uploads\/2023\/12\/WhatsApp-Image-2023-12-07-at-4.52.14-PM-1024x683.jpeg 1024w, https:\/\/l21.mx\/wp-content\/uploads\/2023\/12\/WhatsApp-Image-2023-12-07-at-4.52.14-PM-768x512.jpeg 768w, https:\/\/l21.mx\/wp-content\/uploads\/2023\/12\/WhatsApp-Image-2023-12-07-at-4.52.14-PM-1200x801.jpeg 1200w, https:\/\/l21.mx\/wp-content\/uploads\/2023\/12\/WhatsApp-Image-2023-12-07-at-4.52.14-PM-1170x781.jpeg 1170w, https:\/\/l21.mx\/wp-content\/uploads\/2023\/12\/WhatsApp-Image-2023-12-07-at-4.52.14-PM-585x390.jpeg 585w, https:\/\/l21.mx\/wp-content\/uploads\/2023\/12\/WhatsApp-Image-2023-12-07-at-4.52.14-PM-263x175.jpeg 263w, https:\/\/l21.mx\/wp-content\/uploads\/2023\/12\/WhatsApp-Image-2023-12-07-at-4.52.14-PM.jpeg 1280w\" sizes=\"(max-width: 300px) 100vw, 300px\" \/><\/a><\/p>\n","protected":false},"excerpt":{"rendered":"<p>&nbsp; \u2022 Se ofrece barrido, bacheo, descacharrizaci\u00f3n, poda y todo lo que se necesite para dejar&hellip;<\/p>\n","protected":false},"author":100,"featured_media":66274,"comment_status":"closed","ping_status":"closed","sticky":false,"template":"","format":"standard","meta":{"_acf_changed":false,"_lmt_disableupdate":"","_lmt_disable":"","_mbp_gutenberg_autopost":false,"footnotes":""},"categories":[1654],"tags":[],"class_list":["post-66269","post","type-post","status-publish","format-standard","has-post-thumbnail","hentry","category-solidaridad"],"acf":[],"_links":{"self":[{"href":"https:\/\/l21.mx\/index.php?rest_route=\/wp\/v2\/posts\/66269","targetHints":{"allow":["GET"]}}],"collection":[{"href":"https:\/\/l21.mx\/index.php?rest_route=\/wp\/v2\/posts"}],"about":[{"href":"https:\/\/l21.mx\/index.php?rest_route=\/wp\/v2\/types\/post"}],"author":[{"embeddable":true,"href":"https:\/\/l21.mx\/index.php?rest_route=\/wp\/v2\/users\/100"}],"replies":[{"embeddable":true,"href":"https:\/\/l21.mx\/index.php?rest_route=%2Fwp%2Fv2%2Fcomments&post=66269"}],"version-history":[{"count":0,"href":"https:\/\/l21.mx\/index.php?rest_route=\/wp\/v2\/posts\/66269\/revisions"}],"wp:featuredmedia":[{"embeddable":true,"href":"https:\/\/l21.mx\/index.php?rest_route=\/wp\/v2\/media\/66274"}],"wp:attachment":[{"href":"https:\/\/l21.mx\/index.php?rest_route=%2Fwp%2Fv2%2Fmedia&parent=66269"}],"wp:term":[{"taxonomy":"category","embeddable":true,"href":"https:\/\/l21.mx\/index.php?rest_route=%2Fwp%2Fv2%2Fcategories&post=66269"},{"taxonomy":"post_tag","embeddable":true,"href":"https:\/\/l21.mx\/index.php?rest_route=%2Fwp%2Fv2%2Ftags&post=66269"}],"curies":[{"name":"wp","href":"https:\/\/api.w.org\/{rel}","templated":true}]}}