{"id":66278,"date":"2023-12-08T09:45:09","date_gmt":"2023-12-08T14:45:09","guid":{"rendered":"https:\/\/l21.mx\/?p=66278"},"modified":"2023-12-08T09:45:09","modified_gmt":"2023-12-08T14:45:09","slug":"participa-sefiplan-en-reunion-nacional-para-fortalecimiento-de-las-finanzas-publicas","status":"publish","type":"post","link":"https:\/\/l21.mx\/?p=66278","title":{"rendered":"Participa SEFIPLAN en reuni\u00f3n nacional para fortalecimiento de las finanzas p\u00fablicas"},"content":{"rendered":"<p>&nbsp;<\/p>\n<p>-Funcionarios de primer nivel de instituciones hacendarias del Gobierno de M\u00e9xico y de los Estados de la Rep\u00fablica Mexicana expusieron y discutieron los principales temas coyunturales para el fortalecimiento de las finanzas p\u00fablicas de la Federaci\u00f3n, entidades federativas y municipios<\/p>\n<p><a href=\"https:\/\/l21.mx\/wp-content\/uploads\/2023\/12\/WhatsApp-Image-2023-12-07-at-7.24.37-PM-1.jpeg\" data-rel=\"penci-gallery-image-content\" ><img fetchpriority=\"high\" decoding=\"async\" class=\"alignnone size-medium wp-image-66279\" src=\"https:\/\/l21.mx\/wp-content\/uploads\/2023\/12\/WhatsApp-Image-2023-12-07-at-7.24.37-PM-1-300x200.jpeg\" alt=\"\" width=\"300\" height=\"200\" srcset=\"https:\/\/l21.mx\/wp-content\/uploads\/2023\/12\/WhatsApp-Image-2023-12-07-at-7.24.37-PM-1-300x200.jpeg 300w, https:\/\/l21.mx\/wp-content\/uploads\/2023\/12\/WhatsApp-Image-2023-12-07-at-7.24.37-PM-1-1024x682.jpeg 1024w, https:\/\/l21.mx\/wp-content\/uploads\/2023\/12\/WhatsApp-Image-2023-12-07-at-7.24.37-PM-1-768x512.jpeg 768w, https:\/\/l21.mx\/wp-content\/uploads\/2023\/12\/WhatsApp-Image-2023-12-07-at-7.24.37-PM-1-1536x1023.jpeg 1536w, https:\/\/l21.mx\/wp-content\/uploads\/2023\/12\/WhatsApp-Image-2023-12-07-at-7.24.37-PM-1-1200x800.jpeg 1200w, https:\/\/l21.mx\/wp-content\/uploads\/2023\/12\/WhatsApp-Image-2023-12-07-at-7.24.37-PM-1-1170x780.jpeg 1170w, https:\/\/l21.mx\/wp-content\/uploads\/2023\/12\/WhatsApp-Image-2023-12-07-at-7.24.37-PM-1-585x390.jpeg 585w, https:\/\/l21.mx\/wp-content\/uploads\/2023\/12\/WhatsApp-Image-2023-12-07-at-7.24.37-PM-1-263x175.jpeg 263w, https:\/\/l21.mx\/wp-content\/uploads\/2023\/12\/WhatsApp-Image-2023-12-07-at-7.24.37-PM-1.jpeg 1600w\" sizes=\"(max-width: 300px) 100vw, 300px\" \/><\/a><\/p>\n<p>Chetumal.- El secretario de Finanzas y Planeaci\u00f3n de Quintana Roo, (SEFIPLAN), Eugenio Segura V\u00e1zquez, particip\u00f3 en la CCCLIV Reuni\u00f3n de la Comisi\u00f3n Permanente de Funcionarios Fiscales, y en la LII Reuni\u00f3n Nacional de Funcionarios Fiscales, que se realizaron en Mazatl\u00e1n, Sinaloa.<\/p>\n<p>Fueron dos foros en los que se expusieron y discutieron los principales temas coyunturales para el fortalecimiento de las finanzas p\u00fablicas de la Federaci\u00f3n, entidades federativas y municipios. Participaron funcionarios de primer nivel de instituciones hacendarias del Gobierno de M\u00e9xico y estados de la Rep\u00fablica Mexicana.<\/p>\n<p>El evento fue inaugurado por el gobernador de Sinaloa, Rub\u00e9n Rocha Moya, mientras que el secretario de Administraci\u00f3n y Finanzas del Estado, Enrique Alfonso D\u00edaz Vega, dio la bienvenida a los participantes.<\/p>\n<p><a href=\"https:\/\/l21.mx\/wp-content\/uploads\/2023\/12\/WhatsApp-Image-2023-12-07-at-7.24.37-PM.jpeg\" data-rel=\"penci-gallery-image-content\" ><img decoding=\"async\" class=\"alignnone size-medium wp-image-66280\" src=\"https:\/\/l21.mx\/wp-content\/uploads\/2023\/12\/WhatsApp-Image-2023-12-07-at-7.24.37-PM-300x135.jpeg\" alt=\"\" width=\"300\" height=\"135\" srcset=\"https:\/\/l21.mx\/wp-content\/uploads\/2023\/12\/WhatsApp-Image-2023-12-07-at-7.24.37-PM-300x135.jpeg 300w, https:\/\/l21.mx\/wp-content\/uploads\/2023\/12\/WhatsApp-Image-2023-12-07-at-7.24.37-PM-1024x461.jpeg 1024w, https:\/\/l21.mx\/wp-content\/uploads\/2023\/12\/WhatsApp-Image-2023-12-07-at-7.24.37-PM-768x346.jpeg 768w, https:\/\/l21.mx\/wp-content\/uploads\/2023\/12\/WhatsApp-Image-2023-12-07-at-7.24.37-PM-1536x691.jpeg 1536w, https:\/\/l21.mx\/wp-content\/uploads\/2023\/12\/WhatsApp-Image-2023-12-07-at-7.24.37-PM-1200x540.jpeg 1200w, https:\/\/l21.mx\/wp-content\/uploads\/2023\/12\/WhatsApp-Image-2023-12-07-at-7.24.37-PM-1170x527.jpeg 1170w, https:\/\/l21.mx\/wp-content\/uploads\/2023\/12\/WhatsApp-Image-2023-12-07-at-7.24.37-PM-585x263.jpeg 585w, https:\/\/l21.mx\/wp-content\/uploads\/2023\/12\/WhatsApp-Image-2023-12-07-at-7.24.37-PM.jpeg 1600w\" sizes=\"(max-width: 300px) 100vw, 300px\" \/><\/a><\/p>\n<p>De igual manera se llev\u00f3 a cabo la votaci\u00f3n para elegir coordinadores de los diferentes grupos y comit\u00e9s de trabajo, reiterando a Quintana Roo en el grupo de Recaudaci\u00f3n; as\u00ed mismo, la elecci\u00f3n del Coordinador Nacional de la Comisi\u00f3n Permanente de Funcionarios Fiscales quedando el estado de Hidalgo.<\/p>\n<p>El titular de la SEFIPLAN, Eugenio Segura V\u00e1zquez, destac\u00f3 que en Quintana Roo se da prioridad a las comunidades alejadas para apoyar a las familias m\u00e1s vulnerables, a fin de reincorporarlas al desarrollo social y bienestar compartido.<\/p>\n<p>Indic\u00f3 que Quintana Roo en 2024 se destinar\u00e1n recursos para apoyar a las comunidades m\u00e1s necesitadas y al empoderamiento de la mujer, siguiendo los lineamientos del Nuevo Acuerdo por el Bienestar y Desarrollo, impulsado por la gobernadora Mara Lezama Espinosa, que busca cerrar las brechas de desigualdad y elevar la calidad de vida de toda la poblaci\u00f3n del Estado.<\/p>\n","protected":false},"excerpt":{"rendered":"<p>&nbsp; -Funcionarios de primer nivel de instituciones hacendarias del Gobierno de M\u00e9xico y de los Estados&hellip;<\/p>\n","protected":false},"author":100,"featured_media":66280,"comment_status":"closed","ping_status":"closed","sticky":false,"template":"","format":"standard","meta":{"_acf_changed":false,"_lmt_disableupdate":"","_lmt_disable":"","_mbp_gutenberg_autopost":false,"footnotes":""},"categories":[23,1656],"tags":[],"class_list":["post-66278","post","type-post","status-publish","format-standard","has-post-thumbnail","hentry","category-noticias","category-quintana-roo"],"acf":[],"_links":{"self":[{"href":"https:\/\/l21.mx\/index.php?rest_route=\/wp\/v2\/posts\/66278","targetHints":{"allow":["GET"]}}],"collection":[{"href":"https:\/\/l21.mx\/index.php?rest_route=\/wp\/v2\/posts"}],"about":[{"href":"https:\/\/l21.mx\/index.php?rest_route=\/wp\/v2\/types\/post"}],"author":[{"embeddable":true,"href":"https:\/\/l21.mx\/index.php?rest_route=\/wp\/v2\/users\/100"}],"replies":[{"embeddable":true,"href":"https:\/\/l21.mx\/index.php?rest_route=%2Fwp%2Fv2%2Fcomments&post=66278"}],"version-history":[{"count":0,"href":"https:\/\/l21.mx\/index.php?rest_route=\/wp\/v2\/posts\/66278\/revisions"}],"wp:featuredmedia":[{"embeddable":true,"href":"https:\/\/l21.mx\/index.php?rest_route=\/wp\/v2\/media\/66280"}],"wp:attachment":[{"href":"https:\/\/l21.mx\/index.php?rest_route=%2Fwp%2Fv2%2Fmedia&parent=66278"}],"wp:term":[{"taxonomy":"category","embeddable":true,"href":"https:\/\/l21.mx\/index.php?rest_route=%2Fwp%2Fv2%2Fcategories&post=66278"},{"taxonomy":"post_tag","embeddable":true,"href":"https:\/\/l21.mx\/index.php?rest_route=%2Fwp%2Fv2%2Ftags&post=66278"}],"curies":[{"name":"wp","href":"https:\/\/api.w.org\/{rel}","templated":true}]}}