{"id":66295,"date":"2023-12-08T13:42:55","date_gmt":"2023-12-08T18:42:55","guid":{"rendered":"https:\/\/l21.mx\/?p=66295"},"modified":"2023-12-08T13:42:55","modified_gmt":"2023-12-08T18:42:55","slug":"gobierno-de-isla-mujeres-fortalece-lazos-comerciales-con-jordania","status":"publish","type":"post","link":"https:\/\/l21.mx\/?p=66295","title":{"rendered":"Gobierno de Isla Mujeres fortalece lazos comerciales con Jordania"},"content":{"rendered":"<p><a href=\"https:\/\/l21.mx\/wp-content\/uploads\/2023\/12\/WhatsApp-Image-2023-12-08-at-12.33.24-PM.jpeg\" data-rel=\"penci-gallery-image-content\" ><img fetchpriority=\"high\" decoding=\"async\" class=\"alignnone size-medium wp-image-66298\" src=\"https:\/\/l21.mx\/wp-content\/uploads\/2023\/12\/WhatsApp-Image-2023-12-08-at-12.33.24-PM-300x200.jpeg\" alt=\"\" width=\"300\" height=\"200\" srcset=\"https:\/\/l21.mx\/wp-content\/uploads\/2023\/12\/WhatsApp-Image-2023-12-08-at-12.33.24-PM-300x200.jpeg 300w, https:\/\/l21.mx\/wp-content\/uploads\/2023\/12\/WhatsApp-Image-2023-12-08-at-12.33.24-PM-1024x682.jpeg 1024w, https:\/\/l21.mx\/wp-content\/uploads\/2023\/12\/WhatsApp-Image-2023-12-08-at-12.33.24-PM-768x512.jpeg 768w, https:\/\/l21.mx\/wp-content\/uploads\/2023\/12\/WhatsApp-Image-2023-12-08-at-12.33.24-PM-1200x800.jpeg 1200w, https:\/\/l21.mx\/wp-content\/uploads\/2023\/12\/WhatsApp-Image-2023-12-08-at-12.33.24-PM-1170x780.jpeg 1170w, https:\/\/l21.mx\/wp-content\/uploads\/2023\/12\/WhatsApp-Image-2023-12-08-at-12.33.24-PM-585x390.jpeg 585w, https:\/\/l21.mx\/wp-content\/uploads\/2023\/12\/WhatsApp-Image-2023-12-08-at-12.33.24-PM-263x175.jpeg 263w, https:\/\/l21.mx\/wp-content\/uploads\/2023\/12\/WhatsApp-Image-2023-12-08-at-12.33.24-PM.jpeg 1280w\" sizes=\"(max-width: 300px) 100vw, 300px\" \/><\/a><\/p>\n<p>Isla Mujeres, Quintana Roo a 8 de diciembre de 2023.- El Gobierno de Isla Mujeres, que encabeza la Presidenta Atenea G\u00f3mez Ricalde, a trav\u00e9s de la Direcci\u00f3n General de Desarrollo Econ\u00f3mico y Turismo, en coordinaci\u00f3n con el Consejo de Promoci\u00f3n Tur\u00edstica de Quintana Roo, sostuvo una gira de trabajo con autoridades y tour operadores de Jordania, as\u00ed como representantes de la aerol\u00ednea internacional Turkish Airlines.<\/p>\n<p>Durante dos d\u00edas de recorridos y mediante un productivo di\u00e1logo, Jos\u00e9 Jes\u00fas Castillo Maga\u00f1a, titular de la Direcci\u00f3n General del Turismo y Desarrollo Econ\u00f3mico, y Jorge Luis T\u00e9llez, miembro del Consejo de Promoci\u00f3n Tur\u00edstica de Quintana Roo, mostraron las opciones actuales en infraestructura hotelera en Costa Mujeres e Isla Mujeres, as\u00ed como la cercana conectividad con el Aeropuerto Internacional de Canc\u00fan y el reci\u00e9n inaugurado Aeropuerto Internacional de Tulum \u00abFelipe Carrillo Puerto\u00bb.<\/p>\n<p>Adem\u00e1s, recorrieron playas certificadas con el distintivo \u00abBlue Flag\u201d, que son en la actualidad reconocidas como de las playas m\u00e1s limpias y seguras a nivel internacional, tales como Playa Norte y Playa Centro.<\/p>\n<p>En el itinerario se incluy\u00f3 el nuevo corredor tur\u00edstico del Malec\u00f3n Caribe y la revitalizaci\u00f3n de Punta Sur, uno de los lugares m\u00e1s emblem\u00e1ticos de Isla Mujeres. Adem\u00e1s, se expuso el rescate de sitios representativos como la Hacienda Mundaca.<\/p>\n<p>En esta reuni\u00f3n participaron Raad Mirza, jefe de Contabilidad de la Junta de Turismo de Jordania; Ahmad Nael Elmajali, jefe de Contabilidad de la Junta de Turismo de Jordania; Belal Shkakhwa, gerente general de Sun Travel &amp; Tourism; Firas Abu Taa, gerente general de Bawadi Travel &amp; Tourism; Samer Al Azzeh, director de Medios y Relaciones P\u00fablicas de la Embajada de M\u00e9xico en Jordania; Taner Erim, director General de Turkish Airlines; y Mohammad Bushnaq del \u00e1rea de Marketing de dicha aerol\u00ednea.<\/p>\n<p>De esta manera, Isla Mujeres fue parte de una agenda de alto nivel para impulsar los diversos destinos del Caribe mexicano que contribuyan a incrementar el flujo de turistas entre M\u00e9xico y Jordania.<\/p>\n<p>La Presidenta Municipal de Isla Mujeres, Atenea G\u00f3mez Ricalde, agradeci\u00f3 las gestiones de la gobernadora Mara Lezama con la Secretar\u00eda de Turismo (Sectur) y diversas autoridades de la Federaci\u00f3n, para impulsar el desarrollo de los productos tur\u00edsticos, con la finalidad de que la justicia social, el bienestar y la prosperidad compartida, lleguen a todas las familias, como lo marca el Nuevo Acuerdo por el Bienestar y Desarrollo de Quintana Roo.<\/p>\n","protected":false},"excerpt":{"rendered":"<p>Isla Mujeres, Quintana Roo a 8 de diciembre de 2023.- El Gobierno de Isla Mujeres, que&hellip;<\/p>\n","protected":false},"author":100,"featured_media":66296,"comment_status":"closed","ping_status":"closed","sticky":false,"template":"","format":"standard","meta":{"_acf_changed":false,"_lmt_disableupdate":"","_lmt_disable":"","_mbp_gutenberg_autopost":false,"footnotes":""},"categories":[23,1656],"tags":[],"class_list":["post-66295","post","type-post","status-publish","format-standard","has-post-thumbnail","hentry","category-noticias","category-quintana-roo"],"acf":[],"_links":{"self":[{"href":"https:\/\/l21.mx\/index.php?rest_route=\/wp\/v2\/posts\/66295","targetHints":{"allow":["GET"]}}],"collection":[{"href":"https:\/\/l21.mx\/index.php?rest_route=\/wp\/v2\/posts"}],"about":[{"href":"https:\/\/l21.mx\/index.php?rest_route=\/wp\/v2\/types\/post"}],"author":[{"embeddable":true,"href":"https:\/\/l21.mx\/index.php?rest_route=\/wp\/v2\/users\/100"}],"replies":[{"embeddable":true,"href":"https:\/\/l21.mx\/index.php?rest_route=%2Fwp%2Fv2%2Fcomments&post=66295"}],"version-history":[{"count":0,"href":"https:\/\/l21.mx\/index.php?rest_route=\/wp\/v2\/posts\/66295\/revisions"}],"wp:featuredmedia":[{"embeddable":true,"href":"https:\/\/l21.mx\/index.php?rest_route=\/wp\/v2\/media\/66296"}],"wp:attachment":[{"href":"https:\/\/l21.mx\/index.php?rest_route=%2Fwp%2Fv2%2Fmedia&parent=66295"}],"wp:term":[{"taxonomy":"category","embeddable":true,"href":"https:\/\/l21.mx\/index.php?rest_route=%2Fwp%2Fv2%2Fcategories&post=66295"},{"taxonomy":"post_tag","embeddable":true,"href":"https:\/\/l21.mx\/index.php?rest_route=%2Fwp%2Fv2%2Ftags&post=66295"}],"curies":[{"name":"wp","href":"https:\/\/api.w.org\/{rel}","templated":true}]}}