{"id":66333,"date":"2023-12-08T15:28:53","date_gmt":"2023-12-08T20:28:53","guid":{"rendered":"https:\/\/l21.mx\/?p=66333"},"modified":"2023-12-08T15:28:53","modified_gmt":"2023-12-08T20:28:53","slug":"orquesta-infantil-y-juvenil-armonia-social-dara-concierto-en-cancun","status":"publish","type":"post","link":"https:\/\/l21.mx\/?p=66333","title":{"rendered":"Orquesta infantil y juvenil \u00abArmon\u00eda Social\u00bb dar\u00e1 concierto en Canc\u00fan"},"content":{"rendered":"<p>Los integrantes del proyecto altruista fundado por Alondra de la Parra se presentar\u00e1 el 12 de diciembre en el Teatro de Canc\u00fan; los boletos se entregan a cambio de un juguete<\/p>\n<p><a href=\"https:\/\/l21.mx\/wp-content\/uploads\/2023\/12\/WhatsApp-Image-2023-12-08-at-2.51.16-PM.jpeg\" data-rel=\"penci-gallery-image-content\" ><img fetchpriority=\"high\" decoding=\"async\" class=\"alignnone wp-image-66334 size-full\" src=\"https:\/\/l21.mx\/wp-content\/uploads\/2023\/12\/WhatsApp-Image-2023-12-08-at-2.51.16-PM.jpeg\" alt=\"\" width=\"1024\" height=\"1024\" srcset=\"https:\/\/l21.mx\/wp-content\/uploads\/2023\/12\/WhatsApp-Image-2023-12-08-at-2.51.16-PM.jpeg 1024w, https:\/\/l21.mx\/wp-content\/uploads\/2023\/12\/WhatsApp-Image-2023-12-08-at-2.51.16-PM-300x300.jpeg 300w, https:\/\/l21.mx\/wp-content\/uploads\/2023\/12\/WhatsApp-Image-2023-12-08-at-2.51.16-PM-150x150.jpeg 150w, https:\/\/l21.mx\/wp-content\/uploads\/2023\/12\/WhatsApp-Image-2023-12-08-at-2.51.16-PM-768x768.jpeg 768w, https:\/\/l21.mx\/wp-content\/uploads\/2023\/12\/WhatsApp-Image-2023-12-08-at-2.51.16-PM-900x900.jpeg 900w, https:\/\/l21.mx\/wp-content\/uploads\/2023\/12\/WhatsApp-Image-2023-12-08-at-2.51.16-PM-585x585.jpeg 585w\" sizes=\"(max-width: 1024px) 100vw, 1024px\" \/><\/a><\/p>\n<p>Armon\u00eda Social es el proyecto altruista fundado por la maestra Alondra de la Parra, a trav\u00e9s del cual promueve el crecimiento social y art\u00edstico de nuestros ni\u00f1os y j\u00f3venes mediante la creaci\u00f3n de n\u00facleos orquestales en Quintana Roo, Campeche y Yucat\u00e1n.<br \/>\nEsta Orquesta Infantil y Juvenil presentar\u00e1 un concierto navide\u00f1o el pr\u00f3ximo martes 12 de diciembre a las 7 pm en el Teatro de Canc\u00fan; el director de orquesta Invitado para esa noche es Ra\u00fal Delgado.<\/p>\n<p>Al ser este un evento altruista, para obtener un boleto de acceso, los interesados en asistir deben donar un juguete, el cual deben entregar en cualquier sucursal del Caf\u00e9 de la Nader y ah\u00ed le entregar\u00e1n su boleto impreso para ingresar. \u00a1No te pierdas esta gran oportunidad!<\/p>\n<h3>Iniciativa altruista<\/h3>\n<p>Se trata de un proyecto que desarrolla en ni\u00f1os, ni\u00f1as y j\u00f3venes entre 7 y 19 a\u00f1os un est\u00e1ndar de educaci\u00f3n musical, mejora la calidad educativa y art\u00edstica de la pen\u00ednsula de Yucat\u00e1n (Campeche, Yucat\u00e1n y Quintana Roo).<\/p>\n<p>Eta iniciativa liderada por la maestra Alondra de la Parra tiene como objetivo impulsar el progreso social y art\u00edstico de la juventud mexicana a trav\u00e9s de la creaci\u00f3n de grupos orquestales en diversas comunidades del pa\u00eds.<\/p>\n<p>Su misi\u00f3n radica en proporcionar una educaci\u00f3n musical de alta calidad a ni\u00f1os y j\u00f3venes, utilizando la pr\u00e1ctica orquestal como una herramienta poderosa para enriquecer su desarrollo personal, fomentar la inclusi\u00f3n social, promover el trabajo en equipo y contribuir a la equidad en la sociedad.<\/p>\n<p>Con una visi\u00f3n orientada hacia la excelencia en la educaci\u00f3n orquestal para ni\u00f1os y j\u00f3venes, el proyecto se centra en una educaci\u00f3n integral y un compromiso social, ofreciendo acceso gratuito a una educaci\u00f3n musical de calidad.<\/p>\n<p>Los participantes de la Orquesta Infantil de Armon\u00eda Social tienen la oportunidad de recibir clases magistrales de m\u00fasicos internacionales de renombre, lo que enriquece su experiencia musical.<\/p>\n","protected":false},"excerpt":{"rendered":"<p>Los integrantes del proyecto altruista fundado por Alondra de la Parra se presentar\u00e1 el 12 de&hellip;<\/p>\n","protected":false},"author":100,"featured_media":66335,"comment_status":"closed","ping_status":"closed","sticky":false,"template":"","format":"standard","meta":{"_acf_changed":false,"_lmt_disableupdate":"","_lmt_disable":"","_mbp_gutenberg_autopost":false,"footnotes":""},"categories":[23,1656],"tags":[],"class_list":["post-66333","post","type-post","status-publish","format-standard","has-post-thumbnail","hentry","category-noticias","category-quintana-roo"],"acf":[],"_links":{"self":[{"href":"https:\/\/l21.mx\/index.php?rest_route=\/wp\/v2\/posts\/66333","targetHints":{"allow":["GET"]}}],"collection":[{"href":"https:\/\/l21.mx\/index.php?rest_route=\/wp\/v2\/posts"}],"about":[{"href":"https:\/\/l21.mx\/index.php?rest_route=\/wp\/v2\/types\/post"}],"author":[{"embeddable":true,"href":"https:\/\/l21.mx\/index.php?rest_route=\/wp\/v2\/users\/100"}],"replies":[{"embeddable":true,"href":"https:\/\/l21.mx\/index.php?rest_route=%2Fwp%2Fv2%2Fcomments&post=66333"}],"version-history":[{"count":0,"href":"https:\/\/l21.mx\/index.php?rest_route=\/wp\/v2\/posts\/66333\/revisions"}],"wp:featuredmedia":[{"embeddable":true,"href":"https:\/\/l21.mx\/index.php?rest_route=\/wp\/v2\/media\/66335"}],"wp:attachment":[{"href":"https:\/\/l21.mx\/index.php?rest_route=%2Fwp%2Fv2%2Fmedia&parent=66333"}],"wp:term":[{"taxonomy":"category","embeddable":true,"href":"https:\/\/l21.mx\/index.php?rest_route=%2Fwp%2Fv2%2Fcategories&post=66333"},{"taxonomy":"post_tag","embeddable":true,"href":"https:\/\/l21.mx\/index.php?rest_route=%2Fwp%2Fv2%2Ftags&post=66333"}],"curies":[{"name":"wp","href":"https:\/\/api.w.org\/{rel}","templated":true}]}}