{"id":66382,"date":"2023-12-11T16:31:50","date_gmt":"2023-12-11T21:31:50","guid":{"rendered":"https:\/\/l21.mx\/?p=66382"},"modified":"2023-12-11T16:31:50","modified_gmt":"2023-12-11T21:31:50","slug":"inicia-plan-operativo-de-invierno-2023","status":"publish","type":"post","link":"https:\/\/l21.mx\/?p=66382","title":{"rendered":"Inicia Plan Operativo de Invierno 2023"},"content":{"rendered":"<p>&nbsp;<\/p>\n<p>\u2022 Un plan integral para la prevenci\u00f3n, seguridad y protecci\u00f3n de los solidarenses, as\u00ed como de visitantes y turistas que llegan a este destino en temporada de invierno<\/p>\n<p><a href=\"https:\/\/l21.mx\/wp-content\/uploads\/2023\/12\/WhatsApp-Image-2023-12-11-at-12.47.32-PM.jpeg\" data-rel=\"penci-gallery-image-content\" ><img fetchpriority=\"high\" decoding=\"async\" class=\"alignnone size-medium wp-image-66385\" src=\"https:\/\/l21.mx\/wp-content\/uploads\/2023\/12\/WhatsApp-Image-2023-12-11-at-12.47.32-PM-300x200.jpeg\" alt=\"\" width=\"300\" height=\"200\" srcset=\"https:\/\/l21.mx\/wp-content\/uploads\/2023\/12\/WhatsApp-Image-2023-12-11-at-12.47.32-PM-300x200.jpeg 300w, https:\/\/l21.mx\/wp-content\/uploads\/2023\/12\/WhatsApp-Image-2023-12-11-at-12.47.32-PM-1024x682.jpeg 1024w, https:\/\/l21.mx\/wp-content\/uploads\/2023\/12\/WhatsApp-Image-2023-12-11-at-12.47.32-PM-768x512.jpeg 768w, https:\/\/l21.mx\/wp-content\/uploads\/2023\/12\/WhatsApp-Image-2023-12-11-at-12.47.32-PM-1200x800.jpeg 1200w, https:\/\/l21.mx\/wp-content\/uploads\/2023\/12\/WhatsApp-Image-2023-12-11-at-12.47.32-PM-1170x780.jpeg 1170w, https:\/\/l21.mx\/wp-content\/uploads\/2023\/12\/WhatsApp-Image-2023-12-11-at-12.47.32-PM-585x390.jpeg 585w, https:\/\/l21.mx\/wp-content\/uploads\/2023\/12\/WhatsApp-Image-2023-12-11-at-12.47.32-PM-263x175.jpeg 263w, https:\/\/l21.mx\/wp-content\/uploads\/2023\/12\/WhatsApp-Image-2023-12-11-at-12.47.32-PM.jpeg 1280w\" sizes=\"(max-width: 300px) 100vw, 300px\" \/><\/a><\/p>\n<p>Playa del Carmen, Solidaridad, 11 de diciembre del 2023.- Con el banderazo de salida de unidades policiacas y de emergencia, el gobierno municipal encabezado por la presidenta Lili Campos, puso en marcha el \u201cPlan Operativo Invierno 2023\u201d para resguardar la integridad f\u00edsica de visitantes y solidarenses, en el que participan m\u00e1s de mil polic\u00edas preventivos, 170 elementos de Protecci\u00f3n Civil, personal del DIF, grupos de emergencias, cuerpos de param\u00e9dicos, la colaboraci\u00f3n de la Sedena, Marina, Guardia Nacional y autoridades estatales.<\/p>\n<p>La presidenta de Solidaridad puntualiz\u00f3 que, priorizando la integridad de las personas y medio ambiente, no se usar\u00e1 ni permitir\u00e1 el uso de pirotecnia en Solidaridad. En su lugar, para el fin de a\u00f1o y dar inicio al 2024, tras el conteo regresivo, est\u00e1 planeado utilizar un juego de luces de drones en el Portal Maya.<\/p>\n<p><a href=\"https:\/\/l21.mx\/wp-content\/uploads\/2023\/12\/WhatsApp-Image-2023-12-11-at-12.47.32-PM-1.jpeg\" data-rel=\"penci-gallery-image-content\" ><img decoding=\"async\" class=\"alignnone size-medium wp-image-66383\" src=\"https:\/\/l21.mx\/wp-content\/uploads\/2023\/12\/WhatsApp-Image-2023-12-11-at-12.47.32-PM-1-300x200.jpeg\" alt=\"\" width=\"300\" height=\"200\" srcset=\"https:\/\/l21.mx\/wp-content\/uploads\/2023\/12\/WhatsApp-Image-2023-12-11-at-12.47.32-PM-1-300x200.jpeg 300w, https:\/\/l21.mx\/wp-content\/uploads\/2023\/12\/WhatsApp-Image-2023-12-11-at-12.47.32-PM-1-1024x682.jpeg 1024w, https:\/\/l21.mx\/wp-content\/uploads\/2023\/12\/WhatsApp-Image-2023-12-11-at-12.47.32-PM-1-768x512.jpeg 768w, https:\/\/l21.mx\/wp-content\/uploads\/2023\/12\/WhatsApp-Image-2023-12-11-at-12.47.32-PM-1-1200x800.jpeg 1200w, https:\/\/l21.mx\/wp-content\/uploads\/2023\/12\/WhatsApp-Image-2023-12-11-at-12.47.32-PM-1-1170x780.jpeg 1170w, https:\/\/l21.mx\/wp-content\/uploads\/2023\/12\/WhatsApp-Image-2023-12-11-at-12.47.32-PM-1-585x390.jpeg 585w, https:\/\/l21.mx\/wp-content\/uploads\/2023\/12\/WhatsApp-Image-2023-12-11-at-12.47.32-PM-1-263x175.jpeg 263w, https:\/\/l21.mx\/wp-content\/uploads\/2023\/12\/WhatsApp-Image-2023-12-11-at-12.47.32-PM-1.jpeg 1280w\" sizes=\"(max-width: 300px) 100vw, 300px\" \/><\/a><\/p>\n<p>Destac\u00f3 que por parte de la Secretar\u00eda de Turismo, para brindar seguridad y apoyo sobre la carretera 307, se cuenta con un equipo capacitado de \u201c\u00c1ngeles Verdes\u201d y en pr\u00f3ximas fechas una de las unidades de la mencionada corporaci\u00f3n dar\u00e1 atenci\u00f3n a quien lo requiera, cubriendo hasta los l\u00edmites con Puerto Morelos y de Tulum.<\/p>\n<p>Se\u00f1al\u00f3 que, a partir de hoy, implementan a trav\u00e9s del DIF-Solidaridad un operativo contra el trabajo infantil, porque en esta temporada algunos ni\u00f1os son utilizados para ello. \u201cVamos a instalar tres m\u00f3dulos en la 5ta Avenida con Ju\u00e1rez, 5ta con calle 14 y 5ta con avenida 34, en horario de 16 a 24 horas todos los d\u00edas\u201d inform\u00f3.<\/p>\n<p>Agradeci\u00f3 la presencia y colaboraci\u00f3n de todos los asistentes, subrayando el compromiso de mantener la seguridad en Solidaridad, tanto para la ciudadan\u00eda local como para los visitantes que disfrutan de este destino tur\u00edstico.<\/p>\n<p>Destac\u00f3 la colaboraci\u00f3n con instituciones como la Marina, el Ej\u00e9rcito, la Guardia Nacional y la Cruz Roja, la participaci\u00f3n del DIF a cargo de su presidente honorario Cuauht\u00e9moc Escobedo, entre otras instancias municipales.<\/p>\n<p>El secretario de Protecci\u00f3n Civil, Jorge V\u00e1zquez Oropeza dijo que el objetivo del operativo vacacional es contrarrestar y mitigar cualquier tipo de riesgo durante la temporada invernal, estar\u00e1 enfocado en la prevenci\u00f3n de riesgos, la atenci\u00f3n de emergencias y la seguridad p\u00fablica.<\/p>\n<p>Adem\u00e1s, realizar\u00e1n operativos permanentes contra el uso y la venta de pirotecnia, as\u00ed como medidas de seguridad en las playas, donde operan 28 guardavidas.<\/p>\n","protected":false},"excerpt":{"rendered":"<p>&nbsp; \u2022 Un plan integral para la prevenci\u00f3n, seguridad y protecci\u00f3n de los solidarenses, as\u00ed como&hellip;<\/p>\n","protected":false},"author":100,"featured_media":66384,"comment_status":"closed","ping_status":"closed","sticky":false,"template":"","format":"standard","meta":{"_acf_changed":false,"_lmt_disableupdate":"","_lmt_disable":"","_mbp_gutenberg_autopost":false,"footnotes":""},"categories":[23,1654],"tags":[],"class_list":["post-66382","post","type-post","status-publish","format-standard","has-post-thumbnail","hentry","category-noticias","category-solidaridad"],"acf":[],"_links":{"self":[{"href":"https:\/\/l21.mx\/index.php?rest_route=\/wp\/v2\/posts\/66382","targetHints":{"allow":["GET"]}}],"collection":[{"href":"https:\/\/l21.mx\/index.php?rest_route=\/wp\/v2\/posts"}],"about":[{"href":"https:\/\/l21.mx\/index.php?rest_route=\/wp\/v2\/types\/post"}],"author":[{"embeddable":true,"href":"https:\/\/l21.mx\/index.php?rest_route=\/wp\/v2\/users\/100"}],"replies":[{"embeddable":true,"href":"https:\/\/l21.mx\/index.php?rest_route=%2Fwp%2Fv2%2Fcomments&post=66382"}],"version-history":[{"count":0,"href":"https:\/\/l21.mx\/index.php?rest_route=\/wp\/v2\/posts\/66382\/revisions"}],"wp:featuredmedia":[{"embeddable":true,"href":"https:\/\/l21.mx\/index.php?rest_route=\/wp\/v2\/media\/66384"}],"wp:attachment":[{"href":"https:\/\/l21.mx\/index.php?rest_route=%2Fwp%2Fv2%2Fmedia&parent=66382"}],"wp:term":[{"taxonomy":"category","embeddable":true,"href":"https:\/\/l21.mx\/index.php?rest_route=%2Fwp%2Fv2%2Fcategories&post=66382"},{"taxonomy":"post_tag","embeddable":true,"href":"https:\/\/l21.mx\/index.php?rest_route=%2Fwp%2Fv2%2Ftags&post=66382"}],"curies":[{"name":"wp","href":"https:\/\/api.w.org\/{rel}","templated":true}]}}