{"id":66446,"date":"2023-12-12T20:44:51","date_gmt":"2023-12-13T01:44:51","guid":{"rendered":"https:\/\/l21.mx\/?p=66446"},"modified":"2023-12-12T20:44:51","modified_gmt":"2023-12-13T01:44:51","slug":"inicia-codeq-la-entrega-de-equipamiento-a-promotores-deportivos-de-quintana-roo","status":"publish","type":"post","link":"https:\/\/l21.mx\/?p=66446","title":{"rendered":"Inicia CODEQ la entrega de equipamiento a promotores deportivos de Quintana Roo"},"content":{"rendered":"<p>&nbsp;<\/p>\n<p>&#8211; Las y los primeros entrenadores beneficiados con este apoyo fueron de los municipios de Solidaridad y L\u00e1zaro C\u00e1rdenas<\/p>\n<p><a href=\"https:\/\/l21.mx\/wp-content\/uploads\/2023\/12\/WhatsApp-Image-2023-12-12-at-2.34.05-PM-1.jpeg\" data-rel=\"penci-gallery-image-content\" ><img fetchpriority=\"high\" decoding=\"async\" class=\"alignnone size-medium wp-image-66448\" src=\"https:\/\/l21.mx\/wp-content\/uploads\/2023\/12\/WhatsApp-Image-2023-12-12-at-2.34.05-PM-1-300x200.jpeg\" alt=\"\" width=\"300\" height=\"200\" srcset=\"https:\/\/l21.mx\/wp-content\/uploads\/2023\/12\/WhatsApp-Image-2023-12-12-at-2.34.05-PM-1-300x200.jpeg 300w, https:\/\/l21.mx\/wp-content\/uploads\/2023\/12\/WhatsApp-Image-2023-12-12-at-2.34.05-PM-1-1024x682.jpeg 1024w, https:\/\/l21.mx\/wp-content\/uploads\/2023\/12\/WhatsApp-Image-2023-12-12-at-2.34.05-PM-1-768x512.jpeg 768w, https:\/\/l21.mx\/wp-content\/uploads\/2023\/12\/WhatsApp-Image-2023-12-12-at-2.34.05-PM-1-1536x1023.jpeg 1536w, https:\/\/l21.mx\/wp-content\/uploads\/2023\/12\/WhatsApp-Image-2023-12-12-at-2.34.05-PM-1-1200x800.jpeg 1200w, https:\/\/l21.mx\/wp-content\/uploads\/2023\/12\/WhatsApp-Image-2023-12-12-at-2.34.05-PM-1-1170x780.jpeg 1170w, https:\/\/l21.mx\/wp-content\/uploads\/2023\/12\/WhatsApp-Image-2023-12-12-at-2.34.05-PM-1-585x390.jpeg 585w, https:\/\/l21.mx\/wp-content\/uploads\/2023\/12\/WhatsApp-Image-2023-12-12-at-2.34.05-PM-1-263x175.jpeg 263w, https:\/\/l21.mx\/wp-content\/uploads\/2023\/12\/WhatsApp-Image-2023-12-12-at-2.34.05-PM-1.jpeg 1600w\" sizes=\"(max-width: 300px) 100vw, 300px\" \/><\/a><\/p>\n<p>Para promover la pr\u00e1ctica cotidiana de la actividad f\u00edsica e impulsar el deporte popular en toda la entidad, la Comisi\u00f3n del Deporte de Quintana Roo (CODEQ), presidida por Eric Arcila Arjona, inici\u00f3 con la entrega de material y equipamiento a entrenadores y profesores de los municipios de Solidaridad y L\u00e1zaro C\u00e1rdenas, esto como parte del programa Promotores Deportivos #ANivelDeCancha.<\/p>\n<p>Dentro de las acciones que estipula el Nuevo Acuerdo por el Bienestar y Desarrollo, promovido por la gobernadora Mara Lezama, se busca crear un semillero de talentos deportivos en todos los rincones del estado y para eso se tiene que trabajar de la mano con entrenadores y profesores de todos los municipios, de ah\u00ed la importancia de que se les nutra de equipamiento, para mejorar sus condiciones de entrenamiento.<\/p>\n<p><a href=\"https:\/\/l21.mx\/wp-content\/uploads\/2023\/12\/WhatsApp-Image-2023-12-12-at-2.34.04-PM.jpeg\" data-rel=\"penci-gallery-image-content\" ><img decoding=\"async\" class=\"alignnone size-medium wp-image-66452\" src=\"https:\/\/l21.mx\/wp-content\/uploads\/2023\/12\/WhatsApp-Image-2023-12-12-at-2.34.04-PM-300x200.jpeg\" alt=\"\" width=\"300\" height=\"200\" srcset=\"https:\/\/l21.mx\/wp-content\/uploads\/2023\/12\/WhatsApp-Image-2023-12-12-at-2.34.04-PM-300x200.jpeg 300w, https:\/\/l21.mx\/wp-content\/uploads\/2023\/12\/WhatsApp-Image-2023-12-12-at-2.34.04-PM-1024x683.jpeg 1024w, https:\/\/l21.mx\/wp-content\/uploads\/2023\/12\/WhatsApp-Image-2023-12-12-at-2.34.04-PM-768x512.jpeg 768w, https:\/\/l21.mx\/wp-content\/uploads\/2023\/12\/WhatsApp-Image-2023-12-12-at-2.34.04-PM-1200x801.jpeg 1200w, https:\/\/l21.mx\/wp-content\/uploads\/2023\/12\/WhatsApp-Image-2023-12-12-at-2.34.04-PM-1170x781.jpeg 1170w, https:\/\/l21.mx\/wp-content\/uploads\/2023\/12\/WhatsApp-Image-2023-12-12-at-2.34.04-PM-585x390.jpeg 585w, https:\/\/l21.mx\/wp-content\/uploads\/2023\/12\/WhatsApp-Image-2023-12-12-at-2.34.04-PM-263x175.jpeg 263w, https:\/\/l21.mx\/wp-content\/uploads\/2023\/12\/WhatsApp-Image-2023-12-12-at-2.34.04-PM.jpeg 1280w\" sizes=\"(max-width: 300px) 100vw, 300px\" \/><\/a><\/p>\n<p>\u201cSiempre reconocemos el logro de nuestras y nuestros deportistas, pero tambi\u00e9n hay que resaltar la labor que hacen las y los entrenadores, promotores y profesores, que son los que gu\u00edan a los atletas, por eso hoy estamos trabajando en conjunto con cada uno de los municipios para nutrirlos de equipo y material, que les ayude en sus entrenamientos y preparaciones\u201d, coment\u00f3 Eric Arcila.<\/p>\n<p><a href=\"https:\/\/l21.mx\/wp-content\/uploads\/2023\/12\/WhatsApp-Image-2023-12-12-at-2.34.05-PM-2.jpeg\" data-rel=\"penci-gallery-image-content\" ><img decoding=\"async\" class=\"alignnone size-medium wp-image-66449\" src=\"https:\/\/l21.mx\/wp-content\/uploads\/2023\/12\/WhatsApp-Image-2023-12-12-at-2.34.05-PM-2-300x197.jpeg\" alt=\"\" width=\"300\" height=\"197\" srcset=\"https:\/\/l21.mx\/wp-content\/uploads\/2023\/12\/WhatsApp-Image-2023-12-12-at-2.34.05-PM-2-300x197.jpeg 300w, https:\/\/l21.mx\/wp-content\/uploads\/2023\/12\/WhatsApp-Image-2023-12-12-at-2.34.05-PM-2-1024x672.jpeg 1024w, https:\/\/l21.mx\/wp-content\/uploads\/2023\/12\/WhatsApp-Image-2023-12-12-at-2.34.05-PM-2-768x504.jpeg 768w, https:\/\/l21.mx\/wp-content\/uploads\/2023\/12\/WhatsApp-Image-2023-12-12-at-2.34.05-PM-2-1536x1008.jpeg 1536w, https:\/\/l21.mx\/wp-content\/uploads\/2023\/12\/WhatsApp-Image-2023-12-12-at-2.34.05-PM-2-1200x788.jpeg 1200w, https:\/\/l21.mx\/wp-content\/uploads\/2023\/12\/WhatsApp-Image-2023-12-12-at-2.34.05-PM-2-1170x768.jpeg 1170w, https:\/\/l21.mx\/wp-content\/uploads\/2023\/12\/WhatsApp-Image-2023-12-12-at-2.34.05-PM-2-780x516.jpeg 780w, https:\/\/l21.mx\/wp-content\/uploads\/2023\/12\/WhatsApp-Image-2023-12-12-at-2.34.05-PM-2-585x384.jpeg 585w, https:\/\/l21.mx\/wp-content\/uploads\/2023\/12\/WhatsApp-Image-2023-12-12-at-2.34.05-PM-2.jpeg 1600w\" sizes=\"(max-width: 300px) 100vw, 300px\" \/><\/a><\/p>\n<p>Una de las primeras entregas se realiz\u00f3 fue en la Unidad Deportiva \u201cMario Villanueva Madrid\u201d de Playa del Carmen, donde se dot\u00f3 de equipo deportivo a 60 promotores de las disciplinas de futbol, basquetbol, beisbol, softbol, voleibol y activaci\u00f3n f\u00edsica, en un protocolo encabezado por Arcila Arjona, quien estuvo acompa\u00f1ado del director del Instituto del Deporte de Solidaridad, Amador Guti\u00e9rrez Guigui.<\/p>\n<p>\u201cNuestra gobernadora Mara Lezama es una promotora del deporte, por eso nace este programa, para apoyar nuestro deporte popular, porque de aqu\u00ed salen nuestros exponentes y somos fieles creyentes de que en nuestro estado hay mucho talento y hay que trabajar en todos los sectores para impulsarlos y lograr sus objetivos\u201d, se\u00f1al\u00f3 el titular de CODEQ.<\/p>\n<p><a href=\"https:\/\/l21.mx\/wp-content\/uploads\/2023\/12\/WhatsApp-Image-2023-12-12-at-2.34.07-PM.jpeg\" data-rel=\"penci-gallery-image-content\" ><img loading=\"lazy\" decoding=\"async\" class=\"alignnone size-medium wp-image-66451\" src=\"https:\/\/l21.mx\/wp-content\/uploads\/2023\/12\/WhatsApp-Image-2023-12-12-at-2.34.07-PM-300x200.jpeg\" alt=\"\" width=\"300\" height=\"200\" srcset=\"https:\/\/l21.mx\/wp-content\/uploads\/2023\/12\/WhatsApp-Image-2023-12-12-at-2.34.07-PM-300x200.jpeg 300w, https:\/\/l21.mx\/wp-content\/uploads\/2023\/12\/WhatsApp-Image-2023-12-12-at-2.34.07-PM-1024x683.jpeg 1024w, https:\/\/l21.mx\/wp-content\/uploads\/2023\/12\/WhatsApp-Image-2023-12-12-at-2.34.07-PM-768x512.jpeg 768w, https:\/\/l21.mx\/wp-content\/uploads\/2023\/12\/WhatsApp-Image-2023-12-12-at-2.34.07-PM-1200x801.jpeg 1200w, https:\/\/l21.mx\/wp-content\/uploads\/2023\/12\/WhatsApp-Image-2023-12-12-at-2.34.07-PM-1170x781.jpeg 1170w, https:\/\/l21.mx\/wp-content\/uploads\/2023\/12\/WhatsApp-Image-2023-12-12-at-2.34.07-PM-585x390.jpeg 585w, https:\/\/l21.mx\/wp-content\/uploads\/2023\/12\/WhatsApp-Image-2023-12-12-at-2.34.07-PM-263x175.jpeg 263w, https:\/\/l21.mx\/wp-content\/uploads\/2023\/12\/WhatsApp-Image-2023-12-12-at-2.34.07-PM.jpeg 1280w\" sizes=\"(max-width: 300px) 100vw, 300px\" \/><\/a><\/p>\n<p>Tambi\u00e9n se visit\u00f3 el Campo de Pasto Sint\u00e9tico de Kantunilk\u00edn, donde se entreg\u00f3 material a un total de 32 promotores de las disciplinas de futbol, basquetbol, voleibol, beisbol y softbol y en donde estuvieron presentes Roger Medina Pacheco en representaci\u00f3n del Ayuntamiento de L\u00e1zaro C\u00e1rdenas y Filiberto Maglah Koyoc, coordinador del Consejo de la Juventud y el Deporte de dicho municipio.<\/p>\n","protected":false},"excerpt":{"rendered":"<p>&nbsp; &#8211; Las y los primeros entrenadores beneficiados con este apoyo fueron de los municipios de&hellip;<\/p>\n","protected":false},"author":100,"featured_media":66447,"comment_status":"closed","ping_status":"closed","sticky":false,"template":"","format":"standard","meta":{"_acf_changed":false,"_lmt_disableupdate":"","_lmt_disable":"","_mbp_gutenberg_autopost":false,"footnotes":""},"categories":[1689],"tags":[],"class_list":["post-66446","post","type-post","status-publish","format-standard","has-post-thumbnail","hentry","category-deporte-y-salud"],"acf":[],"_links":{"self":[{"href":"https:\/\/l21.mx\/index.php?rest_route=\/wp\/v2\/posts\/66446","targetHints":{"allow":["GET"]}}],"collection":[{"href":"https:\/\/l21.mx\/index.php?rest_route=\/wp\/v2\/posts"}],"about":[{"href":"https:\/\/l21.mx\/index.php?rest_route=\/wp\/v2\/types\/post"}],"author":[{"embeddable":true,"href":"https:\/\/l21.mx\/index.php?rest_route=\/wp\/v2\/users\/100"}],"replies":[{"embeddable":true,"href":"https:\/\/l21.mx\/index.php?rest_route=%2Fwp%2Fv2%2Fcomments&post=66446"}],"version-history":[{"count":0,"href":"https:\/\/l21.mx\/index.php?rest_route=\/wp\/v2\/posts\/66446\/revisions"}],"wp:featuredmedia":[{"embeddable":true,"href":"https:\/\/l21.mx\/index.php?rest_route=\/wp\/v2\/media\/66447"}],"wp:attachment":[{"href":"https:\/\/l21.mx\/index.php?rest_route=%2Fwp%2Fv2%2Fmedia&parent=66446"}],"wp:term":[{"taxonomy":"category","embeddable":true,"href":"https:\/\/l21.mx\/index.php?rest_route=%2Fwp%2Fv2%2Fcategories&post=66446"},{"taxonomy":"post_tag","embeddable":true,"href":"https:\/\/l21.mx\/index.php?rest_route=%2Fwp%2Fv2%2Ftags&post=66446"}],"curies":[{"name":"wp","href":"https:\/\/api.w.org\/{rel}","templated":true}]}}