{"id":66456,"date":"2023-12-12T22:08:36","date_gmt":"2023-12-13T03:08:36","guid":{"rendered":"https:\/\/l21.mx\/?p=66456"},"modified":"2023-12-12T22:08:36","modified_gmt":"2023-12-13T03:08:36","slug":"maravilla-la-riqueza-gastronomica-de-quintana-roo-en-italia","status":"publish","type":"post","link":"https:\/\/l21.mx\/?p=66456","title":{"rendered":"Maravilla la riqueza gastron\u00f3mica de Quintana Roo en Italia"},"content":{"rendered":"<p>-La gobernadora Mara Lezama present\u00f3 una muestra culinaria del estado de Quintana Roo en el marco del 15 Aniversario de la Navidad Mexicana en la Bas\u00edlica de San Pedro<\/p>\n<p>-Los ingredientes de la regi\u00f3n, los colores, texturas y la magia ancestral, sorprendi\u00f3 a los presentes por su sabor y cultura<\/p>\n<p><a href=\"https:\/\/l21.mx\/wp-content\/uploads\/2023\/12\/WhatsApp-Image-2023-12-12-at-6.23.05-PM.jpeg\" data-rel=\"penci-gallery-image-content\" ><img fetchpriority=\"high\" decoding=\"async\" class=\"alignnone size-medium wp-image-66457\" src=\"https:\/\/l21.mx\/wp-content\/uploads\/2023\/12\/WhatsApp-Image-2023-12-12-at-6.23.05-PM-225x300.jpeg\" alt=\"\" width=\"225\" height=\"300\" srcset=\"https:\/\/l21.mx\/wp-content\/uploads\/2023\/12\/WhatsApp-Image-2023-12-12-at-6.23.05-PM-225x300.jpeg 225w, https:\/\/l21.mx\/wp-content\/uploads\/2023\/12\/WhatsApp-Image-2023-12-12-at-6.23.05-PM-768x1024.jpeg 768w, https:\/\/l21.mx\/wp-content\/uploads\/2023\/12\/WhatsApp-Image-2023-12-12-at-6.23.05-PM-1152x1536.jpeg 1152w, https:\/\/l21.mx\/wp-content\/uploads\/2023\/12\/WhatsApp-Image-2023-12-12-at-6.23.05-PM-675x900.jpeg 675w, https:\/\/l21.mx\/wp-content\/uploads\/2023\/12\/WhatsApp-Image-2023-12-12-at-6.23.05-PM-1170x1560.jpeg 1170w, https:\/\/l21.mx\/wp-content\/uploads\/2023\/12\/WhatsApp-Image-2023-12-12-at-6.23.05-PM-585x780.jpeg 585w, https:\/\/l21.mx\/wp-content\/uploads\/2023\/12\/WhatsApp-Image-2023-12-12-at-6.23.05-PM.jpeg 1200w\" sizes=\"(max-width: 225px) 100vw, 225px\" \/><\/a><\/p>\n<p>Roma.- Con motivo del 15 aniversario de la Navidad Mexicana en la Bas\u00edlica de San Pedro, la gobernadora Mara Lezama present\u00f3 en Roma la riqueza cultural y gastron\u00f3mica de Quintana Roo, Patrimonio Inmaterial de la Humanidad en compa\u00f1\u00eda del Embajador Alberto Barranco, de la Santa Sede.<\/p>\n<p>Ante representantes del cuerpo diplom\u00e1tico acreditado ante el gobierno de Italia, operadores tur\u00edsticos, directivos de los museos del Vaticano, empresarios, representantes de medios de comunicaci\u00f3n y corresponsales acreditados ante la Santa Sede con presencia en 98 pa\u00edses, la gobernadora Mara Lezama present\u00f3 a Mar\u00eda Ang\u00e9lica Can May de X-Pichil y Emilia Pech Noh artesanas de Felipe Carrillo Puerto y Jos\u00e9 Mar\u00eda Morelos.<\/p>\n<p><a href=\"https:\/\/l21.mx\/wp-content\/uploads\/2023\/12\/WhatsApp-Image-2023-12-12-at-6.23.03-PM-scaled.jpeg\" data-rel=\"penci-gallery-image-content\" ><img decoding=\"async\" class=\"alignnone size-full wp-image-66459\" src=\"https:\/\/l21.mx\/wp-content\/uploads\/2023\/12\/WhatsApp-Image-2023-12-12-at-6.23.03-PM-scaled.jpeg\" alt=\"\" width=\"2560\" height=\"1707\" srcset=\"https:\/\/l21.mx\/wp-content\/uploads\/2023\/12\/WhatsApp-Image-2023-12-12-at-6.23.03-PM-scaled.jpeg 2560w, https:\/\/l21.mx\/wp-content\/uploads\/2023\/12\/WhatsApp-Image-2023-12-12-at-6.23.03-PM-300x200.jpeg 300w, https:\/\/l21.mx\/wp-content\/uploads\/2023\/12\/WhatsApp-Image-2023-12-12-at-6.23.03-PM-1024x683.jpeg 1024w, https:\/\/l21.mx\/wp-content\/uploads\/2023\/12\/WhatsApp-Image-2023-12-12-at-6.23.03-PM-768x512.jpeg 768w, https:\/\/l21.mx\/wp-content\/uploads\/2023\/12\/WhatsApp-Image-2023-12-12-at-6.23.03-PM-1536x1024.jpeg 1536w, https:\/\/l21.mx\/wp-content\/uploads\/2023\/12\/WhatsApp-Image-2023-12-12-at-6.23.03-PM-2048x1366.jpeg 2048w, https:\/\/l21.mx\/wp-content\/uploads\/2023\/12\/WhatsApp-Image-2023-12-12-at-6.23.03-PM-1200x800.jpeg 1200w, https:\/\/l21.mx\/wp-content\/uploads\/2023\/12\/WhatsApp-Image-2023-12-12-at-6.23.03-PM-1920x1280.jpeg 1920w, https:\/\/l21.mx\/wp-content\/uploads\/2023\/12\/WhatsApp-Image-2023-12-12-at-6.23.03-PM-1170x780.jpeg 1170w, https:\/\/l21.mx\/wp-content\/uploads\/2023\/12\/WhatsApp-Image-2023-12-12-at-6.23.03-PM-585x390.jpeg 585w, https:\/\/l21.mx\/wp-content\/uploads\/2023\/12\/WhatsApp-Image-2023-12-12-at-6.23.03-PM-263x175.jpeg 263w\" sizes=\"(max-width: 2560px) 100vw, 2560px\" \/><\/a><\/p>\n<p>Mara Lezama invit\u00f3 a todas y todos los presentes a disfrutar de los platillos quintanarroenses hechos con la ilusi\u00f3n de cautivarlos, sabores que reflejan un sentido de pertenencia, texturas y colores que se convirtieron en un elemento del liderazgo tur\u00edstico de clase mundial.<\/p>\n<p>\u201cCelebramos los primeros 15 a\u00f1os de la Navidad en el Vaticano y es un gusto presentar nuestra riqueza gastron\u00f3mica, compartir con ustedes lo que han hecho las manos extraordinarias de nuestras artesanas y artesanos y compartir con ustedes la riqueza de Quintana Roo\u201d, dijo.<\/p>\n<p><a href=\"https:\/\/l21.mx\/wp-content\/uploads\/2023\/12\/WhatsApp-Image-2023-12-12-at-6.23.04-PM-1-scaled.jpeg\" data-rel=\"penci-gallery-image-content\" ><img decoding=\"async\" class=\"alignnone size-medium wp-image-66460\" src=\"https:\/\/l21.mx\/wp-content\/uploads\/2023\/12\/WhatsApp-Image-2023-12-12-at-6.23.04-PM-1-300x200.jpeg\" alt=\"\" width=\"300\" height=\"200\" srcset=\"https:\/\/l21.mx\/wp-content\/uploads\/2023\/12\/WhatsApp-Image-2023-12-12-at-6.23.04-PM-1-300x200.jpeg 300w, https:\/\/l21.mx\/wp-content\/uploads\/2023\/12\/WhatsApp-Image-2023-12-12-at-6.23.04-PM-1-1024x683.jpeg 1024w, https:\/\/l21.mx\/wp-content\/uploads\/2023\/12\/WhatsApp-Image-2023-12-12-at-6.23.04-PM-1-768x512.jpeg 768w, https:\/\/l21.mx\/wp-content\/uploads\/2023\/12\/WhatsApp-Image-2023-12-12-at-6.23.04-PM-1-1536x1024.jpeg 1536w, https:\/\/l21.mx\/wp-content\/uploads\/2023\/12\/WhatsApp-Image-2023-12-12-at-6.23.04-PM-1-2048x1366.jpeg 2048w, https:\/\/l21.mx\/wp-content\/uploads\/2023\/12\/WhatsApp-Image-2023-12-12-at-6.23.04-PM-1-1200x800.jpeg 1200w, https:\/\/l21.mx\/wp-content\/uploads\/2023\/12\/WhatsApp-Image-2023-12-12-at-6.23.04-PM-1-1920x1280.jpeg 1920w, https:\/\/l21.mx\/wp-content\/uploads\/2023\/12\/WhatsApp-Image-2023-12-12-at-6.23.04-PM-1-1170x780.jpeg 1170w, https:\/\/l21.mx\/wp-content\/uploads\/2023\/12\/WhatsApp-Image-2023-12-12-at-6.23.04-PM-1-585x390.jpeg 585w, https:\/\/l21.mx\/wp-content\/uploads\/2023\/12\/WhatsApp-Image-2023-12-12-at-6.23.04-PM-1-263x175.jpeg 263w\" sizes=\"(max-width: 300px) 100vw, 300px\" \/><\/a><\/p>\n<p>En esta muestra gastron\u00f3mica se presentaron platillos elegidos espacialmente por cocineras tradicionales y chefs quintanarroenses, elaborados por una chef mexicana reconocida y apreciada en Roma, Diana Beltr\u00e1n, donde, a trav\u00e9s de los ingredientes y especias de la regi\u00f3n con el toque ancestral maya , se sinti\u00f3, en el paladar de los presentes una verdadera obra de arte, probaron el pescado Tikin Xic, ceviches, pescado al pil pil, las tradicionales empanadas de chaya con queso de bola y no pod\u00eda faltar la langosta en naranja agria con salsas picantes de chile habanero y chile xcatik, tambi\u00e9n el pipi\u00e1n de pavo; dulces como el de Icaco, ciricote, nance y el de papaya nixtamalizado con queso de bola, entre otros.<\/p>\n<p>Este evento permiti\u00f3 promover y posicionar el turismo gastron\u00f3mico como un segmento prioritario y estrat\u00e9gico para la actividad tur\u00edstica de Quintana Roo.<\/p>\n<p>Tambi\u00e9n acompa\u00f1aron a la Gobernadora el secretario de Turismo, Bernardo Cueto y la Directora del Instituto de la Cultura y las Artes, Lilian Villanueva Chan.<\/p>\n","protected":false},"excerpt":{"rendered":"<p>-La gobernadora Mara Lezama present\u00f3 una muestra culinaria del estado de Quintana Roo en el marco&hellip;<\/p>\n","protected":false},"author":100,"featured_media":66458,"comment_status":"closed","ping_status":"closed","sticky":false,"template":"","format":"standard","meta":{"_acf_changed":false,"_lmt_disableupdate":"","_lmt_disable":"","_mbp_gutenberg_autopost":false,"footnotes":""},"categories":[23,1656],"tags":[],"class_list":["post-66456","post","type-post","status-publish","format-standard","has-post-thumbnail","hentry","category-noticias","category-quintana-roo"],"acf":[],"_links":{"self":[{"href":"https:\/\/l21.mx\/index.php?rest_route=\/wp\/v2\/posts\/66456","targetHints":{"allow":["GET"]}}],"collection":[{"href":"https:\/\/l21.mx\/index.php?rest_route=\/wp\/v2\/posts"}],"about":[{"href":"https:\/\/l21.mx\/index.php?rest_route=\/wp\/v2\/types\/post"}],"author":[{"embeddable":true,"href":"https:\/\/l21.mx\/index.php?rest_route=\/wp\/v2\/users\/100"}],"replies":[{"embeddable":true,"href":"https:\/\/l21.mx\/index.php?rest_route=%2Fwp%2Fv2%2Fcomments&post=66456"}],"version-history":[{"count":0,"href":"https:\/\/l21.mx\/index.php?rest_route=\/wp\/v2\/posts\/66456\/revisions"}],"wp:featuredmedia":[{"embeddable":true,"href":"https:\/\/l21.mx\/index.php?rest_route=\/wp\/v2\/media\/66458"}],"wp:attachment":[{"href":"https:\/\/l21.mx\/index.php?rest_route=%2Fwp%2Fv2%2Fmedia&parent=66456"}],"wp:term":[{"taxonomy":"category","embeddable":true,"href":"https:\/\/l21.mx\/index.php?rest_route=%2Fwp%2Fv2%2Fcategories&post=66456"},{"taxonomy":"post_tag","embeddable":true,"href":"https:\/\/l21.mx\/index.php?rest_route=%2Fwp%2Fv2%2Ftags&post=66456"}],"curies":[{"name":"wp","href":"https:\/\/api.w.org\/{rel}","templated":true}]}}