{"id":66485,"date":"2023-12-13T13:16:44","date_gmt":"2023-12-13T18:16:44","guid":{"rendered":"https:\/\/l21.mx\/?p=66485"},"modified":"2023-12-13T13:16:44","modified_gmt":"2023-12-13T18:16:44","slug":"la-senadora-marybel-villegas-visita-a-los-vecinos-de-la-region-100-de-cancun","status":"publish","type":"post","link":"https:\/\/l21.mx\/?p=66485","title":{"rendered":"La senadora Marybel Villegas visita a los vecinos de la Regi\u00f3n 100 de Canc\u00fan"},"content":{"rendered":"<p>&nbsp;<\/p>\n<p>A solicitud de los vecinos de la Regi\u00f3n 100 de Canc\u00fan, la senadora de Morena por Quintana Roo, Marybel Villegas Canch\u00e9, recorri\u00f3 las calles y visit\u00f3 a los vecinos casa por casa, para escucharlos y atender sus solicitudes.<\/p>\n<p><a href=\"https:\/\/l21.mx\/wp-content\/uploads\/2023\/12\/Marybel-3.jpeg\" data-rel=\"penci-gallery-image-content\" ><img fetchpriority=\"high\" decoding=\"async\" class=\"alignnone size-medium wp-image-66486\" src=\"https:\/\/l21.mx\/wp-content\/uploads\/2023\/12\/Marybel-3-300x200.jpeg\" alt=\"\" width=\"300\" height=\"200\" srcset=\"https:\/\/l21.mx\/wp-content\/uploads\/2023\/12\/Marybel-3-300x200.jpeg 300w, https:\/\/l21.mx\/wp-content\/uploads\/2023\/12\/Marybel-3-1024x684.jpeg 1024w, https:\/\/l21.mx\/wp-content\/uploads\/2023\/12\/Marybel-3-768x513.jpeg 768w, https:\/\/l21.mx\/wp-content\/uploads\/2023\/12\/Marybel-3-1200x802.jpeg 1200w, https:\/\/l21.mx\/wp-content\/uploads\/2023\/12\/Marybel-3-1170x782.jpeg 1170w, https:\/\/l21.mx\/wp-content\/uploads\/2023\/12\/Marybel-3-585x391.jpeg 585w, https:\/\/l21.mx\/wp-content\/uploads\/2023\/12\/Marybel-3-263x175.jpeg 263w, https:\/\/l21.mx\/wp-content\/uploads\/2023\/12\/Marybel-3.jpeg 1280w\" sizes=\"(max-width: 300px) 100vw, 300px\" \/><\/a><\/p>\n<p>Vecinos de la Regi\u00f3n 100 de Canc\u00fan, agradecieron la disponibilidad de la senadora Marybel Villegas para acudir a visitarlos y escuchar sus inquietudes, as\u00ed como el compromiso de realizar gestiones ante diversas instancias para ayudarles a buscar soluciones.<\/p>\n<p><a href=\"https:\/\/l21.mx\/wp-content\/uploads\/2023\/12\/Marybel-2.jpeg\" data-rel=\"penci-gallery-image-content\" ><img decoding=\"async\" class=\"alignnone size-medium wp-image-66489\" src=\"https:\/\/l21.mx\/wp-content\/uploads\/2023\/12\/Marybel-2-300x200.jpeg\" alt=\"\" width=\"300\" height=\"200\" srcset=\"https:\/\/l21.mx\/wp-content\/uploads\/2023\/12\/Marybel-2-300x200.jpeg 300w, https:\/\/l21.mx\/wp-content\/uploads\/2023\/12\/Marybel-2-1024x684.jpeg 1024w, https:\/\/l21.mx\/wp-content\/uploads\/2023\/12\/Marybel-2-768x513.jpeg 768w, https:\/\/l21.mx\/wp-content\/uploads\/2023\/12\/Marybel-2-1200x802.jpeg 1200w, https:\/\/l21.mx\/wp-content\/uploads\/2023\/12\/Marybel-2-1170x782.jpeg 1170w, https:\/\/l21.mx\/wp-content\/uploads\/2023\/12\/Marybel-2-585x391.jpeg 585w, https:\/\/l21.mx\/wp-content\/uploads\/2023\/12\/Marybel-2-263x175.jpeg 263w, https:\/\/l21.mx\/wp-content\/uploads\/2023\/12\/Marybel-2.jpeg 1280w\" sizes=\"(max-width: 300px) 100vw, 300px\" \/><\/a><\/p>\n<p>\u201cQu\u00e9 bueno que venga a darse su vuelta por ac\u00e1, porque eso es lo que queremos, que nos escuchen, que los funcionarios no nada m\u00e1s est\u00e9n en sus oficinas, sino tambi\u00e9n est\u00e9n recorriendo las calles, viendo ellos mismos todas las necesidades que hay, as\u00ed nos gusta que la gente trabaje bien con nosotros\u201d, asegur\u00f3 la se\u00f1ora Rosaura Chan, vecina de la zona.<\/p>\n<p><a href=\"https:\/\/l21.mx\/wp-content\/uploads\/2023\/12\/Marybel-1.jpeg\" data-rel=\"penci-gallery-image-content\" ><img decoding=\"async\" class=\"alignnone size-medium wp-image-66488\" src=\"https:\/\/l21.mx\/wp-content\/uploads\/2023\/12\/Marybel-1-300x200.jpeg\" alt=\"\" width=\"300\" height=\"200\" srcset=\"https:\/\/l21.mx\/wp-content\/uploads\/2023\/12\/Marybel-1-300x200.jpeg 300w, https:\/\/l21.mx\/wp-content\/uploads\/2023\/12\/Marybel-1-1024x684.jpeg 1024w, https:\/\/l21.mx\/wp-content\/uploads\/2023\/12\/Marybel-1-768x513.jpeg 768w, https:\/\/l21.mx\/wp-content\/uploads\/2023\/12\/Marybel-1-1200x802.jpeg 1200w, https:\/\/l21.mx\/wp-content\/uploads\/2023\/12\/Marybel-1-1170x782.jpeg 1170w, https:\/\/l21.mx\/wp-content\/uploads\/2023\/12\/Marybel-1-585x391.jpeg 585w, https:\/\/l21.mx\/wp-content\/uploads\/2023\/12\/Marybel-1-263x175.jpeg 263w, https:\/\/l21.mx\/wp-content\/uploads\/2023\/12\/Marybel-1.jpeg 1280w\" sizes=\"(max-width: 300px) 100vw, 300px\" \/><\/a><\/p>\n<p>Por su parte, la senadora morenista manifest\u00f3 su alegr\u00eda por mantener la cercan\u00eda y el contacto con la gente y agradeci\u00f3 a los vecinos el llamado, al tiempo que asegur\u00f3 su compromiso para apoyarles en sus solicitudes a trav\u00e9s de su calidad gestora.<\/p>\n","protected":false},"excerpt":{"rendered":"<p>&nbsp; A solicitud de los vecinos de la Regi\u00f3n 100 de Canc\u00fan, la senadora de Morena&hellip;<\/p>\n","protected":false},"author":100,"featured_media":66487,"comment_status":"closed","ping_status":"closed","sticky":false,"template":"","format":"standard","meta":{"_acf_changed":false,"_lmt_disableupdate":"","_lmt_disable":"","_mbp_gutenberg_autopost":false,"footnotes":""},"categories":[23,1656],"tags":[],"class_list":["post-66485","post","type-post","status-publish","format-standard","has-post-thumbnail","hentry","category-noticias","category-quintana-roo"],"acf":[],"yoast_head":"<!-- This site is optimized with the Yoast SEO plugin v27.3 - https:\/\/yoast.com\/product\/yoast-seo-wordpress\/ -->\n<title>La senadora Marybel Villegas visita a los vecinos de la Regi\u00f3n 100 de Canc\u00fan | Revista Latitud 21<\/title>\n<meta name=\"description\" content=\"L21, Emprendedores y Negocios en el Caribe Mexicano, es la revista l\u00edder entre el Sector Empresarial y Tur\u00edstico del Caribe Mexicano.\" \/>\n<meta name=\"robots\" content=\"index, follow, max-snippet:-1, max-image-preview:large, max-video-preview:-1\" \/>\n<link rel=\"canonical\" href=\"https:\/\/l21.mx\/?p=66485\" \/>\n<meta name=\"twitter:card\" content=\"summary_large_image\" \/>\n<meta name=\"twitter:title\" content=\"La senadora Marybel Villegas visita a los vecinos de la Regi\u00f3n 100 de Canc\u00fan | Revista Latitud 21\" \/>\n<meta name=\"twitter:description\" content=\"L21, Emprendedores y Negocios en el Caribe Mexicano, es la revista l\u00edder entre el Sector Empresarial y Tur\u00edstico del Caribe Mexicano.\" \/>\n<meta name=\"twitter:image\" content=\"https:\/\/l21.mx\/wp-content\/uploads\/2023\/12\/Marybel-4.jpeg\" \/>\n<meta name=\"twitter:creator\" content=\"@Latitud21mx\" \/>\n<meta name=\"twitter:site\" content=\"@Latitud21mx\" \/>\n<meta name=\"twitter:label1\" content=\"Escrito por\" \/>\n\t<meta name=\"twitter:data1\" content=\"NellyG\" \/>\n\t<meta name=\"twitter:label2\" content=\"Tiempo de lectura\" \/>\n\t<meta name=\"twitter:data2\" content=\"2 minutos\" \/>\n<script type=\"application\/ld+json\" class=\"yoast-schema-graph\">{\"@context\":\"https:\\\/\\\/schema.org\",\"@graph\":[{\"@type\":\"Article\",\"@id\":\"https:\\\/\\\/l21.mx\\\/?p=66485#article\",\"isPartOf\":{\"@id\":\"https:\\\/\\\/l21.mx\\\/?p=66485\"},\"author\":{\"name\":\"NellyG\",\"@id\":\"https:\\\/\\\/l21.mx\\\/#\\\/schema\\\/person\\\/cca68595b80b2f6c4c55a8b254bfbb2a\"},\"headline\":\"La senadora Marybel Villegas visita a los vecinos de la Regi\u00f3n 100 de Canc\u00fan\",\"datePublished\":\"2023-12-13T18:16:44+00:00\",\"mainEntityOfPage\":{\"@id\":\"https:\\\/\\\/l21.mx\\\/?p=66485\"},\"wordCount\":207,\"publisher\":{\"@id\":\"https:\\\/\\\/l21.mx\\\/#organization\"},\"image\":{\"@id\":\"https:\\\/\\\/l21.mx\\\/?p=66485#primaryimage\"},\"thumbnailUrl\":\"https:\\\/\\\/l21.mx\\\/wp-content\\\/uploads\\\/2023\\\/12\\\/Marybel-4.jpeg\",\"articleSection\":[\"Noticias\",\"Quintana Roo\"],\"inLanguage\":\"es\"},{\"@type\":\"WebPage\",\"@id\":\"https:\\\/\\\/l21.mx\\\/?p=66485\",\"url\":\"https:\\\/\\\/l21.mx\\\/?p=66485\",\"name\":\"La senadora Marybel Villegas visita a los vecinos de la Regi\u00f3n 100 de Canc\u00fan | Revista Latitud 21\",\"isPartOf\":{\"@id\":\"https:\\\/\\\/l21.mx\\\/#website\"},\"primaryImageOfPage\":{\"@id\":\"https:\\\/\\\/l21.mx\\\/?p=66485#primaryimage\"},\"image\":{\"@id\":\"https:\\\/\\\/l21.mx\\\/?p=66485#primaryimage\"},\"thumbnailUrl\":\"https:\\\/\\\/l21.mx\\\/wp-content\\\/uploads\\\/2023\\\/12\\\/Marybel-4.jpeg\",\"datePublished\":\"2023-12-13T18:16:44+00:00\",\"description\":\"L21, Emprendedores y Negocios en el Caribe Mexicano, es la revista l\u00edder entre el Sector Empresarial y Tur\u00edstico del Caribe Mexicano.\",\"breadcrumb\":{\"@id\":\"https:\\\/\\\/l21.mx\\\/?p=66485#breadcrumb\"},\"inLanguage\":\"es\",\"potentialAction\":[{\"@type\":\"ReadAction\",\"target\":[\"https:\\\/\\\/l21.mx\\\/?p=66485\"]}]},{\"@type\":\"ImageObject\",\"inLanguage\":\"es\",\"@id\":\"https:\\\/\\\/l21.mx\\\/?p=66485#primaryimage\",\"url\":\"https:\\\/\\\/l21.mx\\\/wp-content\\\/uploads\\\/2023\\\/12\\\/Marybel-4.jpeg\",\"contentUrl\":\"https:\\\/\\\/l21.mx\\\/wp-content\\\/uploads\\\/2023\\\/12\\\/Marybel-4.jpeg\",\"width\":1280,\"height\":855},{\"@type\":\"BreadcrumbList\",\"@id\":\"https:\\\/\\\/l21.mx\\\/?p=66485#breadcrumb\",\"itemListElement\":[{\"@type\":\"ListItem\",\"position\":1,\"name\":\"Portada\",\"item\":\"https:\\\/\\\/l21.mx\\\/\"},{\"@type\":\"ListItem\",\"position\":2,\"name\":\"La senadora Marybel Villegas visita a los vecinos de la Regi\u00f3n 100 de Canc\u00fan\"}]},{\"@type\":\"WebSite\",\"@id\":\"https:\\\/\\\/l21.mx\\\/#website\",\"url\":\"https:\\\/\\\/l21.mx\\\/\",\"name\":\"Revista Latitud 21\",\"description\":\"Emprendedores  y negocios en el Caribe Mexicano\",\"publisher\":{\"@id\":\"https:\\\/\\\/l21.mx\\\/#organization\"},\"potentialAction\":[{\"@type\":\"SearchAction\",\"target\":{\"@type\":\"EntryPoint\",\"urlTemplate\":\"https:\\\/\\\/l21.mx\\\/?s={search_term_string}\"},\"query-input\":{\"@type\":\"PropertyValueSpecification\",\"valueRequired\":true,\"valueName\":\"search_term_string\"}}],\"inLanguage\":\"es\"},{\"@type\":\"Organization\",\"@id\":\"https:\\\/\\\/l21.mx\\\/#organization\",\"name\":\"Grupo Editorial Latitud 21 SA de CV\",\"url\":\"https:\\\/\\\/l21.mx\\\/\",\"logo\":{\"@type\":\"ImageObject\",\"inLanguage\":\"es\",\"@id\":\"https:\\\/\\\/l21.mx\\\/#\\\/schema\\\/logo\\\/image\\\/\",\"url\":\"https:\\\/\\\/l21.mx\\\/wp-content\\\/uploads\\\/2020\\\/10\\\/logo-l21-baja.jpg\",\"contentUrl\":\"https:\\\/\\\/l21.mx\\\/wp-content\\\/uploads\\\/2020\\\/10\\\/logo-l21-baja.jpg\",\"width\":250,\"height\":250,\"caption\":\"Grupo Editorial Latitud 21 SA de CV\"},\"image\":{\"@id\":\"https:\\\/\\\/l21.mx\\\/#\\\/schema\\\/logo\\\/image\\\/\"},\"sameAs\":[\"https:\\\/\\\/www.facebook.com\\\/RevistaLatitud21\\\/\",\"https:\\\/\\\/x.com\\\/Latitud21mx\"]},{\"@type\":\"Person\",\"@id\":\"https:\\\/\\\/l21.mx\\\/#\\\/schema\\\/person\\\/cca68595b80b2f6c4c55a8b254bfbb2a\",\"name\":\"NellyG\",\"url\":\"https:\\\/\\\/l21.mx\\\/?author=100\"}]}<\/script>\n<!-- \/ Yoast SEO plugin. -->","yoast_head_json":{"title":"La senadora Marybel Villegas visita a los vecinos de la Regi\u00f3n 100 de Canc\u00fan | Revista Latitud 21","description":"L21, Emprendedores y Negocios en el Caribe Mexicano, es la revista l\u00edder entre el Sector Empresarial y Tur\u00edstico del Caribe Mexicano.","robots":{"index":"index","follow":"follow","max-snippet":"max-snippet:-1","max-image-preview":"max-image-preview:large","max-video-preview":"max-video-preview:-1"},"canonical":"https:\/\/l21.mx\/?p=66485","twitter_card":"summary_large_image","twitter_title":"La senadora Marybel Villegas visita a los vecinos de la Regi\u00f3n 100 de Canc\u00fan | Revista Latitud 21","twitter_description":"L21, Emprendedores y Negocios en el Caribe Mexicano, es la revista l\u00edder entre el Sector Empresarial y Tur\u00edstico del Caribe Mexicano.","twitter_image":"https:\/\/l21.mx\/wp-content\/uploads\/2023\/12\/Marybel-4.jpeg","twitter_creator":"@Latitud21mx","twitter_site":"@Latitud21mx","twitter_misc":{"Escrito por":"NellyG","Tiempo de lectura":"2 minutos"},"schema":{"@context":"https:\/\/schema.org","@graph":[{"@type":"Article","@id":"https:\/\/l21.mx\/?p=66485#article","isPartOf":{"@id":"https:\/\/l21.mx\/?p=66485"},"author":{"name":"NellyG","@id":"https:\/\/l21.mx\/#\/schema\/person\/cca68595b80b2f6c4c55a8b254bfbb2a"},"headline":"La senadora Marybel Villegas visita a los vecinos de la Regi\u00f3n 100 de Canc\u00fan","datePublished":"2023-12-13T18:16:44+00:00","mainEntityOfPage":{"@id":"https:\/\/l21.mx\/?p=66485"},"wordCount":207,"publisher":{"@id":"https:\/\/l21.mx\/#organization"},"image":{"@id":"https:\/\/l21.mx\/?p=66485#primaryimage"},"thumbnailUrl":"https:\/\/l21.mx\/wp-content\/uploads\/2023\/12\/Marybel-4.jpeg","articleSection":["Noticias","Quintana Roo"],"inLanguage":"es"},{"@type":"WebPage","@id":"https:\/\/l21.mx\/?p=66485","url":"https:\/\/l21.mx\/?p=66485","name":"La senadora Marybel Villegas visita a los vecinos de la Regi\u00f3n 100 de Canc\u00fan | Revista Latitud 21","isPartOf":{"@id":"https:\/\/l21.mx\/#website"},"primaryImageOfPage":{"@id":"https:\/\/l21.mx\/?p=66485#primaryimage"},"image":{"@id":"https:\/\/l21.mx\/?p=66485#primaryimage"},"thumbnailUrl":"https:\/\/l21.mx\/wp-content\/uploads\/2023\/12\/Marybel-4.jpeg","datePublished":"2023-12-13T18:16:44+00:00","description":"L21, Emprendedores y Negocios en el Caribe Mexicano, es la revista l\u00edder entre el Sector Empresarial y Tur\u00edstico del Caribe Mexicano.","breadcrumb":{"@id":"https:\/\/l21.mx\/?p=66485#breadcrumb"},"inLanguage":"es","potentialAction":[{"@type":"ReadAction","target":["https:\/\/l21.mx\/?p=66485"]}]},{"@type":"ImageObject","inLanguage":"es","@id":"https:\/\/l21.mx\/?p=66485#primaryimage","url":"https:\/\/l21.mx\/wp-content\/uploads\/2023\/12\/Marybel-4.jpeg","contentUrl":"https:\/\/l21.mx\/wp-content\/uploads\/2023\/12\/Marybel-4.jpeg","width":1280,"height":855},{"@type":"BreadcrumbList","@id":"https:\/\/l21.mx\/?p=66485#breadcrumb","itemListElement":[{"@type":"ListItem","position":1,"name":"Portada","item":"https:\/\/l21.mx\/"},{"@type":"ListItem","position":2,"name":"La senadora Marybel Villegas visita a los vecinos de la Regi\u00f3n 100 de Canc\u00fan"}]},{"@type":"WebSite","@id":"https:\/\/l21.mx\/#website","url":"https:\/\/l21.mx\/","name":"Revista Latitud 21","description":"Emprendedores  y negocios en el Caribe Mexicano","publisher":{"@id":"https:\/\/l21.mx\/#organization"},"potentialAction":[{"@type":"SearchAction","target":{"@type":"EntryPoint","urlTemplate":"https:\/\/l21.mx\/?s={search_term_string}"},"query-input":{"@type":"PropertyValueSpecification","valueRequired":true,"valueName":"search_term_string"}}],"inLanguage":"es"},{"@type":"Organization","@id":"https:\/\/l21.mx\/#organization","name":"Grupo Editorial Latitud 21 SA de CV","url":"https:\/\/l21.mx\/","logo":{"@type":"ImageObject","inLanguage":"es","@id":"https:\/\/l21.mx\/#\/schema\/logo\/image\/","url":"https:\/\/l21.mx\/wp-content\/uploads\/2020\/10\/logo-l21-baja.jpg","contentUrl":"https:\/\/l21.mx\/wp-content\/uploads\/2020\/10\/logo-l21-baja.jpg","width":250,"height":250,"caption":"Grupo Editorial Latitud 21 SA de CV"},"image":{"@id":"https:\/\/l21.mx\/#\/schema\/logo\/image\/"},"sameAs":["https:\/\/www.facebook.com\/RevistaLatitud21\/","https:\/\/x.com\/Latitud21mx"]},{"@type":"Person","@id":"https:\/\/l21.mx\/#\/schema\/person\/cca68595b80b2f6c4c55a8b254bfbb2a","name":"NellyG","url":"https:\/\/l21.mx\/?author=100"}]}},"amp_enabled":true,"_links":{"self":[{"href":"https:\/\/l21.mx\/index.php?rest_route=\/wp\/v2\/posts\/66485","targetHints":{"allow":["GET"]}}],"collection":[{"href":"https:\/\/l21.mx\/index.php?rest_route=\/wp\/v2\/posts"}],"about":[{"href":"https:\/\/l21.mx\/index.php?rest_route=\/wp\/v2\/types\/post"}],"author":[{"embeddable":true,"href":"https:\/\/l21.mx\/index.php?rest_route=\/wp\/v2\/users\/100"}],"replies":[{"embeddable":true,"href":"https:\/\/l21.mx\/index.php?rest_route=%2Fwp%2Fv2%2Fcomments&post=66485"}],"version-history":[{"count":1,"href":"https:\/\/l21.mx\/index.php?rest_route=\/wp\/v2\/posts\/66485\/revisions"}],"predecessor-version":[{"id":66490,"href":"https:\/\/l21.mx\/index.php?rest_route=\/wp\/v2\/posts\/66485\/revisions\/66490"}],"wp:featuredmedia":[{"embeddable":true,"href":"https:\/\/l21.mx\/index.php?rest_route=\/wp\/v2\/media\/66487"}],"wp:attachment":[{"href":"https:\/\/l21.mx\/index.php?rest_route=%2Fwp%2Fv2%2Fmedia&parent=66485"}],"wp:term":[{"taxonomy":"category","embeddable":true,"href":"https:\/\/l21.mx\/index.php?rest_route=%2Fwp%2Fv2%2Fcategories&post=66485"},{"taxonomy":"post_tag","embeddable":true,"href":"https:\/\/l21.mx\/index.php?rest_route=%2Fwp%2Fv2%2Ftags&post=66485"}],"curies":[{"name":"wp","href":"https:\/\/api.w.org\/{rel}","templated":true}]}}