{"id":66524,"date":"2023-12-13T17:53:07","date_gmt":"2023-12-13T22:53:07","guid":{"rendered":"https:\/\/l21.mx\/?p=66524"},"modified":"2023-12-13T17:53:07","modified_gmt":"2023-12-13T22:53:07","slug":"quintana-roo-se-suma-a-la-alianza-global-de-manglares","status":"publish","type":"post","link":"https:\/\/l21.mx\/?p=66524","title":{"rendered":"Quintana Roo se suma a la Alianza Global de Manglares"},"content":{"rendered":"<p>&nbsp;<\/p>\n<p>-Durante la COP 28, la titular de la SEMA en representaci\u00f3n del Gobierno de Mara Lezama firm\u00f3 el acuerdo para la protecci\u00f3n de este ecosistema<\/p>\n<p><a href=\"https:\/\/l21.mx\/wp-content\/uploads\/2023\/12\/WhatsApp-Image-2023-12-13-at-10.22.51-AM-1.jpeg\" data-rel=\"penci-gallery-image-content\" ><img decoding=\"async\" class=\"alignnone size-medium wp-image-66526\" src=\"https:\/\/l21.mx\/wp-content\/uploads\/2023\/12\/WhatsApp-Image-2023-12-13-at-10.22.51-AM-1-300x150.jpeg\" alt=\"\" width=\"300\" height=\"150\" srcset=\"https:\/\/l21.mx\/wp-content\/uploads\/2023\/12\/WhatsApp-Image-2023-12-13-at-10.22.51-AM-1-300x150.jpeg 300w, https:\/\/l21.mx\/wp-content\/uploads\/2023\/12\/WhatsApp-Image-2023-12-13-at-10.22.51-AM-1-1024x511.jpeg 1024w, https:\/\/l21.mx\/wp-content\/uploads\/2023\/12\/WhatsApp-Image-2023-12-13-at-10.22.51-AM-1-768x384.jpeg 768w, https:\/\/l21.mx\/wp-content\/uploads\/2023\/12\/WhatsApp-Image-2023-12-13-at-10.22.51-AM-1-1536x767.jpeg 1536w, https:\/\/l21.mx\/wp-content\/uploads\/2023\/12\/WhatsApp-Image-2023-12-13-at-10.22.51-AM-1-1200x599.jpeg 1200w, https:\/\/l21.mx\/wp-content\/uploads\/2023\/12\/WhatsApp-Image-2023-12-13-at-10.22.51-AM-1-1170x584.jpeg 1170w, https:\/\/l21.mx\/wp-content\/uploads\/2023\/12\/WhatsApp-Image-2023-12-13-at-10.22.51-AM-1-585x292.jpeg 585w, https:\/\/l21.mx\/wp-content\/uploads\/2023\/12\/WhatsApp-Image-2023-12-13-at-10.22.51-AM-1.jpeg 1600w\" sizes=\"(max-width: 300px) 100vw, 300px\" \/><\/a><\/p>\n<p>Dub\u00e1i.- En el marco de la Conferencia de las Partes de las Naciones Unidas sobre Cambio Clim\u00e1tico (COP28), realizada en d\u00edas pasados en los Emiratos \u00c1rabes Unidos, el Gobierno de Quintana Roo a trav\u00e9s de la titular de la Secretar\u00eda de Ecolog\u00eda y Medio Ambiente (SEMA) Huguette Hern\u00e1ndez G\u00f3mez, se sum\u00f3 a la firma de la Alianza Global de Manglares (Mangrove Breakthrough), para asegurar el futuro 15 millones de hect\u00e1reas de manglares.<\/p>\n<p>Mediante este acuerdo y en apoyo del Acuerdo de Par\u00eds y el Marco Mundial de Biodiversidad Kunming-Montreal, se implementan acciones para detener la p\u00e9rdida y restaurar el doble de la protecci\u00f3n de estos ecosistemas cr\u00edticos.<\/p>\n<p>En seguimiento al Nuevo Acuerdo por el Bienestar y Desarrollo de Quintana Roo que promueve la gobernadora Mara Lezama Espinosa, la SEMA se une a l\u00edderes de gobiernos, negocios, ONG y sociedad civil para alcanzar soluciones concretas a una problem\u00e1tica decisiva actual en la reuni\u00f3n internacional m\u00e1s grande e importante sobre el cambio clim\u00e1tico de este a\u00f1o.<\/p>\n<p><a href=\"https:\/\/l21.mx\/wp-content\/uploads\/2023\/12\/WhatsApp-Image-2023-12-13-at-10.22.50-AM.jpeg\" data-rel=\"penci-gallery-image-content\" ><img fetchpriority=\"high\" decoding=\"async\" class=\"alignnone size-medium wp-image-66527\" src=\"https:\/\/l21.mx\/wp-content\/uploads\/2023\/12\/WhatsApp-Image-2023-12-13-at-10.22.50-AM-225x300.jpeg\" alt=\"\" width=\"225\" height=\"300\" srcset=\"https:\/\/l21.mx\/wp-content\/uploads\/2023\/12\/WhatsApp-Image-2023-12-13-at-10.22.50-AM-225x300.jpeg 225w, https:\/\/l21.mx\/wp-content\/uploads\/2023\/12\/WhatsApp-Image-2023-12-13-at-10.22.50-AM-675x900.jpeg 675w, https:\/\/l21.mx\/wp-content\/uploads\/2023\/12\/WhatsApp-Image-2023-12-13-at-10.22.50-AM-585x780.jpeg 585w, https:\/\/l21.mx\/wp-content\/uploads\/2023\/12\/WhatsApp-Image-2023-12-13-at-10.22.50-AM.jpeg 768w\" sizes=\"(max-width: 225px) 100vw, 225px\" \/><\/a><\/p>\n<p>Huguette Hern\u00e1ndez explic\u00f3 que en el documento firmado se reconoce la importancia de los manglares en cuanto a sumideros y dep\u00f3sitos de carbono y su contribuci\u00f3n a la reducci\u00f3n de los efectos adversos del cambio clim\u00e1tico, su condici\u00f3n de sistemas naturales de filtrado y su capacidad de estabilizar las costas contra la presi\u00f3n de la creciente erosi\u00f3n.<\/p>\n<p>Tambi\u00e9n respaldaron formalmente el Mangrove Breakthrough, el Banco de Desarrollo de Am\u00e9rica Latina y el Caribe (CAF), 21 pa\u00edses y gobiernos subnacionales, en un esfuerzo de colaboraci\u00f3n entre la Alianza Global de Manglares (GMA) y los Campeones de Alto Nivel del Cambio Clim\u00e1tico de la ONU, que tiene como objetivo restaurar y proteger 15 millones de hect\u00e1reas de manglares en todo el mundo para 2030.<\/p>\n<p>Actualmente, CAF trabaja en una estrategia para la conservaci\u00f3n y restauraci\u00f3n del ecosistema de manglares en Am\u00e9rica Latina y el Caribe, que involucra la participaci\u00f3n tanto del sector p\u00fablico como del privado, incorporando potenciales mecanismos de financiamiento.<\/p>\n<p>Los manglares son vitales para la biodiversidad y la salud de los oc\u00e9anos y son de gran importancia para la protecci\u00f3n costera, la captura de carbono y la econom\u00eda, contribuyendo en la pesca y el turismo.<\/p>\n","protected":false},"excerpt":{"rendered":"<p>&nbsp; -Durante la COP 28, la titular de la SEMA en representaci\u00f3n del Gobierno de Mara&hellip;<\/p>\n","protected":false},"author":100,"featured_media":66525,"comment_status":"closed","ping_status":"closed","sticky":false,"template":"","format":"standard","meta":{"_acf_changed":false,"_lmt_disableupdate":"","_lmt_disable":"","_mbp_gutenberg_autopost":false,"footnotes":""},"categories":[23,1656],"tags":[],"class_list":["post-66524","post","type-post","status-publish","format-standard","has-post-thumbnail","hentry","category-noticias","category-quintana-roo"],"acf":[],"_links":{"self":[{"href":"https:\/\/l21.mx\/index.php?rest_route=\/wp\/v2\/posts\/66524","targetHints":{"allow":["GET"]}}],"collection":[{"href":"https:\/\/l21.mx\/index.php?rest_route=\/wp\/v2\/posts"}],"about":[{"href":"https:\/\/l21.mx\/index.php?rest_route=\/wp\/v2\/types\/post"}],"author":[{"embeddable":true,"href":"https:\/\/l21.mx\/index.php?rest_route=\/wp\/v2\/users\/100"}],"replies":[{"embeddable":true,"href":"https:\/\/l21.mx\/index.php?rest_route=%2Fwp%2Fv2%2Fcomments&post=66524"}],"version-history":[{"count":0,"href":"https:\/\/l21.mx\/index.php?rest_route=\/wp\/v2\/posts\/66524\/revisions"}],"wp:featuredmedia":[{"embeddable":true,"href":"https:\/\/l21.mx\/index.php?rest_route=\/wp\/v2\/media\/66525"}],"wp:attachment":[{"href":"https:\/\/l21.mx\/index.php?rest_route=%2Fwp%2Fv2%2Fmedia&parent=66524"}],"wp:term":[{"taxonomy":"category","embeddable":true,"href":"https:\/\/l21.mx\/index.php?rest_route=%2Fwp%2Fv2%2Fcategories&post=66524"},{"taxonomy":"post_tag","embeddable":true,"href":"https:\/\/l21.mx\/index.php?rest_route=%2Fwp%2Fv2%2Ftags&post=66524"}],"curies":[{"name":"wp","href":"https:\/\/api.w.org\/{rel}","templated":true}]}}