{"id":6657,"date":"2014-04-01T13:57:10","date_gmt":"2014-04-01T19:57:10","guid":{"rendered":"http:\/\/innovatori.space\/lat21\/?p=6657"},"modified":"2014-04-01T13:57:10","modified_gmt":"2014-04-01T19:57:10","slug":"%e2%86%91%e2%86%91-chesan-estilistas-jc-bahon","status":"publish","type":"post","link":"https:\/\/l21.mx\/?p=6657","title":{"rendered":"\u2191\u2191  Chesan Estilistas JC Bahon"},"content":{"rendered":"<p><a href=\"http:\/\/l21.mx\/wp-content\/uploads\/2014\/04\/Chesan-Estilistas-JC-Bahon.jpg\" data-rel=\"penci-gallery-image-content\" ><img fetchpriority=\"high\" decoding=\"async\" class=\"alignleft size-full wp-image-6658\" title=\"Chesan Estilistas JC Bahon\" src=\"http:\/\/l21.mx\/wp-content\/uploads\/2014\/04\/Chesan-Estilistas-JC-Bahon.jpg\" alt=\"\" width=\"464\" height=\"505\" srcset=\"https:\/\/l21.mx\/wp-content\/uploads\/2014\/04\/Chesan-Estilistas-JC-Bahon.jpg 464w, https:\/\/l21.mx\/wp-content\/uploads\/2014\/04\/Chesan-Estilistas-JC-Bahon-276x300.jpg 276w\" sizes=\"(max-width: 464px) 100vw, 464px\" \/><\/a><\/p>\n<p>Los empresarios Juan Carlos Bahon y Chema Santos, procedentes de Cantabria, Espa\u00f1a, instalan su primera peluquer\u00eda en el Caribe mexicano tras importante inyecci\u00f3n financiera, y luego del fortalecimiento de su grupo empresarial con cinco sucursales en su lugar de origen. En un espacio de 260 m2, disponen de un sal\u00f3n, tres cabinas de masajes y una academia para nuevos profesionales en estilismo. Fuentes de trabajo indirectas, 30; permanentes, cinco. Av. Tulum n\u00famero 230, Mza. 13, lote 29, SM 4. Tel. 884-90-12.<\/p>\n<div>\n<p>[editor]sube-y-baja[\/editor]<\/p>\n<\/div>\n","protected":false},"excerpt":{"rendered":"<p>Los empresarios Juan Carlos Bahon y Chema Santos, procedentes de Cantabria, Espa\u00f1a, instalan su primera peluquer\u00eda&hellip;<\/p>\n","protected":false},"author":2,"featured_media":6659,"comment_status":"open","ping_status":"open","sticky":false,"template":"","format":"standard","meta":{"_acf_changed":false,"_lmt_disableupdate":"","_lmt_disable":"","_mbp_gutenberg_autopost":false,"footnotes":""},"categories":[10],"tags":[],"class_list":["post-6657","post","type-post","status-publish","format-standard","has-post-thumbnail","hentry","category-sube-y-baja"],"acf":[],"_links":{"self":[{"href":"https:\/\/l21.mx\/index.php?rest_route=\/wp\/v2\/posts\/6657","targetHints":{"allow":["GET"]}}],"collection":[{"href":"https:\/\/l21.mx\/index.php?rest_route=\/wp\/v2\/posts"}],"about":[{"href":"https:\/\/l21.mx\/index.php?rest_route=\/wp\/v2\/types\/post"}],"author":[{"embeddable":true,"href":"https:\/\/l21.mx\/index.php?rest_route=\/wp\/v2\/users\/2"}],"replies":[{"embeddable":true,"href":"https:\/\/l21.mx\/index.php?rest_route=%2Fwp%2Fv2%2Fcomments&post=6657"}],"version-history":[{"count":0,"href":"https:\/\/l21.mx\/index.php?rest_route=\/wp\/v2\/posts\/6657\/revisions"}],"wp:featuredmedia":[{"embeddable":true,"href":"https:\/\/l21.mx\/index.php?rest_route=\/wp\/v2\/media\/6659"}],"wp:attachment":[{"href":"https:\/\/l21.mx\/index.php?rest_route=%2Fwp%2Fv2%2Fmedia&parent=6657"}],"wp:term":[{"taxonomy":"category","embeddable":true,"href":"https:\/\/l21.mx\/index.php?rest_route=%2Fwp%2Fv2%2Fcategories&post=6657"},{"taxonomy":"post_tag","embeddable":true,"href":"https:\/\/l21.mx\/index.php?rest_route=%2Fwp%2Fv2%2Ftags&post=6657"}],"curies":[{"name":"wp","href":"https:\/\/api.w.org\/{rel}","templated":true}]}}