{"id":66609,"date":"2023-12-15T15:35:32","date_gmt":"2023-12-15T20:35:32","guid":{"rendered":"https:\/\/l21.mx\/?p=66609"},"modified":"2023-12-15T15:35:32","modified_gmt":"2023-12-15T20:35:32","slug":"avala-marybel-villegas-la-ley-general-de-mecanismos-alternativos-de-solucion-de-controversias","status":"publish","type":"post","link":"https:\/\/l21.mx\/?p=66609","title":{"rendered":"Avala Marybel Villegas la Ley General de Mecanismos Alternativos de Soluci\u00f3n de Controversias"},"content":{"rendered":"<p>&nbsp;<\/p>\n<p>Ciudad de M\u00e9xico, diciembre de 2023.- En el cumplimiento de su labor legislativa, la senadora de Morena por Quintana Roo, Marybel Villegas Canch\u00e9, respald\u00f3 el dictamen para la expedici\u00f3n de la Ley General de Mecanismos Alternativos de Soluci\u00f3n de Controversias, con la que se regular\u00e1n y homologar\u00e1n las bases y principios para la gesti\u00f3n pac\u00edfica y colaborativa de los conflictos.<\/p>\n<p>La legisladora morenista fue una de las impulsoras del proyecto, que fue aprobado en lo general con 101 votos a favor y dos abstenciones, tambi\u00e9n reforma la Ley Org\u00e1nica del Poder Judicial de la Federaci\u00f3n y la Ley Org\u00e1nica del Tribunal Federal de Justicia Administrativa.<\/p>\n<p>Marybel Villegas explic\u00f3 que esta propuesta busca que los conflictos se puedan resolver por v\u00eda extrajudicial, que ser\u00e1 en beneficio de todas las partes implicadas, lo que derivar\u00eda en reducci\u00f3n de costo y tiempo en la soluci\u00f3n de un conflicto, as\u00ed como disminuir los conflictos jur\u00eddicos ante los tribunales.<\/p>\n<p><a href=\"https:\/\/l21.mx\/wp-content\/uploads\/2023\/12\/WhatsApp-Image-2023-12-14-at-3.16.28-PM.jpeg\" data-rel=\"penci-gallery-image-content\" ><img fetchpriority=\"high\" decoding=\"async\" class=\"alignnone size-medium wp-image-66610\" src=\"https:\/\/l21.mx\/wp-content\/uploads\/2023\/12\/WhatsApp-Image-2023-12-14-at-3.16.28-PM-300x202.jpeg\" alt=\"\" width=\"300\" height=\"202\" srcset=\"https:\/\/l21.mx\/wp-content\/uploads\/2023\/12\/WhatsApp-Image-2023-12-14-at-3.16.28-PM-300x202.jpeg 300w, https:\/\/l21.mx\/wp-content\/uploads\/2023\/12\/WhatsApp-Image-2023-12-14-at-3.16.28-PM-1024x690.jpeg 1024w, https:\/\/l21.mx\/wp-content\/uploads\/2023\/12\/WhatsApp-Image-2023-12-14-at-3.16.28-PM-768x518.jpeg 768w, https:\/\/l21.mx\/wp-content\/uploads\/2023\/12\/WhatsApp-Image-2023-12-14-at-3.16.28-PM-1200x809.jpeg 1200w, https:\/\/l21.mx\/wp-content\/uploads\/2023\/12\/WhatsApp-Image-2023-12-14-at-3.16.28-PM-1170x788.jpeg 1170w, https:\/\/l21.mx\/wp-content\/uploads\/2023\/12\/WhatsApp-Image-2023-12-14-at-3.16.28-PM-585x394.jpeg 585w, https:\/\/l21.mx\/wp-content\/uploads\/2023\/12\/WhatsApp-Image-2023-12-14-at-3.16.28-PM.jpeg 1294w\" sizes=\"(max-width: 300px) 100vw, 300px\" \/><\/a><\/p>\n<p>\u201cCon esta ley se promueve la participaci\u00f3n de la ciudadan\u00eda en la impartici\u00f3n de justicia de manera extrajudicial, es decir, sin tocar tribunales, a trav\u00e9s de la implementaci\u00f3n de soluciones efectivas, confiables y contundentes a sus problem\u00e1ticas, y con esto se busca que las propias partes sean quienes solucionen sus conflictos sin que tengan que ir a instancias jurisdiccionales\u201d, afirm\u00f3 la Senadora Marybel Villegas.<\/p>\n<p>Asimismo, agreg\u00f3 que \u201ccon esta nueva ley abonamos a la cultura de la paz, porque se ofrecen opciones igual de efectivas que en un juicio, pero mucho m\u00e1s r\u00e1pido, es decir, en menos tiempo se logran los acuerdos y las resoluciones, previa negociaci\u00f3n, mediaci\u00f3n y conciliaci\u00f3n, as\u00ed las personas en conflicto ya no enfrentar\u00e1n juicios o procedimientos de meses e incluso a\u00f1os, sino se realizar\u00e1 de manera m\u00e1s r\u00e1pida, adem\u00e1s incluye figuras jur\u00eddicas como los facilitadores que ser\u00e1n personas ajenas que ayuden en la resoluci\u00f3n\u201d<\/p>\n<p>La nueva ley, fue ya aprobada por la C\u00e1mara de Diputados, por lo que solo se est\u00e1 a la espera de la publicaci\u00f3n en el Diario Oficial de la Federaci\u00f3n para que la presente Ley entre en vigor, la cual plantea las bases y principios comunes en la tramitaci\u00f3n de los mecanismos alternativos de soluci\u00f3n de controversias, y da la obligaci\u00f3n a las entidades federativas de expedir y armonizar sus leyes locales en concordancia con lo dispuesto en esta norma general.<\/p>\n","protected":false},"excerpt":{"rendered":"<p>&nbsp; Ciudad de M\u00e9xico, diciembre de 2023.- En el cumplimiento de su labor legislativa, la senadora&hellip;<\/p>\n","protected":false},"author":100,"featured_media":66611,"comment_status":"closed","ping_status":"closed","sticky":false,"template":"","format":"standard","meta":{"_acf_changed":false,"_lmt_disableupdate":"","_lmt_disable":"","_mbp_gutenberg_autopost":false,"footnotes":""},"categories":[23],"tags":[],"class_list":["post-66609","post","type-post","status-publish","format-standard","has-post-thumbnail","hentry","category-noticias"],"acf":[],"yoast_head":"<!-- This site is optimized with the Yoast SEO plugin v27.3 - https:\/\/yoast.com\/product\/yoast-seo-wordpress\/ -->\n<title>Avala Marybel Villegas la Ley General de Mecanismos Alternativos de Soluci\u00f3n de Controversias | Revista Latitud 21<\/title>\n<meta name=\"description\" content=\"L21, Emprendedores y Negocios en el Caribe Mexicano, es la revista l\u00edder entre el Sector Empresarial y Tur\u00edstico del Caribe Mexicano.\" \/>\n<meta name=\"robots\" content=\"index, follow, max-snippet:-1, max-image-preview:large, max-video-preview:-1\" \/>\n<link rel=\"canonical\" href=\"https:\/\/l21.mx\/?p=66609\" \/>\n<meta name=\"twitter:card\" content=\"summary_large_image\" \/>\n<meta name=\"twitter:title\" content=\"Avala Marybel Villegas la Ley General de Mecanismos Alternativos de Soluci\u00f3n de Controversias | Revista Latitud 21\" \/>\n<meta name=\"twitter:description\" content=\"L21, Emprendedores y Negocios en el Caribe Mexicano, es la revista l\u00edder entre el Sector Empresarial y Tur\u00edstico del Caribe Mexicano.\" \/>\n<meta name=\"twitter:image\" content=\"https:\/\/l21.mx\/wp-content\/uploads\/2023\/12\/WhatsApp-Image-2023-12-14-at-3.16.27-PM.jpeg\" \/>\n<meta name=\"twitter:creator\" content=\"@Latitud21mx\" \/>\n<meta name=\"twitter:site\" content=\"@Latitud21mx\" \/>\n<meta name=\"twitter:label1\" content=\"Escrito por\" \/>\n\t<meta name=\"twitter:data1\" content=\"NellyG\" \/>\n\t<meta name=\"twitter:label2\" content=\"Tiempo de lectura\" \/>\n\t<meta name=\"twitter:data2\" content=\"2 minutos\" \/>\n<script type=\"application\/ld+json\" class=\"yoast-schema-graph\">{\"@context\":\"https:\\\/\\\/schema.org\",\"@graph\":[{\"@type\":\"Article\",\"@id\":\"https:\\\/\\\/l21.mx\\\/?p=66609#article\",\"isPartOf\":{\"@id\":\"https:\\\/\\\/l21.mx\\\/?p=66609\"},\"author\":{\"name\":\"NellyG\",\"@id\":\"https:\\\/\\\/l21.mx\\\/#\\\/schema\\\/person\\\/cca68595b80b2f6c4c55a8b254bfbb2a\"},\"headline\":\"Avala Marybel Villegas la Ley General de Mecanismos Alternativos de Soluci\u00f3n de Controversias\",\"datePublished\":\"2023-12-15T20:35:32+00:00\",\"mainEntityOfPage\":{\"@id\":\"https:\\\/\\\/l21.mx\\\/?p=66609\"},\"wordCount\":439,\"publisher\":{\"@id\":\"https:\\\/\\\/l21.mx\\\/#organization\"},\"image\":{\"@id\":\"https:\\\/\\\/l21.mx\\\/?p=66609#primaryimage\"},\"thumbnailUrl\":\"https:\\\/\\\/l21.mx\\\/wp-content\\\/uploads\\\/2023\\\/12\\\/WhatsApp-Image-2023-12-14-at-3.16.27-PM.jpeg\",\"articleSection\":[\"Noticias\"],\"inLanguage\":\"es\"},{\"@type\":\"WebPage\",\"@id\":\"https:\\\/\\\/l21.mx\\\/?p=66609\",\"url\":\"https:\\\/\\\/l21.mx\\\/?p=66609\",\"name\":\"Avala Marybel Villegas la Ley General de Mecanismos Alternativos de Soluci\u00f3n de Controversias | Revista Latitud 21\",\"isPartOf\":{\"@id\":\"https:\\\/\\\/l21.mx\\\/#website\"},\"primaryImageOfPage\":{\"@id\":\"https:\\\/\\\/l21.mx\\\/?p=66609#primaryimage\"},\"image\":{\"@id\":\"https:\\\/\\\/l21.mx\\\/?p=66609#primaryimage\"},\"thumbnailUrl\":\"https:\\\/\\\/l21.mx\\\/wp-content\\\/uploads\\\/2023\\\/12\\\/WhatsApp-Image-2023-12-14-at-3.16.27-PM.jpeg\",\"datePublished\":\"2023-12-15T20:35:32+00:00\",\"description\":\"L21, Emprendedores y Negocios en el Caribe Mexicano, es la revista l\u00edder entre el Sector Empresarial y Tur\u00edstico del Caribe Mexicano.\",\"breadcrumb\":{\"@id\":\"https:\\\/\\\/l21.mx\\\/?p=66609#breadcrumb\"},\"inLanguage\":\"es\",\"potentialAction\":[{\"@type\":\"ReadAction\",\"target\":[\"https:\\\/\\\/l21.mx\\\/?p=66609\"]}]},{\"@type\":\"ImageObject\",\"inLanguage\":\"es\",\"@id\":\"https:\\\/\\\/l21.mx\\\/?p=66609#primaryimage\",\"url\":\"https:\\\/\\\/l21.mx\\\/wp-content\\\/uploads\\\/2023\\\/12\\\/WhatsApp-Image-2023-12-14-at-3.16.27-PM.jpeg\",\"contentUrl\":\"https:\\\/\\\/l21.mx\\\/wp-content\\\/uploads\\\/2023\\\/12\\\/WhatsApp-Image-2023-12-14-at-3.16.27-PM.jpeg\",\"width\":1280,\"height\":816},{\"@type\":\"BreadcrumbList\",\"@id\":\"https:\\\/\\\/l21.mx\\\/?p=66609#breadcrumb\",\"itemListElement\":[{\"@type\":\"ListItem\",\"position\":1,\"name\":\"Portada\",\"item\":\"https:\\\/\\\/l21.mx\\\/\"},{\"@type\":\"ListItem\",\"position\":2,\"name\":\"Avala Marybel Villegas la Ley General de Mecanismos Alternativos de Soluci\u00f3n de Controversias\"}]},{\"@type\":\"WebSite\",\"@id\":\"https:\\\/\\\/l21.mx\\\/#website\",\"url\":\"https:\\\/\\\/l21.mx\\\/\",\"name\":\"Revista Latitud 21\",\"description\":\"Emprendedores  y negocios en el Caribe Mexicano\",\"publisher\":{\"@id\":\"https:\\\/\\\/l21.mx\\\/#organization\"},\"potentialAction\":[{\"@type\":\"SearchAction\",\"target\":{\"@type\":\"EntryPoint\",\"urlTemplate\":\"https:\\\/\\\/l21.mx\\\/?s={search_term_string}\"},\"query-input\":{\"@type\":\"PropertyValueSpecification\",\"valueRequired\":true,\"valueName\":\"search_term_string\"}}],\"inLanguage\":\"es\"},{\"@type\":\"Organization\",\"@id\":\"https:\\\/\\\/l21.mx\\\/#organization\",\"name\":\"Grupo Editorial Latitud 21 SA de CV\",\"url\":\"https:\\\/\\\/l21.mx\\\/\",\"logo\":{\"@type\":\"ImageObject\",\"inLanguage\":\"es\",\"@id\":\"https:\\\/\\\/l21.mx\\\/#\\\/schema\\\/logo\\\/image\\\/\",\"url\":\"https:\\\/\\\/l21.mx\\\/wp-content\\\/uploads\\\/2020\\\/10\\\/logo-l21-baja.jpg\",\"contentUrl\":\"https:\\\/\\\/l21.mx\\\/wp-content\\\/uploads\\\/2020\\\/10\\\/logo-l21-baja.jpg\",\"width\":250,\"height\":250,\"caption\":\"Grupo Editorial Latitud 21 SA de CV\"},\"image\":{\"@id\":\"https:\\\/\\\/l21.mx\\\/#\\\/schema\\\/logo\\\/image\\\/\"},\"sameAs\":[\"https:\\\/\\\/www.facebook.com\\\/RevistaLatitud21\\\/\",\"https:\\\/\\\/x.com\\\/Latitud21mx\"]},{\"@type\":\"Person\",\"@id\":\"https:\\\/\\\/l21.mx\\\/#\\\/schema\\\/person\\\/cca68595b80b2f6c4c55a8b254bfbb2a\",\"name\":\"NellyG\",\"url\":\"https:\\\/\\\/l21.mx\\\/?author=100\"}]}<\/script>\n<!-- \/ Yoast SEO plugin. -->","yoast_head_json":{"title":"Avala Marybel Villegas la Ley General de Mecanismos Alternativos de Soluci\u00f3n de Controversias | Revista Latitud 21","description":"L21, Emprendedores y Negocios en el Caribe Mexicano, es la revista l\u00edder entre el Sector Empresarial y Tur\u00edstico del Caribe Mexicano.","robots":{"index":"index","follow":"follow","max-snippet":"max-snippet:-1","max-image-preview":"max-image-preview:large","max-video-preview":"max-video-preview:-1"},"canonical":"https:\/\/l21.mx\/?p=66609","twitter_card":"summary_large_image","twitter_title":"Avala Marybel Villegas la Ley General de Mecanismos Alternativos de Soluci\u00f3n de Controversias | Revista Latitud 21","twitter_description":"L21, Emprendedores y Negocios en el Caribe Mexicano, es la revista l\u00edder entre el Sector Empresarial y Tur\u00edstico del Caribe Mexicano.","twitter_image":"https:\/\/l21.mx\/wp-content\/uploads\/2023\/12\/WhatsApp-Image-2023-12-14-at-3.16.27-PM.jpeg","twitter_creator":"@Latitud21mx","twitter_site":"@Latitud21mx","twitter_misc":{"Escrito por":"NellyG","Tiempo de lectura":"2 minutos"},"schema":{"@context":"https:\/\/schema.org","@graph":[{"@type":"Article","@id":"https:\/\/l21.mx\/?p=66609#article","isPartOf":{"@id":"https:\/\/l21.mx\/?p=66609"},"author":{"name":"NellyG","@id":"https:\/\/l21.mx\/#\/schema\/person\/cca68595b80b2f6c4c55a8b254bfbb2a"},"headline":"Avala Marybel Villegas la Ley General de Mecanismos Alternativos de Soluci\u00f3n de Controversias","datePublished":"2023-12-15T20:35:32+00:00","mainEntityOfPage":{"@id":"https:\/\/l21.mx\/?p=66609"},"wordCount":439,"publisher":{"@id":"https:\/\/l21.mx\/#organization"},"image":{"@id":"https:\/\/l21.mx\/?p=66609#primaryimage"},"thumbnailUrl":"https:\/\/l21.mx\/wp-content\/uploads\/2023\/12\/WhatsApp-Image-2023-12-14-at-3.16.27-PM.jpeg","articleSection":["Noticias"],"inLanguage":"es"},{"@type":"WebPage","@id":"https:\/\/l21.mx\/?p=66609","url":"https:\/\/l21.mx\/?p=66609","name":"Avala Marybel Villegas la Ley General de Mecanismos Alternativos de Soluci\u00f3n de Controversias | Revista Latitud 21","isPartOf":{"@id":"https:\/\/l21.mx\/#website"},"primaryImageOfPage":{"@id":"https:\/\/l21.mx\/?p=66609#primaryimage"},"image":{"@id":"https:\/\/l21.mx\/?p=66609#primaryimage"},"thumbnailUrl":"https:\/\/l21.mx\/wp-content\/uploads\/2023\/12\/WhatsApp-Image-2023-12-14-at-3.16.27-PM.jpeg","datePublished":"2023-12-15T20:35:32+00:00","description":"L21, Emprendedores y Negocios en el Caribe Mexicano, es la revista l\u00edder entre el Sector Empresarial y Tur\u00edstico del Caribe Mexicano.","breadcrumb":{"@id":"https:\/\/l21.mx\/?p=66609#breadcrumb"},"inLanguage":"es","potentialAction":[{"@type":"ReadAction","target":["https:\/\/l21.mx\/?p=66609"]}]},{"@type":"ImageObject","inLanguage":"es","@id":"https:\/\/l21.mx\/?p=66609#primaryimage","url":"https:\/\/l21.mx\/wp-content\/uploads\/2023\/12\/WhatsApp-Image-2023-12-14-at-3.16.27-PM.jpeg","contentUrl":"https:\/\/l21.mx\/wp-content\/uploads\/2023\/12\/WhatsApp-Image-2023-12-14-at-3.16.27-PM.jpeg","width":1280,"height":816},{"@type":"BreadcrumbList","@id":"https:\/\/l21.mx\/?p=66609#breadcrumb","itemListElement":[{"@type":"ListItem","position":1,"name":"Portada","item":"https:\/\/l21.mx\/"},{"@type":"ListItem","position":2,"name":"Avala Marybel Villegas la Ley General de Mecanismos Alternativos de Soluci\u00f3n de Controversias"}]},{"@type":"WebSite","@id":"https:\/\/l21.mx\/#website","url":"https:\/\/l21.mx\/","name":"Revista Latitud 21","description":"Emprendedores  y negocios en el Caribe Mexicano","publisher":{"@id":"https:\/\/l21.mx\/#organization"},"potentialAction":[{"@type":"SearchAction","target":{"@type":"EntryPoint","urlTemplate":"https:\/\/l21.mx\/?s={search_term_string}"},"query-input":{"@type":"PropertyValueSpecification","valueRequired":true,"valueName":"search_term_string"}}],"inLanguage":"es"},{"@type":"Organization","@id":"https:\/\/l21.mx\/#organization","name":"Grupo Editorial Latitud 21 SA de CV","url":"https:\/\/l21.mx\/","logo":{"@type":"ImageObject","inLanguage":"es","@id":"https:\/\/l21.mx\/#\/schema\/logo\/image\/","url":"https:\/\/l21.mx\/wp-content\/uploads\/2020\/10\/logo-l21-baja.jpg","contentUrl":"https:\/\/l21.mx\/wp-content\/uploads\/2020\/10\/logo-l21-baja.jpg","width":250,"height":250,"caption":"Grupo Editorial Latitud 21 SA de CV"},"image":{"@id":"https:\/\/l21.mx\/#\/schema\/logo\/image\/"},"sameAs":["https:\/\/www.facebook.com\/RevistaLatitud21\/","https:\/\/x.com\/Latitud21mx"]},{"@type":"Person","@id":"https:\/\/l21.mx\/#\/schema\/person\/cca68595b80b2f6c4c55a8b254bfbb2a","name":"NellyG","url":"https:\/\/l21.mx\/?author=100"}]}},"amp_enabled":true,"_links":{"self":[{"href":"https:\/\/l21.mx\/index.php?rest_route=\/wp\/v2\/posts\/66609","targetHints":{"allow":["GET"]}}],"collection":[{"href":"https:\/\/l21.mx\/index.php?rest_route=\/wp\/v2\/posts"}],"about":[{"href":"https:\/\/l21.mx\/index.php?rest_route=\/wp\/v2\/types\/post"}],"author":[{"embeddable":true,"href":"https:\/\/l21.mx\/index.php?rest_route=\/wp\/v2\/users\/100"}],"replies":[{"embeddable":true,"href":"https:\/\/l21.mx\/index.php?rest_route=%2Fwp%2Fv2%2Fcomments&post=66609"}],"version-history":[{"count":1,"href":"https:\/\/l21.mx\/index.php?rest_route=\/wp\/v2\/posts\/66609\/revisions"}],"predecessor-version":[{"id":66612,"href":"https:\/\/l21.mx\/index.php?rest_route=\/wp\/v2\/posts\/66609\/revisions\/66612"}],"wp:featuredmedia":[{"embeddable":true,"href":"https:\/\/l21.mx\/index.php?rest_route=\/wp\/v2\/media\/66611"}],"wp:attachment":[{"href":"https:\/\/l21.mx\/index.php?rest_route=%2Fwp%2Fv2%2Fmedia&parent=66609"}],"wp:term":[{"taxonomy":"category","embeddable":true,"href":"https:\/\/l21.mx\/index.php?rest_route=%2Fwp%2Fv2%2Fcategories&post=66609"},{"taxonomy":"post_tag","embeddable":true,"href":"https:\/\/l21.mx\/index.php?rest_route=%2Fwp%2Fv2%2Ftags&post=66609"}],"curies":[{"name":"wp","href":"https:\/\/api.w.org\/{rel}","templated":true}]}}