{"id":66651,"date":"2023-12-16T18:14:58","date_gmt":"2023-12-16T23:14:58","guid":{"rendered":"https:\/\/l21.mx\/?p=66651"},"modified":"2023-12-16T18:14:58","modified_gmt":"2023-12-16T23:14:58","slug":"entrega-eric-arcila-diplomas-a-entrenadores-y-representantes-de-asociacion-de-quintana-roo","status":"publish","type":"post","link":"https:\/\/l21.mx\/?p=66651","title":{"rendered":"Entrega Eric Arcila diplomas a entrenadores y representantes de asociaci\u00f3n de Quintana Roo"},"content":{"rendered":"<p>&nbsp;<\/p>\n<p>&#8211; Tras finalizar con \u00e9xito el \u201cDiplomado de Metodolog\u00eda Aplicada al Deporte\u201d y el \u201cCurso de Administraci\u00f3n de Asociaciones y Entidades Deportivas\u201d<\/p>\n<p><a href=\"https:\/\/l21.mx\/wp-content\/uploads\/2023\/12\/WhatsApp-Image-2023-12-16-at-2.58.26-PM.jpeg\" data-rel=\"penci-gallery-image-content\" ><img fetchpriority=\"high\" decoding=\"async\" class=\"alignnone size-medium wp-image-66655\" src=\"https:\/\/l21.mx\/wp-content\/uploads\/2023\/12\/WhatsApp-Image-2023-12-16-at-2.58.26-PM-300x200.jpeg\" alt=\"\" width=\"300\" height=\"200\" srcset=\"https:\/\/l21.mx\/wp-content\/uploads\/2023\/12\/WhatsApp-Image-2023-12-16-at-2.58.26-PM-300x200.jpeg 300w, https:\/\/l21.mx\/wp-content\/uploads\/2023\/12\/WhatsApp-Image-2023-12-16-at-2.58.26-PM-1024x682.jpeg 1024w, https:\/\/l21.mx\/wp-content\/uploads\/2023\/12\/WhatsApp-Image-2023-12-16-at-2.58.26-PM-768x512.jpeg 768w, https:\/\/l21.mx\/wp-content\/uploads\/2023\/12\/WhatsApp-Image-2023-12-16-at-2.58.26-PM-1536x1023.jpeg 1536w, https:\/\/l21.mx\/wp-content\/uploads\/2023\/12\/WhatsApp-Image-2023-12-16-at-2.58.26-PM-1200x800.jpeg 1200w, https:\/\/l21.mx\/wp-content\/uploads\/2023\/12\/WhatsApp-Image-2023-12-16-at-2.58.26-PM-1170x780.jpeg 1170w, https:\/\/l21.mx\/wp-content\/uploads\/2023\/12\/WhatsApp-Image-2023-12-16-at-2.58.26-PM-585x390.jpeg 585w, https:\/\/l21.mx\/wp-content\/uploads\/2023\/12\/WhatsApp-Image-2023-12-16-at-2.58.26-PM-263x175.jpeg 263w, https:\/\/l21.mx\/wp-content\/uploads\/2023\/12\/WhatsApp-Image-2023-12-16-at-2.58.26-PM.jpeg 1600w\" sizes=\"(max-width: 300px) 100vw, 300px\" \/><\/a><\/p>\n<p>Alrededor 100 entrenadoras y entrenadores, as\u00ed como representantes de 125 asociaciones deportivas de la entidad, finalizaron con \u00e9xito el \u201cDiplomado de Metodolog\u00eda Aplicada al Deporte\u201d y el \u201cCurso de Administraci\u00f3n de Asociaciones y Entidades Deportivas\u201d, recibiendo sus respectivos reconocimientos y diplomas de manos de Eric Arcila Arjona, presidente de la Comisi\u00f3n del Deporte de Quintana Roo (CODEQ), durante la ceremonia de clausura de esta capacitaci\u00f3n.<\/p>\n<p>Tal como lo estipula el Nuevo Acuerdo por el Bienestar y Desarrollo, promovido por la gobernadora Mara Lezama Espinosa, uno de los objetivos en la CODEQ es capacitar constantemente a las y los entrenadores y participantes del deporte en Quintana Roo, buscando mejorar las condiciones de entrenamiento y preparaci\u00f3n de nuestras y nuestros deportistas.<\/p>\n<p>&nbsp;<\/p>\n<p>\u201cEstoy convencido de que el deporte es la suma de esfuerzos y voluntades, porque para tener buenos deportistas y grandes resultados, necesitamos de excelentes entrenadores y representantes de asociaciones, por eso como autoridades nos dimos a la tarea para mejorar el programa para el desarrollo deportivo de nuestra entidad y fue que se logr\u00f3 este diplomado y curso, que sabemos servir\u00e1 para el d\u00eda a d\u00eda\u201d, coment\u00f3 Eric Arcila.<\/p>\n<p><a href=\"https:\/\/l21.mx\/wp-content\/uploads\/2023\/12\/WhatsApp-Image-2023-12-16-at-2.58.26-PM-1.jpeg\" data-rel=\"penci-gallery-image-content\" ><img decoding=\"async\" class=\"alignnone size-medium wp-image-66654\" src=\"https:\/\/l21.mx\/wp-content\/uploads\/2023\/12\/WhatsApp-Image-2023-12-16-at-2.58.26-PM-1-300x200.jpeg\" alt=\"\" width=\"300\" height=\"200\" srcset=\"https:\/\/l21.mx\/wp-content\/uploads\/2023\/12\/WhatsApp-Image-2023-12-16-at-2.58.26-PM-1-300x200.jpeg 300w, https:\/\/l21.mx\/wp-content\/uploads\/2023\/12\/WhatsApp-Image-2023-12-16-at-2.58.26-PM-1-1024x683.jpeg 1024w, https:\/\/l21.mx\/wp-content\/uploads\/2023\/12\/WhatsApp-Image-2023-12-16-at-2.58.26-PM-1-768x512.jpeg 768w, https:\/\/l21.mx\/wp-content\/uploads\/2023\/12\/WhatsApp-Image-2023-12-16-at-2.58.26-PM-1-1200x801.jpeg 1200w, https:\/\/l21.mx\/wp-content\/uploads\/2023\/12\/WhatsApp-Image-2023-12-16-at-2.58.26-PM-1-1170x781.jpeg 1170w, https:\/\/l21.mx\/wp-content\/uploads\/2023\/12\/WhatsApp-Image-2023-12-16-at-2.58.26-PM-1-585x390.jpeg 585w, https:\/\/l21.mx\/wp-content\/uploads\/2023\/12\/WhatsApp-Image-2023-12-16-at-2.58.26-PM-1-263x175.jpeg 263w, https:\/\/l21.mx\/wp-content\/uploads\/2023\/12\/WhatsApp-Image-2023-12-16-at-2.58.26-PM-1.jpeg 1280w\" sizes=\"(max-width: 300px) 100vw, 300px\" \/><\/a><\/p>\n<p>Cabe destacar que esta capacitaci\u00f3n, que es \u00fanico en el pa\u00eds, const\u00f3 de nueve m\u00f3dulos para el diplomado y seis sesiones para el curso, y se trat\u00f3 de un trabajo en conjunto de la CODEQ con el Instituto de Formaci\u00f3n Profesional \u201cVive del Deporte\u201d, beneficiando a m\u00e1s de 100 entrenadoras y entrenadores e integrantes de 125 asociaci\u00f3n provenientes de los 11 municipios de la entidad.<\/p>\n<p>\u201cHoy quiero felicitarlos a todos los que finalizan con diplomado, porque no es f\u00e1cil ser parte del deporte y al mismo tiempo estarse capacitando, les expreso mi admiraci\u00f3n y con este primer curso estamos dando apertura para hacer m\u00e1s actualizaciones, porque el deporte esta en un cambio constante y queremos que este espacio de aprendizaje crezca la invitaci\u00f3n a todas y todos los entrenadores de Quintana Roo\u201d, a\u00f1adi\u00f3 Arcila Arjona.<\/p>\n<p><a href=\"https:\/\/l21.mx\/wp-content\/uploads\/2023\/12\/WhatsApp-Image-2023-12-16-at-2.58.27-PM.jpeg\" data-rel=\"penci-gallery-image-content\" ><img decoding=\"async\" class=\"alignnone size-medium wp-image-66652\" src=\"https:\/\/l21.mx\/wp-content\/uploads\/2023\/12\/WhatsApp-Image-2023-12-16-at-2.58.27-PM-300x200.jpeg\" alt=\"\" width=\"300\" height=\"200\" srcset=\"https:\/\/l21.mx\/wp-content\/uploads\/2023\/12\/WhatsApp-Image-2023-12-16-at-2.58.27-PM-300x200.jpeg 300w, https:\/\/l21.mx\/wp-content\/uploads\/2023\/12\/WhatsApp-Image-2023-12-16-at-2.58.27-PM-1024x682.jpeg 1024w, https:\/\/l21.mx\/wp-content\/uploads\/2023\/12\/WhatsApp-Image-2023-12-16-at-2.58.27-PM-768x512.jpeg 768w, https:\/\/l21.mx\/wp-content\/uploads\/2023\/12\/WhatsApp-Image-2023-12-16-at-2.58.27-PM-1536x1023.jpeg 1536w, https:\/\/l21.mx\/wp-content\/uploads\/2023\/12\/WhatsApp-Image-2023-12-16-at-2.58.27-PM-1200x800.jpeg 1200w, https:\/\/l21.mx\/wp-content\/uploads\/2023\/12\/WhatsApp-Image-2023-12-16-at-2.58.27-PM-1170x780.jpeg 1170w, https:\/\/l21.mx\/wp-content\/uploads\/2023\/12\/WhatsApp-Image-2023-12-16-at-2.58.27-PM-585x390.jpeg 585w, https:\/\/l21.mx\/wp-content\/uploads\/2023\/12\/WhatsApp-Image-2023-12-16-at-2.58.27-PM-263x175.jpeg 263w, https:\/\/l21.mx\/wp-content\/uploads\/2023\/12\/WhatsApp-Image-2023-12-16-at-2.58.27-PM.jpeg 1600w\" sizes=\"(max-width: 300px) 100vw, 300px\" \/><\/a><\/p>\n<p>Este diplomado adem\u00e1s de crear una actualizaci\u00f3n en el sector deportivo para las y los entrenadores, tambi\u00e9n abord\u00f3 temas de importancia para adquirir los principios y fundamentos de la metodolog\u00eda aplicada al deporte y con ello mejorar aspectos como los procesos de entrenamientos.<\/p>\n<p>La clausura del diplomado, tambi\u00e9n estuvieron presentes Karen Ivonne Rosado Cortez de la disciplina de karate; Sebasti\u00e1n Mu\u00f1oz de Fisicoconstructivismo; as\u00ed como Mario Alberto Reynoso Ochoa, de \u201cVive Del Deporte\u201d; y Heberth Can Murillo, director de Planeaci\u00f3n y Desarrollo de la CODEQ.<\/p>\n","protected":false},"excerpt":{"rendered":"<p>&nbsp; &#8211; Tras finalizar con \u00e9xito el \u201cDiplomado de Metodolog\u00eda Aplicada al Deporte\u201d y el \u201cCurso&hellip;<\/p>\n","protected":false},"author":100,"featured_media":66656,"comment_status":"closed","ping_status":"closed","sticky":false,"template":"","format":"standard","meta":{"_acf_changed":false,"_lmt_disableupdate":"","_lmt_disable":"","_mbp_gutenberg_autopost":false,"footnotes":""},"categories":[1689],"tags":[],"class_list":["post-66651","post","type-post","status-publish","format-standard","has-post-thumbnail","hentry","category-deporte-y-salud"],"acf":[],"_links":{"self":[{"href":"https:\/\/l21.mx\/index.php?rest_route=\/wp\/v2\/posts\/66651","targetHints":{"allow":["GET"]}}],"collection":[{"href":"https:\/\/l21.mx\/index.php?rest_route=\/wp\/v2\/posts"}],"about":[{"href":"https:\/\/l21.mx\/index.php?rest_route=\/wp\/v2\/types\/post"}],"author":[{"embeddable":true,"href":"https:\/\/l21.mx\/index.php?rest_route=\/wp\/v2\/users\/100"}],"replies":[{"embeddable":true,"href":"https:\/\/l21.mx\/index.php?rest_route=%2Fwp%2Fv2%2Fcomments&post=66651"}],"version-history":[{"count":0,"href":"https:\/\/l21.mx\/index.php?rest_route=\/wp\/v2\/posts\/66651\/revisions"}],"wp:featuredmedia":[{"embeddable":true,"href":"https:\/\/l21.mx\/index.php?rest_route=\/wp\/v2\/media\/66656"}],"wp:attachment":[{"href":"https:\/\/l21.mx\/index.php?rest_route=%2Fwp%2Fv2%2Fmedia&parent=66651"}],"wp:term":[{"taxonomy":"category","embeddable":true,"href":"https:\/\/l21.mx\/index.php?rest_route=%2Fwp%2Fv2%2Fcategories&post=66651"},{"taxonomy":"post_tag","embeddable":true,"href":"https:\/\/l21.mx\/index.php?rest_route=%2Fwp%2Fv2%2Ftags&post=66651"}],"curies":[{"name":"wp","href":"https:\/\/api.w.org\/{rel}","templated":true}]}}