{"id":66660,"date":"2023-12-16T20:37:34","date_gmt":"2023-12-17T01:37:34","guid":{"rendered":"https:\/\/l21.mx\/?p=66660"},"modified":"2023-12-16T20:37:34","modified_gmt":"2023-12-17T01:37:34","slug":"reconoce-lili-campos-trabajo-de-tricicleros","status":"publish","type":"post","link":"https:\/\/l21.mx\/?p=66660","title":{"rendered":"Reconoce Lili Campos trabajo de tricicleros"},"content":{"rendered":"<p>&nbsp;<\/p>\n<p>\u2022 Convive con socios del sindicato \u201cIxchel\u201d su aniversario 50, tiempo que han estado al servicio de turistas, visitantes y solidarenses<\/p>\n<p><a href=\"https:\/\/l21.mx\/wp-content\/uploads\/2023\/12\/WhatsApp-Image-2023-12-16-at-7.04.40-PM-2.jpeg\" data-rel=\"penci-gallery-image-content\" ><img fetchpriority=\"high\" decoding=\"async\" class=\"alignnone size-medium wp-image-66665\" src=\"https:\/\/l21.mx\/wp-content\/uploads\/2023\/12\/WhatsApp-Image-2023-12-16-at-7.04.40-PM-2-300x185.jpeg\" alt=\"\" width=\"300\" height=\"185\" srcset=\"https:\/\/l21.mx\/wp-content\/uploads\/2023\/12\/WhatsApp-Image-2023-12-16-at-7.04.40-PM-2-300x185.jpeg 300w, https:\/\/l21.mx\/wp-content\/uploads\/2023\/12\/WhatsApp-Image-2023-12-16-at-7.04.40-PM-2-1024x630.jpeg 1024w, https:\/\/l21.mx\/wp-content\/uploads\/2023\/12\/WhatsApp-Image-2023-12-16-at-7.04.40-PM-2-768x473.jpeg 768w, https:\/\/l21.mx\/wp-content\/uploads\/2023\/12\/WhatsApp-Image-2023-12-16-at-7.04.40-PM-2-1200x739.jpeg 1200w, https:\/\/l21.mx\/wp-content\/uploads\/2023\/12\/WhatsApp-Image-2023-12-16-at-7.04.40-PM-2-1170x720.jpeg 1170w, https:\/\/l21.mx\/wp-content\/uploads\/2023\/12\/WhatsApp-Image-2023-12-16-at-7.04.40-PM-2-585x360.jpeg 585w, https:\/\/l21.mx\/wp-content\/uploads\/2023\/12\/WhatsApp-Image-2023-12-16-at-7.04.40-PM-2.jpeg 1280w\" sizes=\"(max-width: 300px) 100vw, 300px\" \/><\/a><\/p>\n<p>Playa del Carmen, Solidaridad, 16 de diciembre del 2023.- Con la develaci\u00f3n de una placa conmemorativa en su base de la Quinta Avenida y al ritmo de marimba, la presidenta Lili Campos felicit\u00f3 al gremio de la Uni\u00f3n de Trabajadores Transportistas en General Tricicleros, Tricitaxis, Motocarros, Similares y Conexos del municipio de Solidaridad por su 50 aniversario, donde reconoci\u00f3 su importante labor para este destino tur\u00edstico.<\/p>\n<p><a href=\"https:\/\/l21.mx\/wp-content\/uploads\/2023\/12\/WhatsApp-Image-2023-12-16-at-7.04.40-PM.jpeg\" data-rel=\"penci-gallery-image-content\" ><img decoding=\"async\" class=\"alignnone size-medium wp-image-66662\" src=\"https:\/\/l21.mx\/wp-content\/uploads\/2023\/12\/WhatsApp-Image-2023-12-16-at-7.04.40-PM-300x200.jpeg\" alt=\"\" width=\"300\" height=\"200\" srcset=\"https:\/\/l21.mx\/wp-content\/uploads\/2023\/12\/WhatsApp-Image-2023-12-16-at-7.04.40-PM-300x200.jpeg 300w, https:\/\/l21.mx\/wp-content\/uploads\/2023\/12\/WhatsApp-Image-2023-12-16-at-7.04.40-PM-1024x682.jpeg 1024w, https:\/\/l21.mx\/wp-content\/uploads\/2023\/12\/WhatsApp-Image-2023-12-16-at-7.04.40-PM-768x512.jpeg 768w, https:\/\/l21.mx\/wp-content\/uploads\/2023\/12\/WhatsApp-Image-2023-12-16-at-7.04.40-PM-1200x800.jpeg 1200w, https:\/\/l21.mx\/wp-content\/uploads\/2023\/12\/WhatsApp-Image-2023-12-16-at-7.04.40-PM-1170x780.jpeg 1170w, https:\/\/l21.mx\/wp-content\/uploads\/2023\/12\/WhatsApp-Image-2023-12-16-at-7.04.40-PM-585x390.jpeg 585w, https:\/\/l21.mx\/wp-content\/uploads\/2023\/12\/WhatsApp-Image-2023-12-16-at-7.04.40-PM-263x175.jpeg 263w, https:\/\/l21.mx\/wp-content\/uploads\/2023\/12\/WhatsApp-Image-2023-12-16-at-7.04.40-PM.jpeg 1280w\" sizes=\"(max-width: 300px) 100vw, 300px\" \/><\/a><\/p>\n<p>\u201cGracias por permitirme estar aqu\u00ed con ustedes festejando su aniversario 50. Hoy pueden hablar de lo que significa ser triciclero, pero no cualquiera, eres el transportista de la zona tur\u00edstica, de la cual son parte, y podemos decir que, gracias a ustedes, Solidaridad no solo es un municipio tur\u00edstico, sino que es uno de los mejores del mundo\u201d.<\/p>\n<p><a href=\"https:\/\/l21.mx\/wp-content\/uploads\/2023\/12\/WhatsApp-Image-2023-12-16-at-7.04.40-PM-1.jpeg\" data-rel=\"penci-gallery-image-content\" ><img decoding=\"async\" class=\"alignnone size-medium wp-image-66661\" src=\"https:\/\/l21.mx\/wp-content\/uploads\/2023\/12\/WhatsApp-Image-2023-12-16-at-7.04.40-PM-1-300x174.jpeg\" alt=\"\" width=\"300\" height=\"174\" srcset=\"https:\/\/l21.mx\/wp-content\/uploads\/2023\/12\/WhatsApp-Image-2023-12-16-at-7.04.40-PM-1-300x174.jpeg 300w, https:\/\/l21.mx\/wp-content\/uploads\/2023\/12\/WhatsApp-Image-2023-12-16-at-7.04.40-PM-1-1024x594.jpeg 1024w, https:\/\/l21.mx\/wp-content\/uploads\/2023\/12\/WhatsApp-Image-2023-12-16-at-7.04.40-PM-1-768x446.jpeg 768w, https:\/\/l21.mx\/wp-content\/uploads\/2023\/12\/WhatsApp-Image-2023-12-16-at-7.04.40-PM-1-1200x697.jpeg 1200w, https:\/\/l21.mx\/wp-content\/uploads\/2023\/12\/WhatsApp-Image-2023-12-16-at-7.04.40-PM-1-1170x679.jpeg 1170w, https:\/\/l21.mx\/wp-content\/uploads\/2023\/12\/WhatsApp-Image-2023-12-16-at-7.04.40-PM-1-585x340.jpeg 585w, https:\/\/l21.mx\/wp-content\/uploads\/2023\/12\/WhatsApp-Image-2023-12-16-at-7.04.40-PM-1.jpeg 1280w\" sizes=\"(max-width: 300px) 100vw, 300px\" \/><\/a><\/p>\n<p>La placa que la presidenta Lili Campos devel\u00f3 en la base del sindicato \u201cIxchel\u201d por su 50 aniversario dice: \u201cCuando la gratitud es absoluta se refleja en el trabajo de la agrupaci\u00f3n del sindicato de tricicleteros\u201d.<\/p>\n","protected":false},"excerpt":{"rendered":"<p>&nbsp; \u2022 Convive con socios del sindicato \u201cIxchel\u201d su aniversario 50, tiempo que han estado al&hellip;<\/p>\n","protected":false},"author":100,"featured_media":66663,"comment_status":"closed","ping_status":"closed","sticky":false,"template":"","format":"standard","meta":{"_acf_changed":false,"_lmt_disableupdate":"","_lmt_disable":"","_mbp_gutenberg_autopost":false,"footnotes":""},"categories":[1654],"tags":[],"class_list":["post-66660","post","type-post","status-publish","format-standard","has-post-thumbnail","hentry","category-solidaridad"],"acf":[],"_links":{"self":[{"href":"https:\/\/l21.mx\/index.php?rest_route=\/wp\/v2\/posts\/66660","targetHints":{"allow":["GET"]}}],"collection":[{"href":"https:\/\/l21.mx\/index.php?rest_route=\/wp\/v2\/posts"}],"about":[{"href":"https:\/\/l21.mx\/index.php?rest_route=\/wp\/v2\/types\/post"}],"author":[{"embeddable":true,"href":"https:\/\/l21.mx\/index.php?rest_route=\/wp\/v2\/users\/100"}],"replies":[{"embeddable":true,"href":"https:\/\/l21.mx\/index.php?rest_route=%2Fwp%2Fv2%2Fcomments&post=66660"}],"version-history":[{"count":0,"href":"https:\/\/l21.mx\/index.php?rest_route=\/wp\/v2\/posts\/66660\/revisions"}],"wp:featuredmedia":[{"embeddable":true,"href":"https:\/\/l21.mx\/index.php?rest_route=\/wp\/v2\/media\/66663"}],"wp:attachment":[{"href":"https:\/\/l21.mx\/index.php?rest_route=%2Fwp%2Fv2%2Fmedia&parent=66660"}],"wp:term":[{"taxonomy":"category","embeddable":true,"href":"https:\/\/l21.mx\/index.php?rest_route=%2Fwp%2Fv2%2Fcategories&post=66660"},{"taxonomy":"post_tag","embeddable":true,"href":"https:\/\/l21.mx\/index.php?rest_route=%2Fwp%2Fv2%2Ftags&post=66660"}],"curies":[{"name":"wp","href":"https:\/\/api.w.org\/{rel}","templated":true}]}}