{"id":66723,"date":"2023-12-18T19:49:53","date_gmt":"2023-12-19T00:49:53","guid":{"rendered":"https:\/\/l21.mx\/?p=66723"},"modified":"2023-12-18T19:49:53","modified_gmt":"2023-12-19T00:49:53","slug":"participa-mara-lezama-en-consejo-nacional-de-seguridad-publica-y-reafirma-su-compromiso-para-trabajar-por-la-seguridad-de-quintana-roo","status":"publish","type":"post","link":"https:\/\/l21.mx\/?p=66723","title":{"rendered":"Participa Mara Lezama en Consejo Nacional de Seguridad P\u00fablica y reafirma su compromiso para trabajar por la seguridad de Quintana Roo"},"content":{"rendered":"<p>&nbsp;<\/p>\n<p>-La Gobernadora destac\u00f3 que trabaja de la mano del gobierno de M\u00e9xico en materia de seguridad, que ha realizado un presupuesto hist\u00f3rico por m\u00e1s de 2 mil mdp para equipamiento policial y a partir de enero, Quintana Roo tendr\u00e1 la polic\u00eda mejor pagada del pa\u00eds<\/p>\n<p>-A la par est\u00e1 trabajando para atender las causas que originan las violencias con programas sociales a las mujeres, j\u00f3venes y a los sectores m\u00e1s vulnerables<\/p>\n<p><a href=\"https:\/\/l21.mx\/wp-content\/uploads\/2023\/12\/WhatsApp-Image-2023-12-18-at-12.04.02-PM-1.jpeg\" data-rel=\"penci-gallery-image-content\" ><img fetchpriority=\"high\" decoding=\"async\" class=\"alignnone size-medium wp-image-66725\" src=\"https:\/\/l21.mx\/wp-content\/uploads\/2023\/12\/WhatsApp-Image-2023-12-18-at-12.04.02-PM-1-300x169.jpeg\" alt=\"\" width=\"300\" height=\"169\" srcset=\"https:\/\/l21.mx\/wp-content\/uploads\/2023\/12\/WhatsApp-Image-2023-12-18-at-12.04.02-PM-1-300x169.jpeg 300w, https:\/\/l21.mx\/wp-content\/uploads\/2023\/12\/WhatsApp-Image-2023-12-18-at-12.04.02-PM-1-1024x576.jpeg 1024w, https:\/\/l21.mx\/wp-content\/uploads\/2023\/12\/WhatsApp-Image-2023-12-18-at-12.04.02-PM-1-768x432.jpeg 768w, https:\/\/l21.mx\/wp-content\/uploads\/2023\/12\/WhatsApp-Image-2023-12-18-at-12.04.02-PM-1-1536x864.jpeg 1536w, https:\/\/l21.mx\/wp-content\/uploads\/2023\/12\/WhatsApp-Image-2023-12-18-at-12.04.02-PM-1-1200x675.jpeg 1200w, https:\/\/l21.mx\/wp-content\/uploads\/2023\/12\/WhatsApp-Image-2023-12-18-at-12.04.02-PM-1-1170x663.jpeg 1170w, https:\/\/l21.mx\/wp-content\/uploads\/2023\/12\/WhatsApp-Image-2023-12-18-at-12.04.02-PM-1-585x329.jpeg 585w, https:\/\/l21.mx\/wp-content\/uploads\/2023\/12\/WhatsApp-Image-2023-12-18-at-12.04.02-PM-1.jpeg 1600w\" sizes=\"(max-width: 300px) 100vw, 300px\" \/><\/a><\/p>\n<p>Ciudad de M\u00e9xico.- La gobernadora Mara Lezama Espinosa particip\u00f3 en la XLIX Sesi\u00f3n Ordinaria del Consejo Nacional de Seguridad P\u00fablica que se celebr\u00f3 en Palacio Nacional, presidido por su titular Rosa Icela Rodr\u00edguez, Secretaria de Seguridad y Protecci\u00f3n Ciudadana, en donde refrend\u00f3 su compromiso para trabajar coordinados con los estados en la construcci\u00f3n de la paz y la seguridad de M\u00e9xico.<\/p>\n<p>En este encuentro participaron la secretaria de Gobernaci\u00f3n, Luisa Mar\u00eda Alcalde Luj\u00e1n; el titular de SEDENA, Gral. Luis Cresencio Sandoval Gonz\u00e1lez; de la SEMAR, Almirante Jos\u00e9 Rafael Ojeda Dur\u00e1n; de la Guardia Nacional, David C\u00f3rdova Campos; la Canciller Alicia B\u00e1rcena; Laura Vel\u00e1zquez Coordinadora Nacional de Protecci\u00f3n Civil; as\u00ed como gobernadores estatales, representantes de las dependencias del Gobierno de M\u00e9xico y organismos empresariales y sociedad civil.<\/p>\n<p>Durante este marco la Gobernadora destac\u00f3 que en Quintana Roo a trav\u00e9s del Nuevo Acuerdo por el Bienestar y Desarrollo de Quintana Roo, se trabaja de la mano de los ciudadanos en la construcci\u00f3n de la paz y la seguridad, con un presupuesto hist\u00f3rico m\u00e1s de 2 mil millones de pesos para la compra de patrullas y equipamiento policial y con mayor tecnolog\u00eda.<\/p>\n<p>Afirm\u00f3 que se impuls\u00f3 una nueva Ley de Seguridad Ciudadana con un nuevo enfoque para atender los or\u00edgenes de la violencia a trav\u00e9s de un Nuevo Modelo Policial cercano a la gente, con elementos m\u00e1s profesionales, con los mejores salarios y mayor compromiso con la ciudadan\u00eda.<\/p>\n<p>En la XLIX Sesi\u00f3n Ordinaria del Consejo Nacional de Seguridad P\u00fablica la titular Rosa Icela Rodr\u00edguez present\u00f3 un informe de labores en el que se\u00f1al\u00f3 que en M\u00e9xico hay pasos firmes en seguridad con el trabajo coordinado con los diversos Estados.<\/p>\n<p>Por su parte, la secretaria de Gobernaci\u00f3n, Luisa Mar\u00eda Alcalde, reiter\u00f3 el compromiso de trabajar en las causas que originan las violencias con la participaci\u00f3n de todas y de todos para lograr un pa\u00eds que no permita la impunidad.<\/p>\n<p>La gobernadora Mara Lezama tambi\u00e9n particip\u00f3 en la VI Sesi\u00f3n Ordinaria del Consejo Nacional de Protecci\u00f3n Civil, en la que se aprobaron diversos acuerdos para implementarse a nivel nacional.<\/p>\n","protected":false},"excerpt":{"rendered":"<p>&nbsp; -La Gobernadora destac\u00f3 que trabaja de la mano del gobierno de M\u00e9xico en materia de&hellip;<\/p>\n","protected":false},"author":100,"featured_media":66724,"comment_status":"closed","ping_status":"closed","sticky":false,"template":"","format":"standard","meta":{"_acf_changed":false,"_lmt_disableupdate":"","_lmt_disable":"","_mbp_gutenberg_autopost":false,"footnotes":""},"categories":[23,1656],"tags":[],"class_list":["post-66723","post","type-post","status-publish","format-standard","has-post-thumbnail","hentry","category-noticias","category-quintana-roo"],"acf":[],"yoast_head":"<!-- This site is optimized with the Yoast SEO plugin v27.3 - https:\/\/yoast.com\/product\/yoast-seo-wordpress\/ -->\n<title>Participa Mara Lezama en Consejo Nacional de Seguridad P\u00fablica y reafirma su compromiso para trabajar por la seguridad de Quintana Roo | Revista Latitud 21<\/title>\n<meta name=\"description\" content=\"L21, Emprendedores y Negocios en el Caribe Mexicano, es la revista l\u00edder entre el Sector Empresarial y Tur\u00edstico del Caribe Mexicano.\" \/>\n<meta name=\"robots\" content=\"index, follow, max-snippet:-1, max-image-preview:large, max-video-preview:-1\" \/>\n<link rel=\"canonical\" href=\"https:\/\/l21.mx\/?p=66723\" \/>\n<meta name=\"twitter:card\" content=\"summary_large_image\" \/>\n<meta name=\"twitter:title\" content=\"Participa Mara Lezama en Consejo Nacional de Seguridad P\u00fablica y reafirma su compromiso para trabajar por la seguridad de Quintana Roo | Revista Latitud 21\" \/>\n<meta name=\"twitter:description\" content=\"L21, Emprendedores y Negocios en el Caribe Mexicano, es la revista l\u00edder entre el Sector Empresarial y Tur\u00edstico del Caribe Mexicano.\" \/>\n<meta name=\"twitter:image\" content=\"https:\/\/l21.mx\/wp-content\/uploads\/2023\/12\/WhatsApp-Image-2023-12-18-at-12.04.02-PM.jpeg\" \/>\n<meta name=\"twitter:creator\" content=\"@Latitud21mx\" \/>\n<meta name=\"twitter:site\" content=\"@Latitud21mx\" \/>\n<meta name=\"twitter:label1\" content=\"Escrito por\" \/>\n\t<meta name=\"twitter:data1\" content=\"NellyG\" \/>\n\t<meta name=\"twitter:label2\" content=\"Tiempo de lectura\" \/>\n\t<meta name=\"twitter:data2\" content=\"2 minutos\" \/>\n<script type=\"application\/ld+json\" class=\"yoast-schema-graph\">{\"@context\":\"https:\\\/\\\/schema.org\",\"@graph\":[{\"@type\":\"Article\",\"@id\":\"https:\\\/\\\/l21.mx\\\/?p=66723#article\",\"isPartOf\":{\"@id\":\"https:\\\/\\\/l21.mx\\\/?p=66723\"},\"author\":{\"name\":\"NellyG\",\"@id\":\"https:\\\/\\\/l21.mx\\\/#\\\/schema\\\/person\\\/cca68595b80b2f6c4c55a8b254bfbb2a\"},\"headline\":\"Participa Mara Lezama en Consejo Nacional de Seguridad P\u00fablica y reafirma su compromiso para trabajar por la seguridad de Quintana Roo\",\"datePublished\":\"2023-12-19T00:49:53+00:00\",\"mainEntityOfPage\":{\"@id\":\"https:\\\/\\\/l21.mx\\\/?p=66723\"},\"wordCount\":482,\"publisher\":{\"@id\":\"https:\\\/\\\/l21.mx\\\/#organization\"},\"image\":{\"@id\":\"https:\\\/\\\/l21.mx\\\/?p=66723#primaryimage\"},\"thumbnailUrl\":\"https:\\\/\\\/l21.mx\\\/wp-content\\\/uploads\\\/2023\\\/12\\\/WhatsApp-Image-2023-12-18-at-12.04.02-PM.jpeg\",\"articleSection\":[\"Noticias\",\"Quintana Roo\"],\"inLanguage\":\"es\"},{\"@type\":\"WebPage\",\"@id\":\"https:\\\/\\\/l21.mx\\\/?p=66723\",\"url\":\"https:\\\/\\\/l21.mx\\\/?p=66723\",\"name\":\"Participa Mara Lezama en Consejo Nacional de Seguridad P\u00fablica y reafirma su compromiso para trabajar por la seguridad de Quintana Roo | Revista Latitud 21\",\"isPartOf\":{\"@id\":\"https:\\\/\\\/l21.mx\\\/#website\"},\"primaryImageOfPage\":{\"@id\":\"https:\\\/\\\/l21.mx\\\/?p=66723#primaryimage\"},\"image\":{\"@id\":\"https:\\\/\\\/l21.mx\\\/?p=66723#primaryimage\"},\"thumbnailUrl\":\"https:\\\/\\\/l21.mx\\\/wp-content\\\/uploads\\\/2023\\\/12\\\/WhatsApp-Image-2023-12-18-at-12.04.02-PM.jpeg\",\"datePublished\":\"2023-12-19T00:49:53+00:00\",\"description\":\"L21, Emprendedores y Negocios en el Caribe Mexicano, es la revista l\u00edder entre el Sector Empresarial y Tur\u00edstico del Caribe Mexicano.\",\"breadcrumb\":{\"@id\":\"https:\\\/\\\/l21.mx\\\/?p=66723#breadcrumb\"},\"inLanguage\":\"es\",\"potentialAction\":[{\"@type\":\"ReadAction\",\"target\":[\"https:\\\/\\\/l21.mx\\\/?p=66723\"]}]},{\"@type\":\"ImageObject\",\"inLanguage\":\"es\",\"@id\":\"https:\\\/\\\/l21.mx\\\/?p=66723#primaryimage\",\"url\":\"https:\\\/\\\/l21.mx\\\/wp-content\\\/uploads\\\/2023\\\/12\\\/WhatsApp-Image-2023-12-18-at-12.04.02-PM.jpeg\",\"contentUrl\":\"https:\\\/\\\/l21.mx\\\/wp-content\\\/uploads\\\/2023\\\/12\\\/WhatsApp-Image-2023-12-18-at-12.04.02-PM.jpeg\",\"width\":1600,\"height\":900},{\"@type\":\"BreadcrumbList\",\"@id\":\"https:\\\/\\\/l21.mx\\\/?p=66723#breadcrumb\",\"itemListElement\":[{\"@type\":\"ListItem\",\"position\":1,\"name\":\"Portada\",\"item\":\"https:\\\/\\\/l21.mx\\\/\"},{\"@type\":\"ListItem\",\"position\":2,\"name\":\"Participa Mara Lezama en Consejo Nacional de Seguridad P\u00fablica y reafirma su compromiso para trabajar por la seguridad de Quintana Roo\"}]},{\"@type\":\"WebSite\",\"@id\":\"https:\\\/\\\/l21.mx\\\/#website\",\"url\":\"https:\\\/\\\/l21.mx\\\/\",\"name\":\"Revista Latitud 21\",\"description\":\"Emprendedores  y negocios en el Caribe Mexicano\",\"publisher\":{\"@id\":\"https:\\\/\\\/l21.mx\\\/#organization\"},\"potentialAction\":[{\"@type\":\"SearchAction\",\"target\":{\"@type\":\"EntryPoint\",\"urlTemplate\":\"https:\\\/\\\/l21.mx\\\/?s={search_term_string}\"},\"query-input\":{\"@type\":\"PropertyValueSpecification\",\"valueRequired\":true,\"valueName\":\"search_term_string\"}}],\"inLanguage\":\"es\"},{\"@type\":\"Organization\",\"@id\":\"https:\\\/\\\/l21.mx\\\/#organization\",\"name\":\"Grupo Editorial Latitud 21 SA de CV\",\"url\":\"https:\\\/\\\/l21.mx\\\/\",\"logo\":{\"@type\":\"ImageObject\",\"inLanguage\":\"es\",\"@id\":\"https:\\\/\\\/l21.mx\\\/#\\\/schema\\\/logo\\\/image\\\/\",\"url\":\"https:\\\/\\\/l21.mx\\\/wp-content\\\/uploads\\\/2020\\\/10\\\/logo-l21-baja.jpg\",\"contentUrl\":\"https:\\\/\\\/l21.mx\\\/wp-content\\\/uploads\\\/2020\\\/10\\\/logo-l21-baja.jpg\",\"width\":250,\"height\":250,\"caption\":\"Grupo Editorial Latitud 21 SA de CV\"},\"image\":{\"@id\":\"https:\\\/\\\/l21.mx\\\/#\\\/schema\\\/logo\\\/image\\\/\"},\"sameAs\":[\"https:\\\/\\\/www.facebook.com\\\/RevistaLatitud21\\\/\",\"https:\\\/\\\/x.com\\\/Latitud21mx\"]},{\"@type\":\"Person\",\"@id\":\"https:\\\/\\\/l21.mx\\\/#\\\/schema\\\/person\\\/cca68595b80b2f6c4c55a8b254bfbb2a\",\"name\":\"NellyG\",\"url\":\"https:\\\/\\\/l21.mx\\\/?author=100\"}]}<\/script>\n<!-- \/ Yoast SEO plugin. -->","yoast_head_json":{"title":"Participa Mara Lezama en Consejo Nacional de Seguridad P\u00fablica y reafirma su compromiso para trabajar por la seguridad de Quintana Roo | Revista Latitud 21","description":"L21, Emprendedores y Negocios en el Caribe Mexicano, es la revista l\u00edder entre el Sector Empresarial y Tur\u00edstico del Caribe Mexicano.","robots":{"index":"index","follow":"follow","max-snippet":"max-snippet:-1","max-image-preview":"max-image-preview:large","max-video-preview":"max-video-preview:-1"},"canonical":"https:\/\/l21.mx\/?p=66723","twitter_card":"summary_large_image","twitter_title":"Participa Mara Lezama en Consejo Nacional de Seguridad P\u00fablica y reafirma su compromiso para trabajar por la seguridad de Quintana Roo | Revista Latitud 21","twitter_description":"L21, Emprendedores y Negocios en el Caribe Mexicano, es la revista l\u00edder entre el Sector Empresarial y Tur\u00edstico del Caribe Mexicano.","twitter_image":"https:\/\/l21.mx\/wp-content\/uploads\/2023\/12\/WhatsApp-Image-2023-12-18-at-12.04.02-PM.jpeg","twitter_creator":"@Latitud21mx","twitter_site":"@Latitud21mx","twitter_misc":{"Escrito por":"NellyG","Tiempo de lectura":"2 minutos"},"schema":{"@context":"https:\/\/schema.org","@graph":[{"@type":"Article","@id":"https:\/\/l21.mx\/?p=66723#article","isPartOf":{"@id":"https:\/\/l21.mx\/?p=66723"},"author":{"name":"NellyG","@id":"https:\/\/l21.mx\/#\/schema\/person\/cca68595b80b2f6c4c55a8b254bfbb2a"},"headline":"Participa Mara Lezama en Consejo Nacional de Seguridad P\u00fablica y reafirma su compromiso para trabajar por la seguridad de Quintana Roo","datePublished":"2023-12-19T00:49:53+00:00","mainEntityOfPage":{"@id":"https:\/\/l21.mx\/?p=66723"},"wordCount":482,"publisher":{"@id":"https:\/\/l21.mx\/#organization"},"image":{"@id":"https:\/\/l21.mx\/?p=66723#primaryimage"},"thumbnailUrl":"https:\/\/l21.mx\/wp-content\/uploads\/2023\/12\/WhatsApp-Image-2023-12-18-at-12.04.02-PM.jpeg","articleSection":["Noticias","Quintana Roo"],"inLanguage":"es"},{"@type":"WebPage","@id":"https:\/\/l21.mx\/?p=66723","url":"https:\/\/l21.mx\/?p=66723","name":"Participa Mara Lezama en Consejo Nacional de Seguridad P\u00fablica y reafirma su compromiso para trabajar por la seguridad de Quintana Roo | Revista Latitud 21","isPartOf":{"@id":"https:\/\/l21.mx\/#website"},"primaryImageOfPage":{"@id":"https:\/\/l21.mx\/?p=66723#primaryimage"},"image":{"@id":"https:\/\/l21.mx\/?p=66723#primaryimage"},"thumbnailUrl":"https:\/\/l21.mx\/wp-content\/uploads\/2023\/12\/WhatsApp-Image-2023-12-18-at-12.04.02-PM.jpeg","datePublished":"2023-12-19T00:49:53+00:00","description":"L21, Emprendedores y Negocios en el Caribe Mexicano, es la revista l\u00edder entre el Sector Empresarial y Tur\u00edstico del Caribe Mexicano.","breadcrumb":{"@id":"https:\/\/l21.mx\/?p=66723#breadcrumb"},"inLanguage":"es","potentialAction":[{"@type":"ReadAction","target":["https:\/\/l21.mx\/?p=66723"]}]},{"@type":"ImageObject","inLanguage":"es","@id":"https:\/\/l21.mx\/?p=66723#primaryimage","url":"https:\/\/l21.mx\/wp-content\/uploads\/2023\/12\/WhatsApp-Image-2023-12-18-at-12.04.02-PM.jpeg","contentUrl":"https:\/\/l21.mx\/wp-content\/uploads\/2023\/12\/WhatsApp-Image-2023-12-18-at-12.04.02-PM.jpeg","width":1600,"height":900},{"@type":"BreadcrumbList","@id":"https:\/\/l21.mx\/?p=66723#breadcrumb","itemListElement":[{"@type":"ListItem","position":1,"name":"Portada","item":"https:\/\/l21.mx\/"},{"@type":"ListItem","position":2,"name":"Participa Mara Lezama en Consejo Nacional de Seguridad P\u00fablica y reafirma su compromiso para trabajar por la seguridad de Quintana Roo"}]},{"@type":"WebSite","@id":"https:\/\/l21.mx\/#website","url":"https:\/\/l21.mx\/","name":"Revista Latitud 21","description":"Emprendedores  y negocios en el Caribe Mexicano","publisher":{"@id":"https:\/\/l21.mx\/#organization"},"potentialAction":[{"@type":"SearchAction","target":{"@type":"EntryPoint","urlTemplate":"https:\/\/l21.mx\/?s={search_term_string}"},"query-input":{"@type":"PropertyValueSpecification","valueRequired":true,"valueName":"search_term_string"}}],"inLanguage":"es"},{"@type":"Organization","@id":"https:\/\/l21.mx\/#organization","name":"Grupo Editorial Latitud 21 SA de CV","url":"https:\/\/l21.mx\/","logo":{"@type":"ImageObject","inLanguage":"es","@id":"https:\/\/l21.mx\/#\/schema\/logo\/image\/","url":"https:\/\/l21.mx\/wp-content\/uploads\/2020\/10\/logo-l21-baja.jpg","contentUrl":"https:\/\/l21.mx\/wp-content\/uploads\/2020\/10\/logo-l21-baja.jpg","width":250,"height":250,"caption":"Grupo Editorial Latitud 21 SA de CV"},"image":{"@id":"https:\/\/l21.mx\/#\/schema\/logo\/image\/"},"sameAs":["https:\/\/www.facebook.com\/RevistaLatitud21\/","https:\/\/x.com\/Latitud21mx"]},{"@type":"Person","@id":"https:\/\/l21.mx\/#\/schema\/person\/cca68595b80b2f6c4c55a8b254bfbb2a","name":"NellyG","url":"https:\/\/l21.mx\/?author=100"}]}},"amp_enabled":true,"_links":{"self":[{"href":"https:\/\/l21.mx\/index.php?rest_route=\/wp\/v2\/posts\/66723","targetHints":{"allow":["GET"]}}],"collection":[{"href":"https:\/\/l21.mx\/index.php?rest_route=\/wp\/v2\/posts"}],"about":[{"href":"https:\/\/l21.mx\/index.php?rest_route=\/wp\/v2\/types\/post"}],"author":[{"embeddable":true,"href":"https:\/\/l21.mx\/index.php?rest_route=\/wp\/v2\/users\/100"}],"replies":[{"embeddable":true,"href":"https:\/\/l21.mx\/index.php?rest_route=%2Fwp%2Fv2%2Fcomments&post=66723"}],"version-history":[{"count":1,"href":"https:\/\/l21.mx\/index.php?rest_route=\/wp\/v2\/posts\/66723\/revisions"}],"predecessor-version":[{"id":66726,"href":"https:\/\/l21.mx\/index.php?rest_route=\/wp\/v2\/posts\/66723\/revisions\/66726"}],"wp:featuredmedia":[{"embeddable":true,"href":"https:\/\/l21.mx\/index.php?rest_route=\/wp\/v2\/media\/66724"}],"wp:attachment":[{"href":"https:\/\/l21.mx\/index.php?rest_route=%2Fwp%2Fv2%2Fmedia&parent=66723"}],"wp:term":[{"taxonomy":"category","embeddable":true,"href":"https:\/\/l21.mx\/index.php?rest_route=%2Fwp%2Fv2%2Fcategories&post=66723"},{"taxonomy":"post_tag","embeddable":true,"href":"https:\/\/l21.mx\/index.php?rest_route=%2Fwp%2Fv2%2Ftags&post=66723"}],"curies":[{"name":"wp","href":"https:\/\/api.w.org\/{rel}","templated":true}]}}