{"id":66730,"date":"2023-12-19T11:52:00","date_gmt":"2023-12-19T16:52:00","guid":{"rendered":"https:\/\/l21.mx\/?p=66730"},"modified":"2023-12-19T11:52:00","modified_gmt":"2023-12-19T16:52:00","slug":"sefiplan-mantiene-firme-su-compromiso-de-trabajar-con-transparencia-y-rendicion-de-cuentas","status":"publish","type":"post","link":"https:\/\/l21.mx\/?p=66730","title":{"rendered":"SEFIPLAN mantiene firme su compromiso de trabajar con transparencia y rendici\u00f3n de cuentas"},"content":{"rendered":"<p>&nbsp;<\/p>\n<p>-Se realiza la toma de protesta del reintegrado Comit\u00e9 de Transparencia de la SEFIPLAN y se firma convenio de colaboraci\u00f3n en materia de transparencia con el IDAIPQROO<\/p>\n<p><a href=\"https:\/\/l21.mx\/wp-content\/uploads\/2023\/12\/WhatsApp-Image-2023-12-18-at-8.36.00-PM.jpeg\" data-rel=\"penci-gallery-image-content\" ><img fetchpriority=\"high\" decoding=\"async\" class=\"alignnone size-medium wp-image-66732\" src=\"https:\/\/l21.mx\/wp-content\/uploads\/2023\/12\/WhatsApp-Image-2023-12-18-at-8.36.00-PM-300x197.jpeg\" alt=\"\" width=\"300\" height=\"197\" srcset=\"https:\/\/l21.mx\/wp-content\/uploads\/2023\/12\/WhatsApp-Image-2023-12-18-at-8.36.00-PM-300x197.jpeg 300w, https:\/\/l21.mx\/wp-content\/uploads\/2023\/12\/WhatsApp-Image-2023-12-18-at-8.36.00-PM-1024x673.jpeg 1024w, https:\/\/l21.mx\/wp-content\/uploads\/2023\/12\/WhatsApp-Image-2023-12-18-at-8.36.00-PM-768x504.jpeg 768w, https:\/\/l21.mx\/wp-content\/uploads\/2023\/12\/WhatsApp-Image-2023-12-18-at-8.36.00-PM-1536x1009.jpeg 1536w, https:\/\/l21.mx\/wp-content\/uploads\/2023\/12\/WhatsApp-Image-2023-12-18-at-8.36.00-PM-1200x788.jpeg 1200w, https:\/\/l21.mx\/wp-content\/uploads\/2023\/12\/WhatsApp-Image-2023-12-18-at-8.36.00-PM-1170x769.jpeg 1170w, https:\/\/l21.mx\/wp-content\/uploads\/2023\/12\/WhatsApp-Image-2023-12-18-at-8.36.00-PM-780x516.jpeg 780w, https:\/\/l21.mx\/wp-content\/uploads\/2023\/12\/WhatsApp-Image-2023-12-18-at-8.36.00-PM-585x384.jpeg 585w, https:\/\/l21.mx\/wp-content\/uploads\/2023\/12\/WhatsApp-Image-2023-12-18-at-8.36.00-PM.jpeg 1600w\" sizes=\"(max-width: 300px) 100vw, 300px\" \/><\/a><\/p>\n<p>Chetumal. &#8211; La Secretar\u00eda de Finanzas y Planeaci\u00f3n (SEFIPLAN), contin\u00faa dando muestras del compromiso que mantiene con la ciudadan\u00eda de ser una instituci\u00f3n que exige la eficacia, apertura, transparencia y rendici\u00f3n de cuentas en el actuar de todos los servidores p\u00fablicos que lo conforman.<\/p>\n<p>Acorde a la estructura org\u00e1nica establecida en el reglamento interior vigente de la dependencia; su titular, Eugenio Segura V\u00e1zquez, presidi\u00f3 el acto de la reinstalaci\u00f3n del Comit\u00e9 de Transparencia y toma de protesta a sus integrantes.<\/p>\n<p><a href=\"https:\/\/l21.mx\/wp-content\/uploads\/2023\/12\/WhatsApp-Image-2023-12-18-at-8.36.01-PM-1.jpeg\" data-rel=\"penci-gallery-image-content\" ><img decoding=\"async\" class=\"alignnone size-medium wp-image-66733\" src=\"https:\/\/l21.mx\/wp-content\/uploads\/2023\/12\/WhatsApp-Image-2023-12-18-at-8.36.01-PM-1-300x175.jpeg\" alt=\"\" width=\"300\" height=\"175\" srcset=\"https:\/\/l21.mx\/wp-content\/uploads\/2023\/12\/WhatsApp-Image-2023-12-18-at-8.36.01-PM-1-300x175.jpeg 300w, https:\/\/l21.mx\/wp-content\/uploads\/2023\/12\/WhatsApp-Image-2023-12-18-at-8.36.01-PM-1-1024x596.jpeg 1024w, https:\/\/l21.mx\/wp-content\/uploads\/2023\/12\/WhatsApp-Image-2023-12-18-at-8.36.01-PM-1-768x447.jpeg 768w, https:\/\/l21.mx\/wp-content\/uploads\/2023\/12\/WhatsApp-Image-2023-12-18-at-8.36.01-PM-1-1536x894.jpeg 1536w, https:\/\/l21.mx\/wp-content\/uploads\/2023\/12\/WhatsApp-Image-2023-12-18-at-8.36.01-PM-1-1200x698.jpeg 1200w, https:\/\/l21.mx\/wp-content\/uploads\/2023\/12\/WhatsApp-Image-2023-12-18-at-8.36.01-PM-1-1170x681.jpeg 1170w, https:\/\/l21.mx\/wp-content\/uploads\/2023\/12\/WhatsApp-Image-2023-12-18-at-8.36.01-PM-1-585x340.jpeg 585w, https:\/\/l21.mx\/wp-content\/uploads\/2023\/12\/WhatsApp-Image-2023-12-18-at-8.36.01-PM-1.jpeg 1600w\" sizes=\"(max-width: 300px) 100vw, 300px\" \/><\/a><\/p>\n<p>Segura V\u00e1zquez tambi\u00e9n firm\u00f3 un convenio de colaboraci\u00f3n en materia de transparencia con el Instituto de Acceso a la Informaci\u00f3n P\u00fablica y Protecci\u00f3n de Datos Personales de Quintana Roo (IDAIPQROO), representado por su Comisionada Presidenta, Magda Lozano Ocman y los Comisionados Roberto Agundis y Claudette Arellano.<\/p>\n<p>El Comit\u00e9 de Transparencia de la Secretar\u00eda de Finanzas y Planeaci\u00f3n qued\u00f3 integrado por; Rub\u00ed Guadalupe Sulub Cih, presidenta y Titular de la Unidad de Transparencia, Acceso a la Informaci\u00f3n P\u00fablica y Protecci\u00f3n de Datos Personales de la SEFIPLAN.<\/p>\n<p>Asimismo, Ligia Irene Zapata Boj\u00f3rquez, secretaria y Directora General de Cr\u00e9dito y Finanzas; \u00c1ngel Servando Canto Ak\u00e9, Vocal y Subsecretario de Pol\u00edtica Hacendaria y Control Presupuestal: Osiris Rodr\u00edguez Hern\u00e1ndez, Vocal y Director General de Ingresos; H\u00e9ctor Segundo Masegosa Llanas, Vocal y Director General de Contrataciones.<\/p>\n<p>Tambi\u00e9n H\u00e9ctor Javier Guevara Lomas, Vocal y Director de Archivo y Mejora Regulatoria; Ana Carolina Pech Zeled\u00f3n, Vocal y Directora General Administrativa; Elsa Noem\u00ed Heredia Mart\u00ednez, Vocal y Subprocuradora Fiscal; y Billy Jean Pe\u00f1a Sosa, Vocal y Director General de Planeaci\u00f3n.<\/p>\n<p>En el acto de toma de protesta fungieron como testigos de honor, los comisionados integrantes del Pleno del IDAIPQROO, Magda Lozano Ocman, Roberto Agundis Yerena, y Claudett Gonz\u00e1lez Arellano.<\/p>\n<p>En su intervenci\u00f3n, el titular de la SEFIPLAN, felicit\u00f3 a los miembros del Comit\u00e9 y agradeci\u00f3 al Pleno del IDAIPQROO su acompa\u00f1amiento permanente en las acciones que la dependencia emprende hacia la capacitaci\u00f3n, la atenci\u00f3n a las solicitudes de informaci\u00f3n de la ciudadan\u00eda, el cumplimiento puntual con las obligaciones de transparencia y en todo aquello que sirva para la apertura gubernamental.<\/p>\n","protected":false},"excerpt":{"rendered":"<p>&nbsp; -Se realiza la toma de protesta del reintegrado Comit\u00e9 de Transparencia de la SEFIPLAN y&hellip;<\/p>\n","protected":false},"author":100,"featured_media":66731,"comment_status":"closed","ping_status":"closed","sticky":false,"template":"","format":"standard","meta":{"_acf_changed":false,"_lmt_disableupdate":"","_lmt_disable":"","_mbp_gutenberg_autopost":false,"footnotes":""},"categories":[23,1656],"tags":[],"class_list":["post-66730","post","type-post","status-publish","format-standard","has-post-thumbnail","hentry","category-noticias","category-quintana-roo"],"acf":[],"_links":{"self":[{"href":"https:\/\/l21.mx\/index.php?rest_route=\/wp\/v2\/posts\/66730","targetHints":{"allow":["GET"]}}],"collection":[{"href":"https:\/\/l21.mx\/index.php?rest_route=\/wp\/v2\/posts"}],"about":[{"href":"https:\/\/l21.mx\/index.php?rest_route=\/wp\/v2\/types\/post"}],"author":[{"embeddable":true,"href":"https:\/\/l21.mx\/index.php?rest_route=\/wp\/v2\/users\/100"}],"replies":[{"embeddable":true,"href":"https:\/\/l21.mx\/index.php?rest_route=%2Fwp%2Fv2%2Fcomments&post=66730"}],"version-history":[{"count":0,"href":"https:\/\/l21.mx\/index.php?rest_route=\/wp\/v2\/posts\/66730\/revisions"}],"wp:featuredmedia":[{"embeddable":true,"href":"https:\/\/l21.mx\/index.php?rest_route=\/wp\/v2\/media\/66731"}],"wp:attachment":[{"href":"https:\/\/l21.mx\/index.php?rest_route=%2Fwp%2Fv2%2Fmedia&parent=66730"}],"wp:term":[{"taxonomy":"category","embeddable":true,"href":"https:\/\/l21.mx\/index.php?rest_route=%2Fwp%2Fv2%2Fcategories&post=66730"},{"taxonomy":"post_tag","embeddable":true,"href":"https:\/\/l21.mx\/index.php?rest_route=%2Fwp%2Fv2%2Ftags&post=66730"}],"curies":[{"name":"wp","href":"https:\/\/api.w.org\/{rel}","templated":true}]}}