{"id":66973,"date":"2023-12-27T10:51:50","date_gmt":"2023-12-27T15:51:50","guid":{"rendered":"https:\/\/l21.mx\/?p=66973"},"modified":"2023-12-27T10:51:50","modified_gmt":"2023-12-27T15:51:50","slug":"mara-lezama-supervisa-avance-de-parque-cultural-urbano-de-la-paz","status":"publish","type":"post","link":"https:\/\/l21.mx\/?p=66973","title":{"rendered":"Mara Lezama supervisa avance de Parque Cultural Urbano de la Paz"},"content":{"rendered":"<p>&nbsp;<\/p>\n<p>-Inversi\u00f3n cercana a los 17 millones de pesos para darle a la ni\u00f1ez y juventud espacios adecuados para la convivencia familiar<\/p>\n<p><a href=\"https:\/\/l21.mx\/wp-content\/uploads\/2023\/12\/WhatsApp-Image-2023-12-26-at-2.15.29-PM-1.jpeg\" data-rel=\"penci-gallery-image-content\" ><img fetchpriority=\"high\" decoding=\"async\" class=\"alignnone size-medium wp-image-66978\" src=\"https:\/\/l21.mx\/wp-content\/uploads\/2023\/12\/WhatsApp-Image-2023-12-26-at-2.15.29-PM-1-300x228.jpeg\" alt=\"\" width=\"300\" height=\"228\" srcset=\"https:\/\/l21.mx\/wp-content\/uploads\/2023\/12\/WhatsApp-Image-2023-12-26-at-2.15.29-PM-1-300x228.jpeg 300w, https:\/\/l21.mx\/wp-content\/uploads\/2023\/12\/WhatsApp-Image-2023-12-26-at-2.15.29-PM-1-1024x778.jpeg 1024w, https:\/\/l21.mx\/wp-content\/uploads\/2023\/12\/WhatsApp-Image-2023-12-26-at-2.15.29-PM-1-768x583.jpeg 768w, https:\/\/l21.mx\/wp-content\/uploads\/2023\/12\/WhatsApp-Image-2023-12-26-at-2.15.29-PM-1-1185x900.jpeg 1185w, https:\/\/l21.mx\/wp-content\/uploads\/2023\/12\/WhatsApp-Image-2023-12-26-at-2.15.29-PM-1-1170x888.jpeg 1170w, https:\/\/l21.mx\/wp-content\/uploads\/2023\/12\/WhatsApp-Image-2023-12-26-at-2.15.29-PM-1-585x444.jpeg 585w, https:\/\/l21.mx\/wp-content\/uploads\/2023\/12\/WhatsApp-Image-2023-12-26-at-2.15.29-PM-1.jpeg 1280w\" sizes=\"(max-width: 300px) 100vw, 300px\" \/><\/a><\/p>\n<p>Canc\u00fan.- La gobernadora Mara Lezama Espinosa supervis\u00f3 los trabajos del nuevo Parque Cultural Urbano de la Paz que se construye en Villas Otoch Para\u00edso con inversi\u00f3n cercana a los 17 millones de pesos, con beneficio directo para m\u00e1s de 11 mil 400 cancunenses.<\/p>\n<p>Acompa\u00f1ada de la secretaria de Obras P\u00fablicas, Iraz\u00fa Sarabia, la primera mujer gobernadora dijo que cuando se combate la corrupci\u00f3n y se cierras las grietas por donde se fugaba, el dinero del pueblo alcanza para m\u00e1s y se invierte donde m\u00e1s se necesita.<\/p>\n<p><a href=\"https:\/\/l21.mx\/wp-content\/uploads\/2023\/12\/WhatsApp-Image-2023-12-26-at-2.15.30-PM.jpeg\" data-rel=\"penci-gallery-image-content\" ><img decoding=\"async\" class=\"alignnone size-medium wp-image-66977\" src=\"https:\/\/l21.mx\/wp-content\/uploads\/2023\/12\/WhatsApp-Image-2023-12-26-at-2.15.30-PM-300x169.jpeg\" alt=\"\" width=\"300\" height=\"169\" srcset=\"https:\/\/l21.mx\/wp-content\/uploads\/2023\/12\/WhatsApp-Image-2023-12-26-at-2.15.30-PM-300x169.jpeg 300w, https:\/\/l21.mx\/wp-content\/uploads\/2023\/12\/WhatsApp-Image-2023-12-26-at-2.15.30-PM-1024x576.jpeg 1024w, https:\/\/l21.mx\/wp-content\/uploads\/2023\/12\/WhatsApp-Image-2023-12-26-at-2.15.30-PM-768x432.jpeg 768w, https:\/\/l21.mx\/wp-content\/uploads\/2023\/12\/WhatsApp-Image-2023-12-26-at-2.15.30-PM-1200x675.jpeg 1200w, https:\/\/l21.mx\/wp-content\/uploads\/2023\/12\/WhatsApp-Image-2023-12-26-at-2.15.30-PM-1170x663.jpeg 1170w, https:\/\/l21.mx\/wp-content\/uploads\/2023\/12\/WhatsApp-Image-2023-12-26-at-2.15.30-PM-585x329.jpeg 585w, https:\/\/l21.mx\/wp-content\/uploads\/2023\/12\/WhatsApp-Image-2023-12-26-at-2.15.30-PM.jpeg 1280w\" sizes=\"(max-width: 300px) 100vw, 300px\" \/><\/a><\/p>\n<p>Afirm\u00f3 que en este gobierno del cambio verdadero y la transformaci\u00f3n profunda, el Nuevo Acuerdo por el Bienestar y Desarrollo de Quintana Roo tiene entre sus objetivos recuperar y mejorar los espacios p\u00fablicos de sano esparcimiento para reconstruir la paz, donde puedan convivir las ni\u00f1as, ni\u00f1os, adolescentes y adultos.<\/p>\n<p>El nuevo Parque Cultural Urbano de la Paz tiene 28% de avance. Tendr\u00e1 instalado un juego inclusivo con 4 estaciones infantiles, m\u00e1s de mil 400 metros cuadrados de concreto, 30 luminarias para poder utilizarlo a todas horas, se colocar\u00e1n m\u00e1s de 200 metros de cerca con rejas de acero.<\/p>\n<p><a href=\"https:\/\/l21.mx\/wp-content\/uploads\/2023\/12\/WhatsApp-Image-2023-12-26-at-2.15.30-PM-1.jpeg\" data-rel=\"penci-gallery-image-content\" ><img decoding=\"async\" class=\"alignnone size-medium wp-image-66976\" src=\"https:\/\/l21.mx\/wp-content\/uploads\/2023\/12\/WhatsApp-Image-2023-12-26-at-2.15.30-PM-1-300x169.jpeg\" alt=\"\" width=\"300\" height=\"169\" srcset=\"https:\/\/l21.mx\/wp-content\/uploads\/2023\/12\/WhatsApp-Image-2023-12-26-at-2.15.30-PM-1-300x169.jpeg 300w, https:\/\/l21.mx\/wp-content\/uploads\/2023\/12\/WhatsApp-Image-2023-12-26-at-2.15.30-PM-1-1024x576.jpeg 1024w, https:\/\/l21.mx\/wp-content\/uploads\/2023\/12\/WhatsApp-Image-2023-12-26-at-2.15.30-PM-1-768x432.jpeg 768w, https:\/\/l21.mx\/wp-content\/uploads\/2023\/12\/WhatsApp-Image-2023-12-26-at-2.15.30-PM-1-1200x675.jpeg 1200w, https:\/\/l21.mx\/wp-content\/uploads\/2023\/12\/WhatsApp-Image-2023-12-26-at-2.15.30-PM-1-1170x663.jpeg 1170w, https:\/\/l21.mx\/wp-content\/uploads\/2023\/12\/WhatsApp-Image-2023-12-26-at-2.15.30-PM-1-585x329.jpeg 585w, https:\/\/l21.mx\/wp-content\/uploads\/2023\/12\/WhatsApp-Image-2023-12-26-at-2.15.30-PM-1.jpeg 1280w\" sizes=\"(max-width: 300px) 100vw, 300px\" \/><\/a><\/p>\n<p>Adem\u00e1s, se construir\u00e1 un foro con cubierta de lona tensoestructurada y se sembrar\u00e1n 864 metros cuadrados de pasto. Tambi\u00e9n tendr\u00e1 ba\u00f1os, caseta de vigilancia, equipo de circuito cerrado, rampas para acceso universal y \u00e1rea para bicicletas.<\/p>\n<p>Mara Lezama destac\u00f3 que trabajando juntos, con espacios p\u00fablicos adecuados para la convivencia familiar, se atienden los or\u00edgenes de la violencia y delincuencia y se avanza en la construcci\u00f3n de la paz.<\/p>\n","protected":false},"excerpt":{"rendered":"<p>&nbsp; -Inversi\u00f3n cercana a los 17 millones de pesos para darle a la ni\u00f1ez y juventud&hellip;<\/p>\n","protected":false},"author":100,"featured_media":66974,"comment_status":"closed","ping_status":"closed","sticky":false,"template":"","format":"standard","meta":{"_acf_changed":false,"_lmt_disableupdate":"","_lmt_disable":"","_mbp_gutenberg_autopost":false,"footnotes":""},"categories":[23,1656],"tags":[],"class_list":["post-66973","post","type-post","status-publish","format-standard","has-post-thumbnail","hentry","category-noticias","category-quintana-roo"],"acf":[],"_links":{"self":[{"href":"https:\/\/l21.mx\/index.php?rest_route=\/wp\/v2\/posts\/66973","targetHints":{"allow":["GET"]}}],"collection":[{"href":"https:\/\/l21.mx\/index.php?rest_route=\/wp\/v2\/posts"}],"about":[{"href":"https:\/\/l21.mx\/index.php?rest_route=\/wp\/v2\/types\/post"}],"author":[{"embeddable":true,"href":"https:\/\/l21.mx\/index.php?rest_route=\/wp\/v2\/users\/100"}],"replies":[{"embeddable":true,"href":"https:\/\/l21.mx\/index.php?rest_route=%2Fwp%2Fv2%2Fcomments&post=66973"}],"version-history":[{"count":0,"href":"https:\/\/l21.mx\/index.php?rest_route=\/wp\/v2\/posts\/66973\/revisions"}],"wp:featuredmedia":[{"embeddable":true,"href":"https:\/\/l21.mx\/index.php?rest_route=\/wp\/v2\/media\/66974"}],"wp:attachment":[{"href":"https:\/\/l21.mx\/index.php?rest_route=%2Fwp%2Fv2%2Fmedia&parent=66973"}],"wp:term":[{"taxonomy":"category","embeddable":true,"href":"https:\/\/l21.mx\/index.php?rest_route=%2Fwp%2Fv2%2Fcategories&post=66973"},{"taxonomy":"post_tag","embeddable":true,"href":"https:\/\/l21.mx\/index.php?rest_route=%2Fwp%2Fv2%2Ftags&post=66973"}],"curies":[{"name":"wp","href":"https:\/\/api.w.org\/{rel}","templated":true}]}}