{"id":67012,"date":"2023-12-28T10:52:57","date_gmt":"2023-12-28T15:52:57","guid":{"rendered":"https:\/\/l21.mx\/?p=67012"},"modified":"2023-12-28T10:52:57","modified_gmt":"2023-12-28T15:52:57","slug":"supervisa-ana-paty-peralta-la-transformacion-de-la-av-politecnico","status":"publish","type":"post","link":"https:\/\/l21.mx\/?p=67012","title":{"rendered":"Supervisa Ana Paty Peralta la transformaci\u00f3n de la Av. Polit\u00e9cnico"},"content":{"rendered":"<p>La pavimentaci\u00f3n elevar\u00e1 la calidad de vida de los cancunenses con vialidades dignas y mejorar\u00e1 la imagen urbana<\/p>\n<p><a href=\"https:\/\/l21.mx\/wp-content\/uploads\/2023\/12\/WhatsApp-Image-2023-12-27-at-4.17.53-PM.jpeg\" data-rel=\"penci-gallery-image-content\" ><img fetchpriority=\"high\" decoding=\"async\" class=\"alignnone size-medium wp-image-67017\" src=\"https:\/\/l21.mx\/wp-content\/uploads\/2023\/12\/WhatsApp-Image-2023-12-27-at-4.17.53-PM-300x222.jpeg\" alt=\"\" width=\"300\" height=\"222\" srcset=\"https:\/\/l21.mx\/wp-content\/uploads\/2023\/12\/WhatsApp-Image-2023-12-27-at-4.17.53-PM-300x222.jpeg 300w, https:\/\/l21.mx\/wp-content\/uploads\/2023\/12\/WhatsApp-Image-2023-12-27-at-4.17.53-PM-1024x759.jpeg 1024w, https:\/\/l21.mx\/wp-content\/uploads\/2023\/12\/WhatsApp-Image-2023-12-27-at-4.17.53-PM-768x569.jpeg 768w, https:\/\/l21.mx\/wp-content\/uploads\/2023\/12\/WhatsApp-Image-2023-12-27-at-4.17.53-PM-1200x890.jpeg 1200w, https:\/\/l21.mx\/wp-content\/uploads\/2023\/12\/WhatsApp-Image-2023-12-27-at-4.17.53-PM-1170x867.jpeg 1170w, https:\/\/l21.mx\/wp-content\/uploads\/2023\/12\/WhatsApp-Image-2023-12-27-at-4.17.53-PM-585x434.jpeg 585w, https:\/\/l21.mx\/wp-content\/uploads\/2023\/12\/WhatsApp-Image-2023-12-27-at-4.17.53-PM.jpeg 1280w\" sizes=\"(max-width: 300px) 100vw, 300px\" \/><\/a><\/p>\n<p>Canc\u00fan, Q. R., a 27 de diciembre de 2023.- Como parte de la transformaci\u00f3n profunda que se vive en Canc\u00fan, la Presidenta Municipal, Ana Paty Peralta, hizo un recorrido de supervisi\u00f3n de obra, respecto a los trabajos de pavimentaci\u00f3n de la Av. Polit\u00e9cnico entre la Av. Tepich y la Av. M\u00e9xico, la cual registra un avance del 67 por ciento, y cuyo objetivo es mejorar la vialidad y optimizar el flujo vehicular.<\/p>\n<p>\u201cVamos muy avanzados, pero les pido que tengan paciencia y sobre todo, que tengan la certeza de que cuando quede lista esta vialidad ser\u00e1 de mucho beneficio para las familias que viven aqu\u00ed y para quienes transiten por la zona; este y otros proyectos que estamos realizando en varias colonias, se suman a las obras hist\u00f3ricas en coordinaci\u00f3n con el gobierno estatal y federal, y lo m\u00e1s importante, son obras que realizamos con el apoyo de las y los ciudadanos, a trav\u00e9s de los comit\u00e9s de obra\u201d, subray\u00f3 durante la supervisi\u00f3n de guarniciones, l\u00ednea podo t\u00e1ctil, banquetas, pavimento, limpiezas de camellones y pozos de absorci\u00f3n, al igual que postes de la Comisi\u00f3n Federal de Electricidad (CFE).<\/p>\n<p><a href=\"https:\/\/l21.mx\/wp-content\/uploads\/2023\/12\/WhatsApp-Image-2023-12-27-at-4.17.54-PM-1.jpeg\" data-rel=\"penci-gallery-image-content\" ><img decoding=\"async\" class=\"alignnone size-medium wp-image-67014\" src=\"https:\/\/l21.mx\/wp-content\/uploads\/2023\/12\/WhatsApp-Image-2023-12-27-at-4.17.54-PM-1-300x200.jpeg\" alt=\"\" width=\"300\" height=\"200\" srcset=\"https:\/\/l21.mx\/wp-content\/uploads\/2023\/12\/WhatsApp-Image-2023-12-27-at-4.17.54-PM-1-300x200.jpeg 300w, https:\/\/l21.mx\/wp-content\/uploads\/2023\/12\/WhatsApp-Image-2023-12-27-at-4.17.54-PM-1-1024x684.jpeg 1024w, https:\/\/l21.mx\/wp-content\/uploads\/2023\/12\/WhatsApp-Image-2023-12-27-at-4.17.54-PM-1-768x513.jpeg 768w, https:\/\/l21.mx\/wp-content\/uploads\/2023\/12\/WhatsApp-Image-2023-12-27-at-4.17.54-PM-1-1200x802.jpeg 1200w, https:\/\/l21.mx\/wp-content\/uploads\/2023\/12\/WhatsApp-Image-2023-12-27-at-4.17.54-PM-1-1170x782.jpeg 1170w, https:\/\/l21.mx\/wp-content\/uploads\/2023\/12\/WhatsApp-Image-2023-12-27-at-4.17.54-PM-1-585x391.jpeg 585w, https:\/\/l21.mx\/wp-content\/uploads\/2023\/12\/WhatsApp-Image-2023-12-27-at-4.17.54-PM-1-263x175.jpeg 263w, https:\/\/l21.mx\/wp-content\/uploads\/2023\/12\/WhatsApp-Image-2023-12-27-at-4.17.54-PM-1.jpeg 1280w\" sizes=\"(max-width: 300px) 100vw, 300px\" \/><\/a><\/p>\n<p>La Primera Autoridad Municipal inform\u00f3 que actualmente se registra un avance del 67 por ciento, y se trabaja en la pavimentaci\u00f3n del segundo cuerpo de la arteria, el cual contar\u00e1 con banquetas, l\u00ednea podo t\u00e1ctil, guarniciones, pozos de absorci\u00f3n y un camell\u00f3n central con iluminaci\u00f3n tipo led.<\/p>\n<p>Precis\u00f3 que en total 22 mil 322 habitantes ser\u00e1n beneficiados con este proyecto, que mejorar\u00e1 la imagen urbana, proporcion\u00e1ndoles seguridad en los recorridos de conductores y peatones, eficientando el uso de veh\u00edculos, reduciendo riesgos y costos para combatir la marginaci\u00f3n social.<\/p>\n<p><a href=\"https:\/\/l21.mx\/wp-content\/uploads\/2023\/12\/WhatsApp-Image-2023-12-27-at-4.17.55-PM.jpeg\" data-rel=\"penci-gallery-image-content\" ><img decoding=\"async\" class=\"alignnone size-medium wp-image-67013\" src=\"https:\/\/l21.mx\/wp-content\/uploads\/2023\/12\/WhatsApp-Image-2023-12-27-at-4.17.55-PM-225x300.jpeg\" alt=\"\" width=\"225\" height=\"300\" srcset=\"https:\/\/l21.mx\/wp-content\/uploads\/2023\/12\/WhatsApp-Image-2023-12-27-at-4.17.55-PM-225x300.jpeg 225w, https:\/\/l21.mx\/wp-content\/uploads\/2023\/12\/WhatsApp-Image-2023-12-27-at-4.17.55-PM-768x1024.jpeg 768w, https:\/\/l21.mx\/wp-content\/uploads\/2023\/12\/WhatsApp-Image-2023-12-27-at-4.17.55-PM-675x900.jpeg 675w, https:\/\/l21.mx\/wp-content\/uploads\/2023\/12\/WhatsApp-Image-2023-12-27-at-4.17.55-PM-585x780.jpeg 585w, https:\/\/l21.mx\/wp-content\/uploads\/2023\/12\/WhatsApp-Image-2023-12-27-at-4.17.55-PM.jpeg 960w\" sizes=\"(max-width: 225px) 100vw, 225px\" \/><\/a><\/p>\n<p>En el recorrido, Ana Paty Peralta, acompa\u00f1ada del Secretario Municipal de Obras P\u00fablicas y Servicios, Salvador Diego Alarc\u00f3n, salud\u00f3 a las y los vecinos que salieron de sus casas para agradecerle la obra en proceso, adem\u00e1s invit\u00f3 a los locatarios de los talleres mec\u00e1nicos no colocar anuncios en el camell\u00f3n para cuidar la imagen urbana y dejar libre el tr\u00e1nsito de peatones.<\/p>\n<p>\u201cSeguimos trabajando sin descanso por el bienestar de las familias cancunenses y por una mejor imagen de nuestra ciudad, as\u00ed es como estamos avanzando juntos, y as\u00ed seguiremos el pr\u00f3ximo a\u00f1o, porque la transformaci\u00f3n la hacemos todas y todos\u201d, afirm\u00f3 la Alcaldesa.<\/p>\n<p><a href=\"https:\/\/l21.mx\/wp-content\/uploads\/2023\/12\/WhatsApp-Image-2023-12-27-at-4.17.52-PM.jpeg\" data-rel=\"penci-gallery-image-content\" ><img loading=\"lazy\" decoding=\"async\" class=\"alignnone size-medium wp-image-67018\" src=\"https:\/\/l21.mx\/wp-content\/uploads\/2023\/12\/WhatsApp-Image-2023-12-27-at-4.17.52-PM-300x234.jpeg\" alt=\"\" width=\"300\" height=\"234\" srcset=\"https:\/\/l21.mx\/wp-content\/uploads\/2023\/12\/WhatsApp-Image-2023-12-27-at-4.17.52-PM-300x234.jpeg 300w, https:\/\/l21.mx\/wp-content\/uploads\/2023\/12\/WhatsApp-Image-2023-12-27-at-4.17.52-PM-1024x799.jpeg 1024w, https:\/\/l21.mx\/wp-content\/uploads\/2023\/12\/WhatsApp-Image-2023-12-27-at-4.17.52-PM-768x599.jpeg 768w, https:\/\/l21.mx\/wp-content\/uploads\/2023\/12\/WhatsApp-Image-2023-12-27-at-4.17.52-PM-1536x1198.jpeg 1536w, https:\/\/l21.mx\/wp-content\/uploads\/2023\/12\/WhatsApp-Image-2023-12-27-at-4.17.52-PM-1154x900.jpeg 1154w, https:\/\/l21.mx\/wp-content\/uploads\/2023\/12\/WhatsApp-Image-2023-12-27-at-4.17.52-PM-1170x913.jpeg 1170w, https:\/\/l21.mx\/wp-content\/uploads\/2023\/12\/WhatsApp-Image-2023-12-27-at-4.17.52-PM-585x456.jpeg 585w, https:\/\/l21.mx\/wp-content\/uploads\/2023\/12\/WhatsApp-Image-2023-12-27-at-4.17.52-PM.jpeg 1600w\" sizes=\"(max-width: 300px) 100vw, 300px\" \/><\/a><\/p>\n<p>A dicha supervisi\u00f3n se sum\u00f3 el regidor de la comisi\u00f3n de Desarrollo Urbano y Movilidad, Isidro Roberto V\u00e1zquez Guzm\u00e1n y el director de Servicios P\u00fablicos Municipales, Jos\u00e9 Antonio de la Torre Chamb\u00e9, para refrendar su compromiso con este Ayuntamiento, y consolidar la infraestructura b\u00e1sica urbana para abatir los problemas de seguridad, a fin de que las y los cancunenses tengan una mejor calidad de vida.<\/p>\n","protected":false},"excerpt":{"rendered":"<p>La pavimentaci\u00f3n elevar\u00e1 la calidad de vida de los cancunenses con vialidades dignas y mejorar\u00e1 la&hellip;<\/p>\n","protected":false},"author":100,"featured_media":67015,"comment_status":"closed","ping_status":"closed","sticky":false,"template":"","format":"standard","meta":{"_acf_changed":false,"_lmt_disableupdate":"","_lmt_disable":"","_mbp_gutenberg_autopost":false,"footnotes":""},"categories":[1657,1655,23],"tags":[],"class_list":["post-67012","post","type-post","status-publish","format-standard","has-post-thumbnail","hentry","category-benito-juarez","category-cancun","category-noticias"],"acf":[],"_links":{"self":[{"href":"https:\/\/l21.mx\/index.php?rest_route=\/wp\/v2\/posts\/67012","targetHints":{"allow":["GET"]}}],"collection":[{"href":"https:\/\/l21.mx\/index.php?rest_route=\/wp\/v2\/posts"}],"about":[{"href":"https:\/\/l21.mx\/index.php?rest_route=\/wp\/v2\/types\/post"}],"author":[{"embeddable":true,"href":"https:\/\/l21.mx\/index.php?rest_route=\/wp\/v2\/users\/100"}],"replies":[{"embeddable":true,"href":"https:\/\/l21.mx\/index.php?rest_route=%2Fwp%2Fv2%2Fcomments&post=67012"}],"version-history":[{"count":0,"href":"https:\/\/l21.mx\/index.php?rest_route=\/wp\/v2\/posts\/67012\/revisions"}],"wp:featuredmedia":[{"embeddable":true,"href":"https:\/\/l21.mx\/index.php?rest_route=\/wp\/v2\/media\/67015"}],"wp:attachment":[{"href":"https:\/\/l21.mx\/index.php?rest_route=%2Fwp%2Fv2%2Fmedia&parent=67012"}],"wp:term":[{"taxonomy":"category","embeddable":true,"href":"https:\/\/l21.mx\/index.php?rest_route=%2Fwp%2Fv2%2Fcategories&post=67012"},{"taxonomy":"post_tag","embeddable":true,"href":"https:\/\/l21.mx\/index.php?rest_route=%2Fwp%2Fv2%2Ftags&post=67012"}],"curies":[{"name":"wp","href":"https:\/\/api.w.org\/{rel}","templated":true}]}}