{"id":67037,"date":"2023-12-28T15:42:55","date_gmt":"2023-12-28T20:42:55","guid":{"rendered":"https:\/\/l21.mx\/?p=67037"},"modified":"2023-12-28T15:42:55","modified_gmt":"2023-12-28T20:42:55","slug":"marybel-villegas-formaliza-denuncia-ante-el-ine-por-campana-mediatica-en-su-contra","status":"publish","type":"post","link":"https:\/\/l21.mx\/?p=67037","title":{"rendered":"Marybel Villegas formaliza denuncia ante el INE por campa\u00f1a medi\u00e1tica en su contra"},"content":{"rendered":"<p>&nbsp;<\/p>\n<p>Ciudad de M\u00e9xico, a 28 de diciembre de 2023.- La senadora de Morena por Quintana Roo, Marybel Villegas Canch\u00e9, firme en sus convicciones y en el pleno ejercicio de la defensa de sus derechos, formaliz\u00f3 su denuncia ante el Instituto Nacional Electoral (INE), por la guerra sucia que ha recibido en su contra.<\/p>\n<p><a href=\"https:\/\/l21.mx\/wp-content\/uploads\/2023\/12\/WhatsApp-Image-2023-12-28-at-3.40.11-PM.jpeg\" data-rel=\"penci-gallery-image-content\" ><img fetchpriority=\"high\" decoding=\"async\" class=\"alignnone size-medium wp-image-67039\" src=\"https:\/\/l21.mx\/wp-content\/uploads\/2023\/12\/WhatsApp-Image-2023-12-28-at-3.40.11-PM-300x200.jpeg\" alt=\"\" width=\"300\" height=\"200\" srcset=\"https:\/\/l21.mx\/wp-content\/uploads\/2023\/12\/WhatsApp-Image-2023-12-28-at-3.40.11-PM-300x200.jpeg 300w, https:\/\/l21.mx\/wp-content\/uploads\/2023\/12\/WhatsApp-Image-2023-12-28-at-3.40.11-PM-1024x684.jpeg 1024w, https:\/\/l21.mx\/wp-content\/uploads\/2023\/12\/WhatsApp-Image-2023-12-28-at-3.40.11-PM-768x513.jpeg 768w, https:\/\/l21.mx\/wp-content\/uploads\/2023\/12\/WhatsApp-Image-2023-12-28-at-3.40.11-PM-1200x802.jpeg 1200w, https:\/\/l21.mx\/wp-content\/uploads\/2023\/12\/WhatsApp-Image-2023-12-28-at-3.40.11-PM-1170x782.jpeg 1170w, https:\/\/l21.mx\/wp-content\/uploads\/2023\/12\/WhatsApp-Image-2023-12-28-at-3.40.11-PM-585x391.jpeg 585w, https:\/\/l21.mx\/wp-content\/uploads\/2023\/12\/WhatsApp-Image-2023-12-28-at-3.40.11-PM-263x175.jpeg 263w, https:\/\/l21.mx\/wp-content\/uploads\/2023\/12\/WhatsApp-Image-2023-12-28-at-3.40.11-PM.jpeg 1280w\" sizes=\"(max-width: 300px) 100vw, 300px\" \/><\/a><\/p>\n<p>\u201cComo lo anunci\u00e9 hace unos d\u00edas vengo al INE a presentar mi denuncia formal por campa\u00f1a negra. Los ataques se han arreciado en mi contra, lastiman mi dignidad como mujer para da\u00f1arme, denigrarme, insultarme. Hay una campa\u00f1a agresiva llena de mentiras, de odio, de difamaci\u00f3n y de calumnia, en contra m\u00eda y de mi familia\u201d, explic\u00f3 la senadora Marybel Villegas.<\/p>\n<p>Asimismo, asever\u00f3 que esta denuncia no la realiza solo por ella, sino porque no se puede permitir que ninguna mujer sea violentada por el solo hecho de tener una aspiraci\u00f3n y pidi\u00f3 que las autoridades correspondientes investiguen la procedencia de estos ataques.<\/p>\n<p><a href=\"https:\/\/l21.mx\/wp-content\/uploads\/2023\/12\/WhatsApp-Image-2023-12-28-at-3.40.10-PM-1.jpeg\" data-rel=\"penci-gallery-image-content\" ><img decoding=\"async\" class=\"alignnone size-medium wp-image-67040\" src=\"https:\/\/l21.mx\/wp-content\/uploads\/2023\/12\/WhatsApp-Image-2023-12-28-at-3.40.10-PM-1-300x200.jpeg\" alt=\"\" width=\"300\" height=\"200\" srcset=\"https:\/\/l21.mx\/wp-content\/uploads\/2023\/12\/WhatsApp-Image-2023-12-28-at-3.40.10-PM-1-300x200.jpeg 300w, https:\/\/l21.mx\/wp-content\/uploads\/2023\/12\/WhatsApp-Image-2023-12-28-at-3.40.10-PM-1-1024x684.jpeg 1024w, https:\/\/l21.mx\/wp-content\/uploads\/2023\/12\/WhatsApp-Image-2023-12-28-at-3.40.10-PM-1-768x513.jpeg 768w, https:\/\/l21.mx\/wp-content\/uploads\/2023\/12\/WhatsApp-Image-2023-12-28-at-3.40.10-PM-1-1200x802.jpeg 1200w, https:\/\/l21.mx\/wp-content\/uploads\/2023\/12\/WhatsApp-Image-2023-12-28-at-3.40.10-PM-1-1170x782.jpeg 1170w, https:\/\/l21.mx\/wp-content\/uploads\/2023\/12\/WhatsApp-Image-2023-12-28-at-3.40.10-PM-1-585x391.jpeg 585w, https:\/\/l21.mx\/wp-content\/uploads\/2023\/12\/WhatsApp-Image-2023-12-28-at-3.40.10-PM-1-263x175.jpeg 263w, https:\/\/l21.mx\/wp-content\/uploads\/2023\/12\/WhatsApp-Image-2023-12-28-at-3.40.10-PM-1.jpeg 1280w\" sizes=\"(max-width: 300px) 100vw, 300px\" \/><\/a><\/p>\n<p>\u201cEsta campa\u00f1a negra se ha arreciado por el simple hecho de haber manifestado mi aspiraci\u00f3n con el prop\u00f3sito de descalificarme ante la ciudadan\u00eda de Canc\u00fan. Sospecho el uso de recursos p\u00fablicos auspiciados desde el poder; han destinado miles de recursos en mi contra. Mi derecho a saber la verdad, no para callar la libertad de expresi\u00f3n, sino para saber qui\u00e9n paga, qui\u00e9nes son mis agresores. Quiero encontrar justicia, por eso vengo ante la autoridad para que investigue\u201d, manifest\u00f3 la legisladora Villegas Canch\u00e9.<\/p>\n","protected":false},"excerpt":{"rendered":"<p>&nbsp; Ciudad de M\u00e9xico, a 28 de diciembre de 2023.- La senadora de Morena por Quintana&hellip;<\/p>\n","protected":false},"author":100,"featured_media":67038,"comment_status":"closed","ping_status":"closed","sticky":false,"template":"","format":"standard","meta":{"_acf_changed":false,"_lmt_disableupdate":"","_lmt_disable":"","_mbp_gutenberg_autopost":false,"footnotes":""},"categories":[23,1656],"tags":[],"class_list":["post-67037","post","type-post","status-publish","format-standard","has-post-thumbnail","hentry","category-noticias","category-quintana-roo"],"acf":[],"_links":{"self":[{"href":"https:\/\/l21.mx\/index.php?rest_route=\/wp\/v2\/posts\/67037","targetHints":{"allow":["GET"]}}],"collection":[{"href":"https:\/\/l21.mx\/index.php?rest_route=\/wp\/v2\/posts"}],"about":[{"href":"https:\/\/l21.mx\/index.php?rest_route=\/wp\/v2\/types\/post"}],"author":[{"embeddable":true,"href":"https:\/\/l21.mx\/index.php?rest_route=\/wp\/v2\/users\/100"}],"replies":[{"embeddable":true,"href":"https:\/\/l21.mx\/index.php?rest_route=%2Fwp%2Fv2%2Fcomments&post=67037"}],"version-history":[{"count":0,"href":"https:\/\/l21.mx\/index.php?rest_route=\/wp\/v2\/posts\/67037\/revisions"}],"wp:featuredmedia":[{"embeddable":true,"href":"https:\/\/l21.mx\/index.php?rest_route=\/wp\/v2\/media\/67038"}],"wp:attachment":[{"href":"https:\/\/l21.mx\/index.php?rest_route=%2Fwp%2Fv2%2Fmedia&parent=67037"}],"wp:term":[{"taxonomy":"category","embeddable":true,"href":"https:\/\/l21.mx\/index.php?rest_route=%2Fwp%2Fv2%2Fcategories&post=67037"},{"taxonomy":"post_tag","embeddable":true,"href":"https:\/\/l21.mx\/index.php?rest_route=%2Fwp%2Fv2%2Ftags&post=67037"}],"curies":[{"name":"wp","href":"https:\/\/api.w.org\/{rel}","templated":true}]}}