{"id":67162,"date":"2023-12-31T11:43:36","date_gmt":"2023-12-31T16:43:36","guid":{"rendered":"https:\/\/l21.mx\/?p=67162"},"modified":"2024-01-03T14:00:59","modified_gmt":"2024-01-03T19:00:59","slug":"la-cultura-en-quintana-roo-2","status":"publish","type":"post","link":"https:\/\/l21.mx\/?p=67162","title":{"rendered":"La cultura en Quintana Roo"},"content":{"rendered":"<p>&nbsp;<\/p>\n<p>Por: Diputada Ing. Candy Ayuso Achach<\/p>\n<p>Presidenta de la Comision de Cultura de la XVII Legislatura del Congreso del Estado de Q. Roo<\/p>\n<p>&nbsp;<\/p>\n<p>En nuestro estado la cultura es una fusi\u00f3n de diversas influencias que han dejado una huella profunda en la identidad de la regi\u00f3n. Desde la antigua civilizaci\u00f3n maya hasta la llegada de los espa\u00f1oles y la influencia caribe\u00f1a, la cultura en Quintana Roo es un reflejo de su rica historia y diversidad.<\/p>\n<p>Quintana Roo fue una vez parte del antiguo imperio maya, y a\u00fan conserva vestigios de ello. Varias comunidades ind\u00edgenas, como los mayas, los tzotziles y los tseltales, han mantenido vivas sus tradiciones a lo largo de los siglos. Un ejemplo de esto es el D\u00eda de los Muertos, una festividad en la que se honra a los seres queridos fallecidos. Durante esta celebraci\u00f3n, se realizan coloridas ofrendas y se llevan a cabo rituales ancestrales que muestran la conexi\u00f3n profunda entre la vida y la muerte en la cultura maya.<\/p>\n<p>La llegada de los espa\u00f1oles a Quintana Roo dej\u00f3 una huella significativa en su cultura. Adem\u00e1s, la lengua espa\u00f1ola se ha convertido en el idioma predominante en la regi\u00f3n, aunque muchas comunidades ind\u00edgenas a\u00fan conservan sus lenguas maternas.<\/p>\n<p>La cultura en Quintana Roo se expresa a trav\u00e9s de diversas manifestaciones art\u00edsticas. La m\u00fasica tradicional, como la jarana y el fandango (bailes muy alegres con reminiscencias espa\u00f1olas) y la m\u00fasica del Mayapax, que fue declarada Patrimonio Cultural Inmaterial del Estado, se pueden escuchar en festivales y eventos culturales. Adem\u00e1s, la m\u00fasica tradicional tiene un alto sentido de identidad y educaci\u00f3n.<\/p>\n<p>La cultura en Quintana Roo es un tesoro invaluable que refleja la historia, las tradiciones y las influencias que han dado forma a esta regi\u00f3n. Desde la grandeza de la civilizaci\u00f3n maya hasta la llegada de los espa\u00f1oles y la influencia caribe\u00f1a, Quintana Roo es un crisol de culturas que se entrelazan para crear una identidad \u00fanica. Es importante valorar y preservar esta rica herencia cultural para las generaciones futuras, ya que es una parte integral de la identidad de Quintana Roo y de M\u00e9xico en su conjunto.<\/p>\n<p>Afortunadamente las autoridades culturales han obtenido un incremento sustancial en su presupuesto del orden del 91.45%\u00a0 en relaci\u00f3n con el presupuesto 2023; de igual manera, el sector educativo tendr\u00e1 un incremento global del 11.2 % lo que permitir\u00e1 un mayor impulso a los creadores, a la infraestructura educativa y cultural y la posibilidad de volver a tener expresiones culturales de inter\u00e9s general como los Festivales Internacionales del Caribe, el Festival de Jazz, Festivales de Cine y el apoyo a las casas de la Cultura en todos los municipios del Estado, as\u00ed como a los creadores y artistas quintanarroenses que siguen siendo un gran reservorio y multiplicador de nuestras manifestaciones culturales.<\/p>\n","protected":false},"excerpt":{"rendered":"<p>&nbsp; Por: Diputada Ing. Candy Ayuso Achach Presidenta de la Comision de Cultura de la XVII&hellip;<\/p>\n","protected":false},"author":100,"featured_media":53314,"comment_status":"closed","ping_status":"closed","sticky":false,"template":"","format":"standard","meta":{"_acf_changed":false,"_lmt_disableupdate":"","_lmt_disable":"","_mbp_gutenberg_autopost":false,"footnotes":""},"categories":[44],"tags":[],"class_list":["post-67162","post","type-post","status-publish","format-standard","has-post-thumbnail","hentry","category-cuarto-de-huespedes"],"acf":[],"yoast_head":"<!-- This site is optimized with the Yoast SEO plugin v27.3 - https:\/\/yoast.com\/product\/yoast-seo-wordpress\/ -->\n<title>La cultura en Quintana Roo | Revista Latitud 21<\/title>\n<meta name=\"description\" content=\"L21, Emprendedores y Negocios en el Caribe Mexicano, es la revista l\u00edder entre el Sector Empresarial y Tur\u00edstico del Caribe Mexicano.\" \/>\n<meta name=\"robots\" content=\"index, follow, max-snippet:-1, max-image-preview:large, max-video-preview:-1\" \/>\n<link rel=\"canonical\" href=\"https:\/\/l21.mx\/?p=67162\" \/>\n<meta name=\"twitter:card\" content=\"summary_large_image\" \/>\n<meta name=\"twitter:title\" content=\"La cultura en Quintana Roo | Revista Latitud 21\" \/>\n<meta name=\"twitter:description\" content=\"L21, Emprendedores y Negocios en el Caribe Mexicano, es la revista l\u00edder entre el Sector Empresarial y Tur\u00edstico del Caribe Mexicano.\" \/>\n<meta name=\"twitter:image\" content=\"https:\/\/l21.mx\/wp-content\/uploads\/2023\/02\/Candy-Ayuso.jpg\" \/>\n<meta name=\"twitter:creator\" content=\"@Latitud21mx\" \/>\n<meta name=\"twitter:site\" content=\"@Latitud21mx\" \/>\n<meta name=\"twitter:label1\" content=\"Escrito por\" \/>\n\t<meta name=\"twitter:data1\" content=\"NellyG\" \/>\n\t<meta name=\"twitter:label2\" content=\"Tiempo de lectura\" \/>\n\t<meta name=\"twitter:data2\" content=\"3 minutos\" \/>\n<script type=\"application\/ld+json\" class=\"yoast-schema-graph\">{\"@context\":\"https:\\\/\\\/schema.org\",\"@graph\":[{\"@type\":\"Article\",\"@id\":\"https:\\\/\\\/l21.mx\\\/?p=67162#article\",\"isPartOf\":{\"@id\":\"https:\\\/\\\/l21.mx\\\/?p=67162\"},\"author\":{\"name\":\"NellyG\",\"@id\":\"https:\\\/\\\/l21.mx\\\/#\\\/schema\\\/person\\\/cca68595b80b2f6c4c55a8b254bfbb2a\"},\"headline\":\"La cultura en Quintana Roo\",\"datePublished\":\"2023-12-31T16:43:36+00:00\",\"dateModified\":\"2024-01-03T19:00:59+00:00\",\"mainEntityOfPage\":{\"@id\":\"https:\\\/\\\/l21.mx\\\/?p=67162\"},\"wordCount\":495,\"publisher\":{\"@id\":\"https:\\\/\\\/l21.mx\\\/#organization\"},\"image\":{\"@id\":\"https:\\\/\\\/l21.mx\\\/?p=67162#primaryimage\"},\"thumbnailUrl\":\"https:\\\/\\\/l21.mx\\\/wp-content\\\/uploads\\\/2023\\\/02\\\/Candy-Ayuso.jpg\",\"articleSection\":[\"Cuarto de Hu\u00e9spedes\"],\"inLanguage\":\"es\"},{\"@type\":\"WebPage\",\"@id\":\"https:\\\/\\\/l21.mx\\\/?p=67162\",\"url\":\"https:\\\/\\\/l21.mx\\\/?p=67162\",\"name\":\"La cultura en Quintana Roo | Revista Latitud 21\",\"isPartOf\":{\"@id\":\"https:\\\/\\\/l21.mx\\\/#website\"},\"primaryImageOfPage\":{\"@id\":\"https:\\\/\\\/l21.mx\\\/?p=67162#primaryimage\"},\"image\":{\"@id\":\"https:\\\/\\\/l21.mx\\\/?p=67162#primaryimage\"},\"thumbnailUrl\":\"https:\\\/\\\/l21.mx\\\/wp-content\\\/uploads\\\/2023\\\/02\\\/Candy-Ayuso.jpg\",\"datePublished\":\"2023-12-31T16:43:36+00:00\",\"dateModified\":\"2024-01-03T19:00:59+00:00\",\"description\":\"L21, Emprendedores y Negocios en el Caribe Mexicano, es la revista l\u00edder entre el Sector Empresarial y Tur\u00edstico del Caribe Mexicano.\",\"breadcrumb\":{\"@id\":\"https:\\\/\\\/l21.mx\\\/?p=67162#breadcrumb\"},\"inLanguage\":\"es\",\"potentialAction\":[{\"@type\":\"ReadAction\",\"target\":[\"https:\\\/\\\/l21.mx\\\/?p=67162\"]}]},{\"@type\":\"ImageObject\",\"inLanguage\":\"es\",\"@id\":\"https:\\\/\\\/l21.mx\\\/?p=67162#primaryimage\",\"url\":\"https:\\\/\\\/l21.mx\\\/wp-content\\\/uploads\\\/2023\\\/02\\\/Candy-Ayuso.jpg\",\"contentUrl\":\"https:\\\/\\\/l21.mx\\\/wp-content\\\/uploads\\\/2023\\\/02\\\/Candy-Ayuso.jpg\",\"width\":1500,\"height\":1809},{\"@type\":\"BreadcrumbList\",\"@id\":\"https:\\\/\\\/l21.mx\\\/?p=67162#breadcrumb\",\"itemListElement\":[{\"@type\":\"ListItem\",\"position\":1,\"name\":\"Portada\",\"item\":\"https:\\\/\\\/l21.mx\\\/\"},{\"@type\":\"ListItem\",\"position\":2,\"name\":\"La cultura en Quintana Roo\"}]},{\"@type\":\"WebSite\",\"@id\":\"https:\\\/\\\/l21.mx\\\/#website\",\"url\":\"https:\\\/\\\/l21.mx\\\/\",\"name\":\"Revista Latitud 21\",\"description\":\"Emprendedores  y negocios en el Caribe Mexicano\",\"publisher\":{\"@id\":\"https:\\\/\\\/l21.mx\\\/#organization\"},\"potentialAction\":[{\"@type\":\"SearchAction\",\"target\":{\"@type\":\"EntryPoint\",\"urlTemplate\":\"https:\\\/\\\/l21.mx\\\/?s={search_term_string}\"},\"query-input\":{\"@type\":\"PropertyValueSpecification\",\"valueRequired\":true,\"valueName\":\"search_term_string\"}}],\"inLanguage\":\"es\"},{\"@type\":\"Organization\",\"@id\":\"https:\\\/\\\/l21.mx\\\/#organization\",\"name\":\"Grupo Editorial Latitud 21 SA de CV\",\"url\":\"https:\\\/\\\/l21.mx\\\/\",\"logo\":{\"@type\":\"ImageObject\",\"inLanguage\":\"es\",\"@id\":\"https:\\\/\\\/l21.mx\\\/#\\\/schema\\\/logo\\\/image\\\/\",\"url\":\"https:\\\/\\\/l21.mx\\\/wp-content\\\/uploads\\\/2020\\\/10\\\/logo-l21-baja.jpg\",\"contentUrl\":\"https:\\\/\\\/l21.mx\\\/wp-content\\\/uploads\\\/2020\\\/10\\\/logo-l21-baja.jpg\",\"width\":250,\"height\":250,\"caption\":\"Grupo Editorial Latitud 21 SA de CV\"},\"image\":{\"@id\":\"https:\\\/\\\/l21.mx\\\/#\\\/schema\\\/logo\\\/image\\\/\"},\"sameAs\":[\"https:\\\/\\\/www.facebook.com\\\/RevistaLatitud21\\\/\",\"https:\\\/\\\/x.com\\\/Latitud21mx\"]},{\"@type\":\"Person\",\"@id\":\"https:\\\/\\\/l21.mx\\\/#\\\/schema\\\/person\\\/cca68595b80b2f6c4c55a8b254bfbb2a\",\"name\":\"NellyG\",\"url\":\"https:\\\/\\\/l21.mx\\\/?author=100\"}]}<\/script>\n<!-- \/ Yoast SEO plugin. -->","yoast_head_json":{"title":"La cultura en Quintana Roo | Revista Latitud 21","description":"L21, Emprendedores y Negocios en el Caribe Mexicano, es la revista l\u00edder entre el Sector Empresarial y Tur\u00edstico del Caribe Mexicano.","robots":{"index":"index","follow":"follow","max-snippet":"max-snippet:-1","max-image-preview":"max-image-preview:large","max-video-preview":"max-video-preview:-1"},"canonical":"https:\/\/l21.mx\/?p=67162","twitter_card":"summary_large_image","twitter_title":"La cultura en Quintana Roo | Revista Latitud 21","twitter_description":"L21, Emprendedores y Negocios en el Caribe Mexicano, es la revista l\u00edder entre el Sector Empresarial y Tur\u00edstico del Caribe Mexicano.","twitter_image":"https:\/\/l21.mx\/wp-content\/uploads\/2023\/02\/Candy-Ayuso.jpg","twitter_creator":"@Latitud21mx","twitter_site":"@Latitud21mx","twitter_misc":{"Escrito por":"NellyG","Tiempo de lectura":"3 minutos"},"schema":{"@context":"https:\/\/schema.org","@graph":[{"@type":"Article","@id":"https:\/\/l21.mx\/?p=67162#article","isPartOf":{"@id":"https:\/\/l21.mx\/?p=67162"},"author":{"name":"NellyG","@id":"https:\/\/l21.mx\/#\/schema\/person\/cca68595b80b2f6c4c55a8b254bfbb2a"},"headline":"La cultura en Quintana Roo","datePublished":"2023-12-31T16:43:36+00:00","dateModified":"2024-01-03T19:00:59+00:00","mainEntityOfPage":{"@id":"https:\/\/l21.mx\/?p=67162"},"wordCount":495,"publisher":{"@id":"https:\/\/l21.mx\/#organization"},"image":{"@id":"https:\/\/l21.mx\/?p=67162#primaryimage"},"thumbnailUrl":"https:\/\/l21.mx\/wp-content\/uploads\/2023\/02\/Candy-Ayuso.jpg","articleSection":["Cuarto de Hu\u00e9spedes"],"inLanguage":"es"},{"@type":"WebPage","@id":"https:\/\/l21.mx\/?p=67162","url":"https:\/\/l21.mx\/?p=67162","name":"La cultura en Quintana Roo | Revista Latitud 21","isPartOf":{"@id":"https:\/\/l21.mx\/#website"},"primaryImageOfPage":{"@id":"https:\/\/l21.mx\/?p=67162#primaryimage"},"image":{"@id":"https:\/\/l21.mx\/?p=67162#primaryimage"},"thumbnailUrl":"https:\/\/l21.mx\/wp-content\/uploads\/2023\/02\/Candy-Ayuso.jpg","datePublished":"2023-12-31T16:43:36+00:00","dateModified":"2024-01-03T19:00:59+00:00","description":"L21, Emprendedores y Negocios en el Caribe Mexicano, es la revista l\u00edder entre el Sector Empresarial y Tur\u00edstico del Caribe Mexicano.","breadcrumb":{"@id":"https:\/\/l21.mx\/?p=67162#breadcrumb"},"inLanguage":"es","potentialAction":[{"@type":"ReadAction","target":["https:\/\/l21.mx\/?p=67162"]}]},{"@type":"ImageObject","inLanguage":"es","@id":"https:\/\/l21.mx\/?p=67162#primaryimage","url":"https:\/\/l21.mx\/wp-content\/uploads\/2023\/02\/Candy-Ayuso.jpg","contentUrl":"https:\/\/l21.mx\/wp-content\/uploads\/2023\/02\/Candy-Ayuso.jpg","width":1500,"height":1809},{"@type":"BreadcrumbList","@id":"https:\/\/l21.mx\/?p=67162#breadcrumb","itemListElement":[{"@type":"ListItem","position":1,"name":"Portada","item":"https:\/\/l21.mx\/"},{"@type":"ListItem","position":2,"name":"La cultura en Quintana Roo"}]},{"@type":"WebSite","@id":"https:\/\/l21.mx\/#website","url":"https:\/\/l21.mx\/","name":"Revista Latitud 21","description":"Emprendedores  y negocios en el Caribe Mexicano","publisher":{"@id":"https:\/\/l21.mx\/#organization"},"potentialAction":[{"@type":"SearchAction","target":{"@type":"EntryPoint","urlTemplate":"https:\/\/l21.mx\/?s={search_term_string}"},"query-input":{"@type":"PropertyValueSpecification","valueRequired":true,"valueName":"search_term_string"}}],"inLanguage":"es"},{"@type":"Organization","@id":"https:\/\/l21.mx\/#organization","name":"Grupo Editorial Latitud 21 SA de CV","url":"https:\/\/l21.mx\/","logo":{"@type":"ImageObject","inLanguage":"es","@id":"https:\/\/l21.mx\/#\/schema\/logo\/image\/","url":"https:\/\/l21.mx\/wp-content\/uploads\/2020\/10\/logo-l21-baja.jpg","contentUrl":"https:\/\/l21.mx\/wp-content\/uploads\/2020\/10\/logo-l21-baja.jpg","width":250,"height":250,"caption":"Grupo Editorial Latitud 21 SA de CV"},"image":{"@id":"https:\/\/l21.mx\/#\/schema\/logo\/image\/"},"sameAs":["https:\/\/www.facebook.com\/RevistaLatitud21\/","https:\/\/x.com\/Latitud21mx"]},{"@type":"Person","@id":"https:\/\/l21.mx\/#\/schema\/person\/cca68595b80b2f6c4c55a8b254bfbb2a","name":"NellyG","url":"https:\/\/l21.mx\/?author=100"}]}},"amp_enabled":true,"_links":{"self":[{"href":"https:\/\/l21.mx\/index.php?rest_route=\/wp\/v2\/posts\/67162","targetHints":{"allow":["GET"]}}],"collection":[{"href":"https:\/\/l21.mx\/index.php?rest_route=\/wp\/v2\/posts"}],"about":[{"href":"https:\/\/l21.mx\/index.php?rest_route=\/wp\/v2\/types\/post"}],"author":[{"embeddable":true,"href":"https:\/\/l21.mx\/index.php?rest_route=\/wp\/v2\/users\/100"}],"replies":[{"embeddable":true,"href":"https:\/\/l21.mx\/index.php?rest_route=%2Fwp%2Fv2%2Fcomments&post=67162"}],"version-history":[{"count":1,"href":"https:\/\/l21.mx\/index.php?rest_route=\/wp\/v2\/posts\/67162\/revisions"}],"predecessor-version":[{"id":67163,"href":"https:\/\/l21.mx\/index.php?rest_route=\/wp\/v2\/posts\/67162\/revisions\/67163"}],"wp:featuredmedia":[{"embeddable":true,"href":"https:\/\/l21.mx\/index.php?rest_route=\/wp\/v2\/media\/53314"}],"wp:attachment":[{"href":"https:\/\/l21.mx\/index.php?rest_route=%2Fwp%2Fv2%2Fmedia&parent=67162"}],"wp:term":[{"taxonomy":"category","embeddable":true,"href":"https:\/\/l21.mx\/index.php?rest_route=%2Fwp%2Fv2%2Fcategories&post=67162"},{"taxonomy":"post_tag","embeddable":true,"href":"https:\/\/l21.mx\/index.php?rest_route=%2Fwp%2Fv2%2Ftags&post=67162"}],"curies":[{"name":"wp","href":"https:\/\/api.w.org\/{rel}","templated":true}]}}