{"id":67169,"date":"2023-12-31T11:47:29","date_gmt":"2023-12-31T16:47:29","guid":{"rendered":"https:\/\/l21.mx\/?p=67169"},"modified":"2023-12-30T11:48:25","modified_gmt":"2023-12-30T16:48:25","slug":"liderazgo-empresarial-3","status":"publish","type":"post","link":"https:\/\/l21.mx\/?p=67169","title":{"rendered":"Liderazgo empresarial"},"content":{"rendered":"<p>&nbsp;<\/p>\n<p>&nbsp;<\/p>\n<p>La Confederaci\u00f3n Patronal de la Rep\u00fablica Mexicana (Coparmex) Riviera Maya realiz\u00f3 la Asamblea anual de su Centro Empresarial, un ejercicio de transparencia y democracia en el que elegieron a su consejo directivo, domisarios, comit\u00e9 de Honor y Justicia y el presidente del gremio para este a\u00f1o, nuevamente Marc Pujol.<\/p>\n<p><a href=\"https:\/\/l21.mx\/wp-content\/uploads\/2023\/12\/Liderazgo-empresarial-2.jpg\" data-rel=\"penci-gallery-image-content\" ><img fetchpriority=\"high\" decoding=\"async\" class=\"alignnone size-medium wp-image-67127\" src=\"https:\/\/l21.mx\/wp-content\/uploads\/2023\/12\/Liderazgo-empresarial-2-300x169.jpg\" alt=\"\" width=\"300\" height=\"169\" srcset=\"https:\/\/l21.mx\/wp-content\/uploads\/2023\/12\/Liderazgo-empresarial-2-300x169.jpg 300w, https:\/\/l21.mx\/wp-content\/uploads\/2023\/12\/Liderazgo-empresarial-2-1024x576.jpg 1024w, https:\/\/l21.mx\/wp-content\/uploads\/2023\/12\/Liderazgo-empresarial-2-768x432.jpg 768w, https:\/\/l21.mx\/wp-content\/uploads\/2023\/12\/Liderazgo-empresarial-2-1200x675.jpg 1200w, https:\/\/l21.mx\/wp-content\/uploads\/2023\/12\/Liderazgo-empresarial-2-1170x663.jpg 1170w, https:\/\/l21.mx\/wp-content\/uploads\/2023\/12\/Liderazgo-empresarial-2-585x329.jpg 585w, https:\/\/l21.mx\/wp-content\/uploads\/2023\/12\/Liderazgo-empresarial-2.jpg 1500w\" sizes=\"(max-width: 300px) 100vw, 300px\" \/><\/a><\/p>\n<p>El compromiso del dirigente, as\u00ed como de todos los afiliados es trabajar m\u00e1s unidos para tener empresas con m\u00e1s acciones y estrategias de innovaci\u00f3n, sostenibilidad, n\u00f3madas digitales, red nacional de turismo y turismo m\u00e9dico.<\/p>\n<p>Como retos para este nuevo a\u00f1o, destaca la importancia de la colaboraci\u00f3n entre gobierno e iniciativa privada, as\u00ed como de la posici\u00f3n que Quintana Roo ocupa como primer receptor de turismo internacional en el pa\u00eds.<\/p>\n<p>Tambi\u00e9n se va a impulsar al estado y el pa\u00eds como destino para el turismo m\u00e9dico, aprovechando los servicios tur\u00edsticos y hoteleros, as\u00ed como los socios de Coparmex que ya est\u00e1n enfocados en este rubro.<\/p>\n<p>&nbsp;<\/p>\n<p>&nbsp;<\/p>\n<p><em>\u00a0<\/em><\/p>\n","protected":false},"excerpt":{"rendered":"<p>&nbsp; &nbsp; La Confederaci\u00f3n Patronal de la Rep\u00fablica Mexicana (Coparmex) Riviera Maya realiz\u00f3 la Asamblea anual&hellip;<\/p>\n","protected":false},"author":100,"featured_media":67128,"comment_status":"closed","ping_status":"closed","sticky":false,"template":"","format":"standard","meta":{"_acf_changed":false,"_lmt_disableupdate":"","_lmt_disable":"","_mbp_gutenberg_autopost":false,"footnotes":""},"categories":[38],"tags":[],"class_list":["post-67169","post","type-post","status-publish","format-standard","has-post-thumbnail","hentry","category-en-la-21-y-otras-latitudes"],"acf":[],"_links":{"self":[{"href":"https:\/\/l21.mx\/index.php?rest_route=\/wp\/v2\/posts\/67169","targetHints":{"allow":["GET"]}}],"collection":[{"href":"https:\/\/l21.mx\/index.php?rest_route=\/wp\/v2\/posts"}],"about":[{"href":"https:\/\/l21.mx\/index.php?rest_route=\/wp\/v2\/types\/post"}],"author":[{"embeddable":true,"href":"https:\/\/l21.mx\/index.php?rest_route=\/wp\/v2\/users\/100"}],"replies":[{"embeddable":true,"href":"https:\/\/l21.mx\/index.php?rest_route=%2Fwp%2Fv2%2Fcomments&post=67169"}],"version-history":[{"count":0,"href":"https:\/\/l21.mx\/index.php?rest_route=\/wp\/v2\/posts\/67169\/revisions"}],"wp:featuredmedia":[{"embeddable":true,"href":"https:\/\/l21.mx\/index.php?rest_route=\/wp\/v2\/media\/67128"}],"wp:attachment":[{"href":"https:\/\/l21.mx\/index.php?rest_route=%2Fwp%2Fv2%2Fmedia&parent=67169"}],"wp:term":[{"taxonomy":"category","embeddable":true,"href":"https:\/\/l21.mx\/index.php?rest_route=%2Fwp%2Fv2%2Fcategories&post=67169"},{"taxonomy":"post_tag","embeddable":true,"href":"https:\/\/l21.mx\/index.php?rest_route=%2Fwp%2Fv2%2Ftags&post=67169"}],"curies":[{"name":"wp","href":"https:\/\/api.w.org\/{rel}","templated":true}]}}