{"id":67193,"date":"2023-12-30T18:38:08","date_gmt":"2023-12-30T23:38:08","guid":{"rendered":"https:\/\/l21.mx\/?p=67193"},"modified":"2023-12-30T18:38:08","modified_gmt":"2023-12-30T23:38:08","slug":"llega-mexicana-de-aviacion-a-chetumal-e-inicia-operaciones-martes-y-sabado","status":"publish","type":"post","link":"https:\/\/l21.mx\/?p=67193","title":{"rendered":"Llega Mexicana de Aviaci\u00f3n a Chetumal e inicia operaciones martes y s\u00e1bado"},"content":{"rendered":"<p>&nbsp;<\/p>\n<p>-La capital de Quintana Roo estar\u00e1 comunicada los s\u00e1bados y martes con la Ciudad de M\u00e9xico, trayendo m\u00e1s visitantes, nuevas inversiones y generando prosperidad compartida para el sur<\/p>\n<p><a href=\"https:\/\/l21.mx\/wp-content\/uploads\/2023\/12\/WhatsApp-Image-2023-12-30-at-4.51.09-PM-1.jpeg\" data-rel=\"penci-gallery-image-content\" ><img fetchpriority=\"high\" decoding=\"async\" class=\"alignnone size-medium wp-image-67195\" src=\"https:\/\/l21.mx\/wp-content\/uploads\/2023\/12\/WhatsApp-Image-2023-12-30-at-4.51.09-PM-1-300x169.jpeg\" alt=\"\" width=\"300\" height=\"169\" srcset=\"https:\/\/l21.mx\/wp-content\/uploads\/2023\/12\/WhatsApp-Image-2023-12-30-at-4.51.09-PM-1-300x169.jpeg 300w, https:\/\/l21.mx\/wp-content\/uploads\/2023\/12\/WhatsApp-Image-2023-12-30-at-4.51.09-PM-1-1024x576.jpeg 1024w, https:\/\/l21.mx\/wp-content\/uploads\/2023\/12\/WhatsApp-Image-2023-12-30-at-4.51.09-PM-1-768x432.jpeg 768w, https:\/\/l21.mx\/wp-content\/uploads\/2023\/12\/WhatsApp-Image-2023-12-30-at-4.51.09-PM-1-1200x675.jpeg 1200w, https:\/\/l21.mx\/wp-content\/uploads\/2023\/12\/WhatsApp-Image-2023-12-30-at-4.51.09-PM-1-1170x663.jpeg 1170w, https:\/\/l21.mx\/wp-content\/uploads\/2023\/12\/WhatsApp-Image-2023-12-30-at-4.51.09-PM-1-585x329.jpeg 585w, https:\/\/l21.mx\/wp-content\/uploads\/2023\/12\/WhatsApp-Image-2023-12-30-at-4.51.09-PM-1.jpeg 1280w\" sizes=\"(max-width: 300px) 100vw, 300px\" \/><\/a><\/p>\n<p>Chetumal.- La gobernadora Mara Lezama Espinosa anunci\u00f3 que este s\u00e1bado inici\u00f3 operaciones la aerol\u00ednea Mexicana de Aviaci\u00f3n en el aeropuerto internacional de Chetumal, la capital del estado, los d\u00edas martes y s\u00e1bado, desde este 30 hasta el 31 de enero de 2024.<\/p>\n<p>Este s\u00e1bado el vuelo sali\u00f3 del Aeropuerto Internacional Felipe \u00c1ngeles (AIFA), arribando a Chetumal con 120 pasajeros. Los horarios y precios est\u00e1n disponibles en las plataformas digitales de Mexicana.<\/p>\n<p>Mara Lezama destac\u00f3 que la alianza gubernamental est\u00e1 firmemente comprometida en impulsar la conectividad a\u00e9rea como piedra angular para el desarrollo tur\u00edstico de Quintana Roo, que genere prosperidad compartida reflejada en nuevos y m\u00e1s empleos formales, as\u00ed como en mejora econ\u00f3mica para las mujeres y hombres quintanarroenses.<\/p>\n<p>Asimismo, con base en el Nuevo Acuerdo por el Bienestar y Desarrollo de Quintana Roo, fortalece la implementaci\u00f3n de estrategias para fomentar nuevas rutas y vuelos, facilitando el acceso a\u00e9reo a destinos clave como Costa Maya, Bacalar y Chetumal, que recupera su brillo y esplendor como capital del estado.<\/p>\n<p><a href=\"https:\/\/l21.mx\/wp-content\/uploads\/2023\/12\/WhatsApp-Image-2023-12-30-at-4.51.09-PM.jpeg\" data-rel=\"penci-gallery-image-content\" ><img decoding=\"async\" class=\"alignnone size-medium wp-image-67194\" src=\"https:\/\/l21.mx\/wp-content\/uploads\/2023\/12\/WhatsApp-Image-2023-12-30-at-4.51.09-PM-300x169.jpeg\" alt=\"\" width=\"300\" height=\"169\" srcset=\"https:\/\/l21.mx\/wp-content\/uploads\/2023\/12\/WhatsApp-Image-2023-12-30-at-4.51.09-PM-300x169.jpeg 300w, https:\/\/l21.mx\/wp-content\/uploads\/2023\/12\/WhatsApp-Image-2023-12-30-at-4.51.09-PM-1024x576.jpeg 1024w, https:\/\/l21.mx\/wp-content\/uploads\/2023\/12\/WhatsApp-Image-2023-12-30-at-4.51.09-PM-768x432.jpeg 768w, https:\/\/l21.mx\/wp-content\/uploads\/2023\/12\/WhatsApp-Image-2023-12-30-at-4.51.09-PM-1200x675.jpeg 1200w, https:\/\/l21.mx\/wp-content\/uploads\/2023\/12\/WhatsApp-Image-2023-12-30-at-4.51.09-PM-1170x663.jpeg 1170w, https:\/\/l21.mx\/wp-content\/uploads\/2023\/12\/WhatsApp-Image-2023-12-30-at-4.51.09-PM-585x329.jpeg 585w, https:\/\/l21.mx\/wp-content\/uploads\/2023\/12\/WhatsApp-Image-2023-12-30-at-4.51.09-PM.jpeg 1280w\" sizes=\"(max-width: 300px) 100vw, 300px\" \/><\/a><\/p>\n<p>Al comentar que este nuevo vuelo de Mexicana de Aviaci\u00f3n hacia Chetumal utiliza un avi\u00f3n Boeing 737 con capacidad para 174 pasajeros, la primera mujer gobernadora de Quintana Roo destac\u00f3 que la disponibilidad de m\u00e1s vuelos hacia la capital no solo atraer\u00e1 a m\u00e1s visitantes, sino que tambi\u00e9n diversificar\u00e1 la procedencia de los turistas, fortaleciendo la econom\u00eda local y contribuyendo a la creaci\u00f3n de empleos en la regi\u00f3n.<\/p>\n<p>Mara Lezama a\u00f1adi\u00f3 que la mayor conectividad permite, tambi\u00e9n, abrir nuevas puertas para la inversi\u00f3n y el desarrollo local, dado que propicia oportunidades para proyectos tur\u00edsticos, infraestructuras y servicios; facilita la exploraci\u00f3n de destinos menos conocidos promoviendo la diversificaci\u00f3n de experiencias para los visitantes, en beneficio de la econom\u00eda local.<\/p>\n<p>La Gobernadora puntualiz\u00f3 que la conectividad a\u00e9rea bien gestionada es un componente clave para el desarrollo sostenible y cultural, al facilitar el acceso a comunidades rurales, sitios arqueol\u00f3gicos y \u00e1reas naturales, de modo que el \u00e9xito tur\u00edstico tambi\u00e9n beneficie a las familias del sur de Quintana Roo, objetivo del gobierno humanista y progresista, de la transformaci\u00f3n profunda.<\/p>\n","protected":false},"excerpt":{"rendered":"<p>&nbsp; -La capital de Quintana Roo estar\u00e1 comunicada los s\u00e1bados y martes con la Ciudad de&hellip;<\/p>\n","protected":false},"author":100,"featured_media":67196,"comment_status":"closed","ping_status":"closed","sticky":false,"template":"","format":"standard","meta":{"_acf_changed":false,"_lmt_disableupdate":"","_lmt_disable":"","_mbp_gutenberg_autopost":false,"footnotes":""},"categories":[23,1656],"tags":[],"class_list":["post-67193","post","type-post","status-publish","format-standard","has-post-thumbnail","hentry","category-noticias","category-quintana-roo"],"acf":[],"yoast_head":"<!-- This site is optimized with the Yoast SEO plugin v27.5 - https:\/\/yoast.com\/product\/yoast-seo-wordpress\/ -->\n<title>Llega Mexicana de Aviaci\u00f3n a Chetumal e inicia operaciones martes y s\u00e1bado | Revista Latitud 21<\/title>\n<meta name=\"description\" content=\"L21, Emprendedores y Negocios en el Caribe Mexicano, es la revista l\u00edder entre el Sector Empresarial y Tur\u00edstico del Caribe Mexicano.\" \/>\n<meta name=\"robots\" content=\"index, follow, max-snippet:-1, max-image-preview:large, max-video-preview:-1\" \/>\n<link rel=\"canonical\" href=\"https:\/\/l21.mx\/?p=67193\" \/>\n<meta name=\"twitter:card\" content=\"summary_large_image\" \/>\n<meta name=\"twitter:title\" content=\"Llega Mexicana de Aviaci\u00f3n a Chetumal e inicia operaciones martes y s\u00e1bado | Revista Latitud 21\" \/>\n<meta name=\"twitter:description\" content=\"L21, Emprendedores y Negocios en el Caribe Mexicano, es la revista l\u00edder entre el Sector Empresarial y Tur\u00edstico del Caribe Mexicano.\" \/>\n<meta name=\"twitter:image\" content=\"https:\/\/l21.mx\/wp-content\/uploads\/2023\/12\/WhatsApp-Image-2023-12-30-at-4.51.10-PM.jpeg\" \/>\n<meta name=\"twitter:creator\" content=\"@Latitud21mx\" \/>\n<meta name=\"twitter:site\" content=\"@Latitud21mx\" \/>\n<meta name=\"twitter:label1\" content=\"Escrito por\" \/>\n\t<meta name=\"twitter:data1\" content=\"NellyG\" \/>\n\t<meta name=\"twitter:label2\" content=\"Tiempo de lectura\" \/>\n\t<meta name=\"twitter:data2\" content=\"3 minutos\" \/>\n<script type=\"application\/ld+json\" class=\"yoast-schema-graph\">{\"@context\":\"https:\\\/\\\/schema.org\",\"@graph\":[{\"@type\":\"Article\",\"@id\":\"https:\\\/\\\/l21.mx\\\/?p=67193#article\",\"isPartOf\":{\"@id\":\"https:\\\/\\\/l21.mx\\\/?p=67193\"},\"author\":{\"name\":\"NellyG\",\"@id\":\"https:\\\/\\\/l21.mx\\\/#\\\/schema\\\/person\\\/cca68595b80b2f6c4c55a8b254bfbb2a\"},\"headline\":\"Llega Mexicana de Aviaci\u00f3n a Chetumal e inicia operaciones martes y s\u00e1bado\",\"datePublished\":\"2023-12-30T23:38:08+00:00\",\"mainEntityOfPage\":{\"@id\":\"https:\\\/\\\/l21.mx\\\/?p=67193\"},\"wordCount\":416,\"publisher\":{\"@id\":\"https:\\\/\\\/l21.mx\\\/#organization\"},\"image\":{\"@id\":\"https:\\\/\\\/l21.mx\\\/?p=67193#primaryimage\"},\"thumbnailUrl\":\"https:\\\/\\\/l21.mx\\\/wp-content\\\/uploads\\\/2023\\\/12\\\/WhatsApp-Image-2023-12-30-at-4.51.10-PM.jpeg\",\"articleSection\":[\"Noticias\",\"Quintana Roo\"],\"inLanguage\":\"es\"},{\"@type\":\"WebPage\",\"@id\":\"https:\\\/\\\/l21.mx\\\/?p=67193\",\"url\":\"https:\\\/\\\/l21.mx\\\/?p=67193\",\"name\":\"Llega Mexicana de Aviaci\u00f3n a Chetumal e inicia operaciones martes y s\u00e1bado | Revista Latitud 21\",\"isPartOf\":{\"@id\":\"https:\\\/\\\/l21.mx\\\/#website\"},\"primaryImageOfPage\":{\"@id\":\"https:\\\/\\\/l21.mx\\\/?p=67193#primaryimage\"},\"image\":{\"@id\":\"https:\\\/\\\/l21.mx\\\/?p=67193#primaryimage\"},\"thumbnailUrl\":\"https:\\\/\\\/l21.mx\\\/wp-content\\\/uploads\\\/2023\\\/12\\\/WhatsApp-Image-2023-12-30-at-4.51.10-PM.jpeg\",\"datePublished\":\"2023-12-30T23:38:08+00:00\",\"description\":\"L21, Emprendedores y Negocios en el Caribe Mexicano, es la revista l\u00edder entre el Sector Empresarial y Tur\u00edstico del Caribe Mexicano.\",\"breadcrumb\":{\"@id\":\"https:\\\/\\\/l21.mx\\\/?p=67193#breadcrumb\"},\"inLanguage\":\"es\",\"potentialAction\":[{\"@type\":\"ReadAction\",\"target\":[\"https:\\\/\\\/l21.mx\\\/?p=67193\"]}]},{\"@type\":\"ImageObject\",\"inLanguage\":\"es\",\"@id\":\"https:\\\/\\\/l21.mx\\\/?p=67193#primaryimage\",\"url\":\"https:\\\/\\\/l21.mx\\\/wp-content\\\/uploads\\\/2023\\\/12\\\/WhatsApp-Image-2023-12-30-at-4.51.10-PM.jpeg\",\"contentUrl\":\"https:\\\/\\\/l21.mx\\\/wp-content\\\/uploads\\\/2023\\\/12\\\/WhatsApp-Image-2023-12-30-at-4.51.10-PM.jpeg\",\"width\":1280,\"height\":854},{\"@type\":\"BreadcrumbList\",\"@id\":\"https:\\\/\\\/l21.mx\\\/?p=67193#breadcrumb\",\"itemListElement\":[{\"@type\":\"ListItem\",\"position\":1,\"name\":\"Portada\",\"item\":\"https:\\\/\\\/l21.mx\\\/\"},{\"@type\":\"ListItem\",\"position\":2,\"name\":\"Llega Mexicana de Aviaci\u00f3n a Chetumal e inicia operaciones martes y s\u00e1bado\"}]},{\"@type\":\"WebSite\",\"@id\":\"https:\\\/\\\/l21.mx\\\/#website\",\"url\":\"https:\\\/\\\/l21.mx\\\/\",\"name\":\"Revista Latitud 21\",\"description\":\"Emprendedores  y negocios en el Caribe Mexicano\",\"publisher\":{\"@id\":\"https:\\\/\\\/l21.mx\\\/#organization\"},\"potentialAction\":[{\"@type\":\"SearchAction\",\"target\":{\"@type\":\"EntryPoint\",\"urlTemplate\":\"https:\\\/\\\/l21.mx\\\/?s={search_term_string}\"},\"query-input\":{\"@type\":\"PropertyValueSpecification\",\"valueRequired\":true,\"valueName\":\"search_term_string\"}}],\"inLanguage\":\"es\"},{\"@type\":\"Organization\",\"@id\":\"https:\\\/\\\/l21.mx\\\/#organization\",\"name\":\"Grupo Editorial Latitud 21 SA de CV\",\"url\":\"https:\\\/\\\/l21.mx\\\/\",\"logo\":{\"@type\":\"ImageObject\",\"inLanguage\":\"es\",\"@id\":\"https:\\\/\\\/l21.mx\\\/#\\\/schema\\\/logo\\\/image\\\/\",\"url\":\"https:\\\/\\\/l21.mx\\\/wp-content\\\/uploads\\\/2020\\\/10\\\/logo-l21-baja.jpg\",\"contentUrl\":\"https:\\\/\\\/l21.mx\\\/wp-content\\\/uploads\\\/2020\\\/10\\\/logo-l21-baja.jpg\",\"width\":250,\"height\":250,\"caption\":\"Grupo Editorial Latitud 21 SA de CV\"},\"image\":{\"@id\":\"https:\\\/\\\/l21.mx\\\/#\\\/schema\\\/logo\\\/image\\\/\"},\"sameAs\":[\"https:\\\/\\\/www.facebook.com\\\/RevistaLatitud21\\\/\",\"https:\\\/\\\/x.com\\\/Latitud21mx\"]},{\"@type\":\"Person\",\"@id\":\"https:\\\/\\\/l21.mx\\\/#\\\/schema\\\/person\\\/cca68595b80b2f6c4c55a8b254bfbb2a\",\"name\":\"NellyG\",\"url\":\"https:\\\/\\\/l21.mx\\\/?author=100\"}]}<\/script>\n<!-- \/ Yoast SEO plugin. -->","yoast_head_json":{"title":"Llega Mexicana de Aviaci\u00f3n a Chetumal e inicia operaciones martes y s\u00e1bado | Revista Latitud 21","description":"L21, Emprendedores y Negocios en el Caribe Mexicano, es la revista l\u00edder entre el Sector Empresarial y Tur\u00edstico del Caribe Mexicano.","robots":{"index":"index","follow":"follow","max-snippet":"max-snippet:-1","max-image-preview":"max-image-preview:large","max-video-preview":"max-video-preview:-1"},"canonical":"https:\/\/l21.mx\/?p=67193","twitter_card":"summary_large_image","twitter_title":"Llega Mexicana de Aviaci\u00f3n a Chetumal e inicia operaciones martes y s\u00e1bado | Revista Latitud 21","twitter_description":"L21, Emprendedores y Negocios en el Caribe Mexicano, es la revista l\u00edder entre el Sector Empresarial y Tur\u00edstico del Caribe Mexicano.","twitter_image":"https:\/\/l21.mx\/wp-content\/uploads\/2023\/12\/WhatsApp-Image-2023-12-30-at-4.51.10-PM.jpeg","twitter_creator":"@Latitud21mx","twitter_site":"@Latitud21mx","twitter_misc":{"Escrito por":"NellyG","Tiempo de lectura":"3 minutos"},"schema":{"@context":"https:\/\/schema.org","@graph":[{"@type":"Article","@id":"https:\/\/l21.mx\/?p=67193#article","isPartOf":{"@id":"https:\/\/l21.mx\/?p=67193"},"author":{"name":"NellyG","@id":"https:\/\/l21.mx\/#\/schema\/person\/cca68595b80b2f6c4c55a8b254bfbb2a"},"headline":"Llega Mexicana de Aviaci\u00f3n a Chetumal e inicia operaciones martes y s\u00e1bado","datePublished":"2023-12-30T23:38:08+00:00","mainEntityOfPage":{"@id":"https:\/\/l21.mx\/?p=67193"},"wordCount":416,"publisher":{"@id":"https:\/\/l21.mx\/#organization"},"image":{"@id":"https:\/\/l21.mx\/?p=67193#primaryimage"},"thumbnailUrl":"https:\/\/l21.mx\/wp-content\/uploads\/2023\/12\/WhatsApp-Image-2023-12-30-at-4.51.10-PM.jpeg","articleSection":["Noticias","Quintana Roo"],"inLanguage":"es"},{"@type":"WebPage","@id":"https:\/\/l21.mx\/?p=67193","url":"https:\/\/l21.mx\/?p=67193","name":"Llega Mexicana de Aviaci\u00f3n a Chetumal e inicia operaciones martes y s\u00e1bado | Revista Latitud 21","isPartOf":{"@id":"https:\/\/l21.mx\/#website"},"primaryImageOfPage":{"@id":"https:\/\/l21.mx\/?p=67193#primaryimage"},"image":{"@id":"https:\/\/l21.mx\/?p=67193#primaryimage"},"thumbnailUrl":"https:\/\/l21.mx\/wp-content\/uploads\/2023\/12\/WhatsApp-Image-2023-12-30-at-4.51.10-PM.jpeg","datePublished":"2023-12-30T23:38:08+00:00","description":"L21, Emprendedores y Negocios en el Caribe Mexicano, es la revista l\u00edder entre el Sector Empresarial y Tur\u00edstico del Caribe Mexicano.","breadcrumb":{"@id":"https:\/\/l21.mx\/?p=67193#breadcrumb"},"inLanguage":"es","potentialAction":[{"@type":"ReadAction","target":["https:\/\/l21.mx\/?p=67193"]}]},{"@type":"ImageObject","inLanguage":"es","@id":"https:\/\/l21.mx\/?p=67193#primaryimage","url":"https:\/\/l21.mx\/wp-content\/uploads\/2023\/12\/WhatsApp-Image-2023-12-30-at-4.51.10-PM.jpeg","contentUrl":"https:\/\/l21.mx\/wp-content\/uploads\/2023\/12\/WhatsApp-Image-2023-12-30-at-4.51.10-PM.jpeg","width":1280,"height":854},{"@type":"BreadcrumbList","@id":"https:\/\/l21.mx\/?p=67193#breadcrumb","itemListElement":[{"@type":"ListItem","position":1,"name":"Portada","item":"https:\/\/l21.mx\/"},{"@type":"ListItem","position":2,"name":"Llega Mexicana de Aviaci\u00f3n a Chetumal e inicia operaciones martes y s\u00e1bado"}]},{"@type":"WebSite","@id":"https:\/\/l21.mx\/#website","url":"https:\/\/l21.mx\/","name":"Revista Latitud 21","description":"Emprendedores  y negocios en el Caribe Mexicano","publisher":{"@id":"https:\/\/l21.mx\/#organization"},"potentialAction":[{"@type":"SearchAction","target":{"@type":"EntryPoint","urlTemplate":"https:\/\/l21.mx\/?s={search_term_string}"},"query-input":{"@type":"PropertyValueSpecification","valueRequired":true,"valueName":"search_term_string"}}],"inLanguage":"es"},{"@type":"Organization","@id":"https:\/\/l21.mx\/#organization","name":"Grupo Editorial Latitud 21 SA de CV","url":"https:\/\/l21.mx\/","logo":{"@type":"ImageObject","inLanguage":"es","@id":"https:\/\/l21.mx\/#\/schema\/logo\/image\/","url":"https:\/\/l21.mx\/wp-content\/uploads\/2020\/10\/logo-l21-baja.jpg","contentUrl":"https:\/\/l21.mx\/wp-content\/uploads\/2020\/10\/logo-l21-baja.jpg","width":250,"height":250,"caption":"Grupo Editorial Latitud 21 SA de CV"},"image":{"@id":"https:\/\/l21.mx\/#\/schema\/logo\/image\/"},"sameAs":["https:\/\/www.facebook.com\/RevistaLatitud21\/","https:\/\/x.com\/Latitud21mx"]},{"@type":"Person","@id":"https:\/\/l21.mx\/#\/schema\/person\/cca68595b80b2f6c4c55a8b254bfbb2a","name":"NellyG","url":"https:\/\/l21.mx\/?author=100"}]}},"amp_enabled":true,"_links":{"self":[{"href":"https:\/\/l21.mx\/index.php?rest_route=\/wp\/v2\/posts\/67193","targetHints":{"allow":["GET"]}}],"collection":[{"href":"https:\/\/l21.mx\/index.php?rest_route=\/wp\/v2\/posts"}],"about":[{"href":"https:\/\/l21.mx\/index.php?rest_route=\/wp\/v2\/types\/post"}],"author":[{"embeddable":true,"href":"https:\/\/l21.mx\/index.php?rest_route=\/wp\/v2\/users\/100"}],"replies":[{"embeddable":true,"href":"https:\/\/l21.mx\/index.php?rest_route=%2Fwp%2Fv2%2Fcomments&post=67193"}],"version-history":[{"count":1,"href":"https:\/\/l21.mx\/index.php?rest_route=\/wp\/v2\/posts\/67193\/revisions"}],"predecessor-version":[{"id":67197,"href":"https:\/\/l21.mx\/index.php?rest_route=\/wp\/v2\/posts\/67193\/revisions\/67197"}],"wp:featuredmedia":[{"embeddable":true,"href":"https:\/\/l21.mx\/index.php?rest_route=\/wp\/v2\/media\/67196"}],"wp:attachment":[{"href":"https:\/\/l21.mx\/index.php?rest_route=%2Fwp%2Fv2%2Fmedia&parent=67193"}],"wp:term":[{"taxonomy":"category","embeddable":true,"href":"https:\/\/l21.mx\/index.php?rest_route=%2Fwp%2Fv2%2Fcategories&post=67193"},{"taxonomy":"post_tag","embeddable":true,"href":"https:\/\/l21.mx\/index.php?rest_route=%2Fwp%2Fv2%2Ftags&post=67193"}],"curies":[{"name":"wp","href":"https:\/\/api.w.org\/{rel}","templated":true}]}}