{"id":6743,"date":"2014-04-02T16:36:32","date_gmt":"2014-04-02T22:36:32","guid":{"rendered":"http:\/\/innovatori.space\/lat21\/?p=6743"},"modified":"2014-04-02T16:36:32","modified_gmt":"2014-04-02T22:36:32","slug":"de-cancun-al-espacio","status":"publish","type":"post","link":"https:\/\/l21.mx\/?p=6743","title":{"rendered":"De Canc\u00fan al espacio"},"content":{"rendered":"<p>&nbsp;<\/p>\n<p><a href=\"http:\/\/l21.mx\/wp-content\/uploads\/2014\/04\/de-cancun-al-espacio.jpg\" data-rel=\"penci-gallery-image-content\" ><img fetchpriority=\"high\" decoding=\"async\" class=\"alignleft size-medium wp-image-6744\" title=\"de cancun al espacio\" src=\"http:\/\/l21.mx\/wp-content\/uploads\/2014\/04\/de-cancun-al-espacio-300x190.jpg\" alt=\"\" width=\"300\" height=\"190\" \/><\/a><\/p>\n<p>El director del proyecto SpaceCorp y presidente de la Space Tourism-Society-M\u00e9xico, Roberto G\u00f3mez Silva, dio a conocer que Canc\u00fan est\u00e1 en el camino para ingresar al segmento del turismo espacial, una vez que se concreten permisos pendientes entre M\u00e9xico y Estados Unidos.<\/p>\n<p>Apunt\u00f3 que se trabaja en el proyecto desde hace 20 a\u00f1os, y pr\u00e1cticamente est\u00e1 a ocho meses de que empresas como Virgin Galactic empiecen a ofrecer vuelos suborbitales (ascender a m\u00e1s de 100 kil\u00f3metros, que es la franja donde oficialmente empieza el espacio), \u201cuna aventura extraordinaria, que podr\u00e1n hacer desde Canc\u00fan, pues esto solo se ofrece en algunas ciudades de Estados Unidos, en Europa y Rusia\u201d.<\/p>\n<p>El precio de la experiencia ser\u00eda de alrededor de tres mil d\u00f3lares por pasajero. Se utilizar\u00edan dos aeronaves para brindar el servicio; cada avi\u00f3n despega con 30 pasajeros por vuelo, que tiene una duraci\u00f3n de dos horas, en el cual se hacen 12 par\u00e1bolas y asciende hasta pr\u00e1cticamente 30 mil pies.<\/p>\n<p>[editor]empresas-y-negocios[\/editor]<\/p>\n<div><\/div>\n","protected":false},"excerpt":{"rendered":"<p>&nbsp; El director del proyecto SpaceCorp y presidente de la Space Tourism-Society-M\u00e9xico, Roberto G\u00f3mez Silva, dio&hellip;<\/p>\n","protected":false},"author":2,"featured_media":6745,"comment_status":"open","ping_status":"open","sticky":false,"template":"","format":"standard","meta":{"_acf_changed":false,"_lmt_disableupdate":"","_lmt_disable":"","_mbp_gutenberg_autopost":false,"footnotes":""},"categories":[4],"tags":[],"class_list":["post-6743","post","type-post","status-publish","format-standard","has-post-thumbnail","hentry","category-empresas-y-negocios"],"acf":[],"_links":{"self":[{"href":"https:\/\/l21.mx\/index.php?rest_route=\/wp\/v2\/posts\/6743","targetHints":{"allow":["GET"]}}],"collection":[{"href":"https:\/\/l21.mx\/index.php?rest_route=\/wp\/v2\/posts"}],"about":[{"href":"https:\/\/l21.mx\/index.php?rest_route=\/wp\/v2\/types\/post"}],"author":[{"embeddable":true,"href":"https:\/\/l21.mx\/index.php?rest_route=\/wp\/v2\/users\/2"}],"replies":[{"embeddable":true,"href":"https:\/\/l21.mx\/index.php?rest_route=%2Fwp%2Fv2%2Fcomments&post=6743"}],"version-history":[{"count":0,"href":"https:\/\/l21.mx\/index.php?rest_route=\/wp\/v2\/posts\/6743\/revisions"}],"wp:featuredmedia":[{"embeddable":true,"href":"https:\/\/l21.mx\/index.php?rest_route=\/wp\/v2\/media\/6745"}],"wp:attachment":[{"href":"https:\/\/l21.mx\/index.php?rest_route=%2Fwp%2Fv2%2Fmedia&parent=6743"}],"wp:term":[{"taxonomy":"category","embeddable":true,"href":"https:\/\/l21.mx\/index.php?rest_route=%2Fwp%2Fv2%2Fcategories&post=6743"},{"taxonomy":"post_tag","embeddable":true,"href":"https:\/\/l21.mx\/index.php?rest_route=%2Fwp%2Fv2%2Ftags&post=6743"}],"curies":[{"name":"wp","href":"https:\/\/api.w.org\/{rel}","templated":true}]}}