{"id":67451,"date":"2024-01-02T17:53:00","date_gmt":"2024-01-02T22:53:00","guid":{"rendered":"https:\/\/l21.mx\/?p=67451"},"modified":"2024-01-02T17:53:00","modified_gmt":"2024-01-02T22:53:00","slug":"trabajo-legislativo-del-2024-sera-en-favor-de-cancunenses-y-quintanarroenses-marybel-villegas","status":"publish","type":"post","link":"https:\/\/l21.mx\/?p=67451","title":{"rendered":"Trabajo legislativo del 2024 ser\u00e1 en favor de cancunenses y quintanarroenses: Marybel Villegas"},"content":{"rendered":"<p>&nbsp;<\/p>\n<p>Canc\u00fan, Quintana Roo, 2 de enero de 2024.- La senadora de Morena por Quintana Roo, Marybel Villegas Canch\u00e9 expres\u00f3 sus buenos deseos para toda la poblaci\u00f3n en este nuevo a\u00f1o y asegur\u00f3 que el trabajo legislativo de 2024 ser\u00e1 a favor de los cancunenses y quintanarroenses.<\/p>\n<p>La legisladora morenista envi\u00f3 sus felicitaciones a los quintanarroenses y augur\u00f3 un 2024 de mucha prosperidad y bienestar para Quintana Roo, ya que hay muchos proyectos en puerta que beneficiar\u00e1n al estado.<\/p>\n<p><a href=\"https:\/\/l21.mx\/wp-content\/uploads\/2024\/01\/WhatsApp-Image-2024-01-02-at-5.13.20-PM-1.jpeg\" data-rel=\"penci-gallery-image-content\" ><img fetchpriority=\"high\" decoding=\"async\" class=\"alignnone size-medium wp-image-67454\" src=\"https:\/\/l21.mx\/wp-content\/uploads\/2024\/01\/WhatsApp-Image-2024-01-02-at-5.13.20-PM-1-300x200.jpeg\" alt=\"\" width=\"300\" height=\"200\" srcset=\"https:\/\/l21.mx\/wp-content\/uploads\/2024\/01\/WhatsApp-Image-2024-01-02-at-5.13.20-PM-1-300x200.jpeg 300w, https:\/\/l21.mx\/wp-content\/uploads\/2024\/01\/WhatsApp-Image-2024-01-02-at-5.13.20-PM-1-1024x684.jpeg 1024w, https:\/\/l21.mx\/wp-content\/uploads\/2024\/01\/WhatsApp-Image-2024-01-02-at-5.13.20-PM-1-768x513.jpeg 768w, https:\/\/l21.mx\/wp-content\/uploads\/2024\/01\/WhatsApp-Image-2024-01-02-at-5.13.20-PM-1-1200x802.jpeg 1200w, https:\/\/l21.mx\/wp-content\/uploads\/2024\/01\/WhatsApp-Image-2024-01-02-at-5.13.20-PM-1-1170x782.jpeg 1170w, https:\/\/l21.mx\/wp-content\/uploads\/2024\/01\/WhatsApp-Image-2024-01-02-at-5.13.20-PM-1-585x391.jpeg 585w, https:\/\/l21.mx\/wp-content\/uploads\/2024\/01\/WhatsApp-Image-2024-01-02-at-5.13.20-PM-1-263x175.jpeg 263w, https:\/\/l21.mx\/wp-content\/uploads\/2024\/01\/WhatsApp-Image-2024-01-02-at-5.13.20-PM-1.jpeg 1280w\" sizes=\"(max-width: 300px) 100vw, 300px\" \/><\/a><\/p>\n<p>\u201cTenemos muchas iniciativas programadas para este 2024,y quiero manifestar que mi trabajo legislativo de este nuevo a\u00f1o ser\u00e1, como siempre, en favor de los cancunenses y quintanarroenses, saben que en m\u00ed tienen una aliada en el Senado y siempre velar\u00e9 por los intereses de los quintanarroenses, sobre todo de mis vecinos cancunenses\u201d, asegur\u00f3 la senadora Villegas Canch\u00e9.<\/p>\n<p><a href=\"https:\/\/l21.mx\/wp-content\/uploads\/2024\/01\/WhatsApp-Image-2024-01-02-at-5.13.20-PM.jpeg\" data-rel=\"penci-gallery-image-content\" ><img decoding=\"async\" class=\"alignnone size-medium wp-image-67453\" src=\"https:\/\/l21.mx\/wp-content\/uploads\/2024\/01\/WhatsApp-Image-2024-01-02-at-5.13.20-PM-300x200.jpeg\" alt=\"\" width=\"300\" height=\"200\" srcset=\"https:\/\/l21.mx\/wp-content\/uploads\/2024\/01\/WhatsApp-Image-2024-01-02-at-5.13.20-PM-300x200.jpeg 300w, https:\/\/l21.mx\/wp-content\/uploads\/2024\/01\/WhatsApp-Image-2024-01-02-at-5.13.20-PM-1024x684.jpeg 1024w, https:\/\/l21.mx\/wp-content\/uploads\/2024\/01\/WhatsApp-Image-2024-01-02-at-5.13.20-PM-768x513.jpeg 768w, https:\/\/l21.mx\/wp-content\/uploads\/2024\/01\/WhatsApp-Image-2024-01-02-at-5.13.20-PM-1200x802.jpeg 1200w, https:\/\/l21.mx\/wp-content\/uploads\/2024\/01\/WhatsApp-Image-2024-01-02-at-5.13.20-PM-1170x782.jpeg 1170w, https:\/\/l21.mx\/wp-content\/uploads\/2024\/01\/WhatsApp-Image-2024-01-02-at-5.13.20-PM-585x391.jpeg 585w, https:\/\/l21.mx\/wp-content\/uploads\/2024\/01\/WhatsApp-Image-2024-01-02-at-5.13.20-PM-263x175.jpeg 263w, https:\/\/l21.mx\/wp-content\/uploads\/2024\/01\/WhatsApp-Image-2024-01-02-at-5.13.20-PM.jpeg 1280w\" sizes=\"(max-width: 300px) 100vw, 300px\" \/><\/a><\/p>\n<p>\u201cEst\u00e1 pendiente por ejemplo la discusi\u00f3n de la reforma laboral para reducir la jornada laboral de 48 a 40 horas diarias, que es una de las m\u00e1s importantes, y en la que, desde luego, nosotros estaremos a favor de los trabajadores, as\u00ed como lo estuvimos en la aprobaci\u00f3n de las vacaciones dignas, son deudas hist\u00f3ricas que el pa\u00eds tiene con ellos, y ha llegado la hora de saldarlas, porque de este modo se mejora su calidad de vida en todos los aspectos\u201d, agreg\u00f3 Marybel Villegas.<\/p>\n<p><a href=\"https:\/\/l21.mx\/wp-content\/uploads\/2024\/01\/WhatsApp-Image-2024-01-02-at-5.13.19-PM.jpeg\" data-rel=\"penci-gallery-image-content\" ><img decoding=\"async\" class=\"alignnone size-medium wp-image-67452\" src=\"https:\/\/l21.mx\/wp-content\/uploads\/2024\/01\/WhatsApp-Image-2024-01-02-at-5.13.19-PM-300x200.jpeg\" alt=\"\" width=\"300\" height=\"200\" srcset=\"https:\/\/l21.mx\/wp-content\/uploads\/2024\/01\/WhatsApp-Image-2024-01-02-at-5.13.19-PM-300x200.jpeg 300w, https:\/\/l21.mx\/wp-content\/uploads\/2024\/01\/WhatsApp-Image-2024-01-02-at-5.13.19-PM-1024x684.jpeg 1024w, https:\/\/l21.mx\/wp-content\/uploads\/2024\/01\/WhatsApp-Image-2024-01-02-at-5.13.19-PM-768x513.jpeg 768w, https:\/\/l21.mx\/wp-content\/uploads\/2024\/01\/WhatsApp-Image-2024-01-02-at-5.13.19-PM-1200x802.jpeg 1200w, https:\/\/l21.mx\/wp-content\/uploads\/2024\/01\/WhatsApp-Image-2024-01-02-at-5.13.19-PM-1170x782.jpeg 1170w, https:\/\/l21.mx\/wp-content\/uploads\/2024\/01\/WhatsApp-Image-2024-01-02-at-5.13.19-PM-585x391.jpeg 585w, https:\/\/l21.mx\/wp-content\/uploads\/2024\/01\/WhatsApp-Image-2024-01-02-at-5.13.19-PM-263x175.jpeg 263w, https:\/\/l21.mx\/wp-content\/uploads\/2024\/01\/WhatsApp-Image-2024-01-02-at-5.13.19-PM.jpeg 1280w\" sizes=\"(max-width: 300px) 100vw, 300px\" \/><\/a><\/p>\n<p>\u201cEn este rubro tambi\u00e9n tenemos pendientes las reformas de aumento al aguinaldo, que busca aumentar a 30 d\u00edas el pago de esta prestaci\u00f3n y pues estaremos analizando bien la propuesta, siempre que sea en beneficio de la poblaci\u00f3n\u201d, finaliz\u00f3 la senadora Villegas Canch\u00e9.<\/p>\n","protected":false},"excerpt":{"rendered":"<p>&nbsp; Canc\u00fan, Quintana Roo, 2 de enero de 2024.- La senadora de Morena por Quintana Roo,&hellip;<\/p>\n","protected":false},"author":100,"featured_media":67455,"comment_status":"closed","ping_status":"closed","sticky":false,"template":"","format":"standard","meta":{"_acf_changed":false,"_lmt_disableupdate":"","_lmt_disable":"","_mbp_gutenberg_autopost":false,"footnotes":""},"categories":[23,1656],"tags":[],"class_list":["post-67451","post","type-post","status-publish","format-standard","has-post-thumbnail","hentry","category-noticias","category-quintana-roo"],"acf":[],"_links":{"self":[{"href":"https:\/\/l21.mx\/index.php?rest_route=\/wp\/v2\/posts\/67451","targetHints":{"allow":["GET"]}}],"collection":[{"href":"https:\/\/l21.mx\/index.php?rest_route=\/wp\/v2\/posts"}],"about":[{"href":"https:\/\/l21.mx\/index.php?rest_route=\/wp\/v2\/types\/post"}],"author":[{"embeddable":true,"href":"https:\/\/l21.mx\/index.php?rest_route=\/wp\/v2\/users\/100"}],"replies":[{"embeddable":true,"href":"https:\/\/l21.mx\/index.php?rest_route=%2Fwp%2Fv2%2Fcomments&post=67451"}],"version-history":[{"count":0,"href":"https:\/\/l21.mx\/index.php?rest_route=\/wp\/v2\/posts\/67451\/revisions"}],"wp:featuredmedia":[{"embeddable":true,"href":"https:\/\/l21.mx\/index.php?rest_route=\/wp\/v2\/media\/67455"}],"wp:attachment":[{"href":"https:\/\/l21.mx\/index.php?rest_route=%2Fwp%2Fv2%2Fmedia&parent=67451"}],"wp:term":[{"taxonomy":"category","embeddable":true,"href":"https:\/\/l21.mx\/index.php?rest_route=%2Fwp%2Fv2%2Fcategories&post=67451"},{"taxonomy":"post_tag","embeddable":true,"href":"https:\/\/l21.mx\/index.php?rest_route=%2Fwp%2Fv2%2Ftags&post=67451"}],"curies":[{"name":"wp","href":"https:\/\/api.w.org\/{rel}","templated":true}]}}