{"id":67471,"date":"2024-01-03T11:01:43","date_gmt":"2024-01-03T16:01:43","guid":{"rendered":"https:\/\/l21.mx\/?p=67471"},"modified":"2024-01-03T11:01:43","modified_gmt":"2024-01-03T16:01:43","slug":"enero-24-al-28-fitur","status":"publish","type":"post","link":"https:\/\/l21.mx\/?p=67471","title":{"rendered":"Enero 24 al 28 \u2022 FITUR"},"content":{"rendered":"<p>&nbsp;<\/p>\n<p><b>La pr\u00f3xima edici\u00f3n de la Feria Internacional de Turismo (Fitur), que se celebrar\u00e1 en Madrid, organizada por Ifema Madrid, acoger\u00e1 la primera edici\u00f3n de Fitur 4all, con el objetivo de fomentar el turismo accesible e inclusivo. La secci\u00f3n se pone en marcha con la colaboraci\u00f3n de la confederaci\u00f3n Impulsa Igualdad, creadora de la marca de turismo TUR4all, a trav\u00e9s de la que desarrolla un servicio integral para profesionales, administraciones y destinos.<\/b><\/p>\n<p><b>FITUR, la Feria Internacional de Turismo de Madrid, es el primer punto de encuentro global del a\u00f1o para los profesionales del turismo.<\/b><\/p>\n","protected":false},"excerpt":{"rendered":"<p>&nbsp; La pr\u00f3xima edici\u00f3n de la Feria Internacional de Turismo (Fitur), que se celebrar\u00e1 en Madrid,&hellip;<\/p>\n","protected":false},"author":95,"featured_media":0,"comment_status":"closed","ping_status":"closed","sticky":false,"template":"","format":"standard","meta":{"_acf_changed":false,"_lmt_disableupdate":"","_lmt_disable":"","_mbp_gutenberg_autopost":false,"footnotes":""},"categories":[476],"tags":[],"class_list":["post-67471","post","type-post","status-publish","format-standard","hentry","category-agenda"],"acf":[],"_links":{"self":[{"href":"https:\/\/l21.mx\/index.php?rest_route=\/wp\/v2\/posts\/67471","targetHints":{"allow":["GET"]}}],"collection":[{"href":"https:\/\/l21.mx\/index.php?rest_route=\/wp\/v2\/posts"}],"about":[{"href":"https:\/\/l21.mx\/index.php?rest_route=\/wp\/v2\/types\/post"}],"author":[{"embeddable":true,"href":"https:\/\/l21.mx\/index.php?rest_route=\/wp\/v2\/users\/95"}],"replies":[{"embeddable":true,"href":"https:\/\/l21.mx\/index.php?rest_route=%2Fwp%2Fv2%2Fcomments&post=67471"}],"version-history":[{"count":0,"href":"https:\/\/l21.mx\/index.php?rest_route=\/wp\/v2\/posts\/67471\/revisions"}],"wp:attachment":[{"href":"https:\/\/l21.mx\/index.php?rest_route=%2Fwp%2Fv2%2Fmedia&parent=67471"}],"wp:term":[{"taxonomy":"category","embeddable":true,"href":"https:\/\/l21.mx\/index.php?rest_route=%2Fwp%2Fv2%2Fcategories&post=67471"},{"taxonomy":"post_tag","embeddable":true,"href":"https:\/\/l21.mx\/index.php?rest_route=%2Fwp%2Fv2%2Ftags&post=67471"}],"curies":[{"name":"wp","href":"https:\/\/api.w.org\/{rel}","templated":true}]}}