{"id":67493,"date":"2024-01-03T12:38:01","date_gmt":"2024-01-03T17:38:01","guid":{"rendered":"https:\/\/l21.mx\/?p=67493"},"modified":"2024-01-03T12:38:01","modified_gmt":"2024-01-03T17:38:01","slug":"mara-lezama-rehabilita-y-mejora-la-casa-hogar-para-adultos-mayores-de-chetumal","status":"publish","type":"post","link":"https:\/\/l21.mx\/?p=67493","title":{"rendered":"Mara Lezama rehabilita y mejora la Casa Hogar para Adultos Mayores de Chetumal"},"content":{"rendered":"<p>&nbsp;<\/p>\n<p>-Avance del 60% e inversi\u00f3n de casi 11 millones de pesos para que nuestras abuelitas y abuelitos vivan mejor, en un sitio digno y confortable<\/p>\n<p><a href=\"https:\/\/l21.mx\/wp-content\/uploads\/2024\/01\/WhatsApp-Image-2024-01-03-at-11.30.54-AM.jpeg\" data-rel=\"penci-gallery-image-content\" ><img fetchpriority=\"high\" decoding=\"async\" class=\"alignnone size-medium wp-image-67494\" src=\"https:\/\/l21.mx\/wp-content\/uploads\/2024\/01\/WhatsApp-Image-2024-01-03-at-11.30.54-AM-300x270.jpeg\" alt=\"\" width=\"300\" height=\"270\" srcset=\"https:\/\/l21.mx\/wp-content\/uploads\/2024\/01\/WhatsApp-Image-2024-01-03-at-11.30.54-AM-300x270.jpeg 300w, https:\/\/l21.mx\/wp-content\/uploads\/2024\/01\/WhatsApp-Image-2024-01-03-at-11.30.54-AM-1024x920.jpeg 1024w, https:\/\/l21.mx\/wp-content\/uploads\/2024\/01\/WhatsApp-Image-2024-01-03-at-11.30.54-AM-768x690.jpeg 768w, https:\/\/l21.mx\/wp-content\/uploads\/2024\/01\/WhatsApp-Image-2024-01-03-at-11.30.54-AM-1536x1380.jpeg 1536w, https:\/\/l21.mx\/wp-content\/uploads\/2024\/01\/WhatsApp-Image-2024-01-03-at-11.30.54-AM-1170x1052.jpeg 1170w, https:\/\/l21.mx\/wp-content\/uploads\/2024\/01\/WhatsApp-Image-2024-01-03-at-11.30.54-AM-585x526.jpeg 585w, https:\/\/l21.mx\/wp-content\/uploads\/2024\/01\/WhatsApp-Image-2024-01-03-at-11.30.54-AM.jpeg 1600w\" sizes=\"(max-width: 300px) 100vw, 300px\" \/><\/a><\/p>\n<p>Chetumal.- Con un avance del 60% e inversi\u00f3n de casi 11 millones de pesos, la gobernadora Mara Lezama Espinosa supervis\u00f3 el avance en la remodelaci\u00f3n y rehabilitaci\u00f3n de la Casa Hogar de los Adultos Mayores, la que presentaba un deterioro terrible, para transformar la vida de las personas que ah\u00ed viven.<\/p>\n<p>Esta es la respuesta de un compromiso asumido por el gobierno humanista y progresista que encabeza la primera mujer gobernadora de Quintana Roo, que representa pr\u00e1cticamente una cirug\u00eda mayor para dignificar el lugar donde viven nuestras y nuestros adultos mayores.<\/p>\n<p><a href=\"https:\/\/l21.mx\/wp-content\/uploads\/2024\/01\/WhatsApp-Image-2024-01-03-at-11.30.54-AM-1.jpeg\" data-rel=\"penci-gallery-image-content\" ><img decoding=\"async\" class=\"alignnone size-medium wp-image-67495\" src=\"https:\/\/l21.mx\/wp-content\/uploads\/2024\/01\/WhatsApp-Image-2024-01-03-at-11.30.54-AM-1-300x200.jpeg\" alt=\"\" width=\"300\" height=\"200\" srcset=\"https:\/\/l21.mx\/wp-content\/uploads\/2024\/01\/WhatsApp-Image-2024-01-03-at-11.30.54-AM-1-300x200.jpeg 300w, https:\/\/l21.mx\/wp-content\/uploads\/2024\/01\/WhatsApp-Image-2024-01-03-at-11.30.54-AM-1-1024x682.jpeg 1024w, https:\/\/l21.mx\/wp-content\/uploads\/2024\/01\/WhatsApp-Image-2024-01-03-at-11.30.54-AM-1-768x512.jpeg 768w, https:\/\/l21.mx\/wp-content\/uploads\/2024\/01\/WhatsApp-Image-2024-01-03-at-11.30.54-AM-1-1536x1023.jpeg 1536w, https:\/\/l21.mx\/wp-content\/uploads\/2024\/01\/WhatsApp-Image-2024-01-03-at-11.30.54-AM-1-1170x780.jpeg 1170w, https:\/\/l21.mx\/wp-content\/uploads\/2024\/01\/WhatsApp-Image-2024-01-03-at-11.30.54-AM-1-585x390.jpeg 585w, https:\/\/l21.mx\/wp-content\/uploads\/2024\/01\/WhatsApp-Image-2024-01-03-at-11.30.54-AM-1-263x175.jpeg 263w, https:\/\/l21.mx\/wp-content\/uploads\/2024\/01\/WhatsApp-Image-2024-01-03-at-11.30.54-AM-1.jpeg 1600w\" sizes=\"(max-width: 300px) 100vw, 300px\" \/><\/a><\/p>\n<p>\u201cEstamos convencidas y convencidos que cuando se combate la corrupci\u00f3n el dinero del pueblo alcanza para m\u00e1s, para atender una prioridad que es cerrar las brechas de desigualdad y mejorar la calidad de vida de las y los quintanarroenses\u201d, afirm\u00f3 Mara Lezama quien estuvo acompa\u00f1ada de la presidenta honoraria del Sistema DIF, Ver\u00f3nica Lezama Espinosa, y de la secretaria de Obras P\u00fablicas, Iraz\u00fa Sarabia.<\/p>\n<p>Parte de estos trabajos consisten en rehabilitar las habitaciones donde est\u00e1n los abuelitos y abuelitas, se est\u00e1 reconstruyendo y ampliando la cocina para dejarla pr\u00e1cticamente nueva, se rehabilita y ampl\u00eda el comedor, toda la fachada y el \u00e1rea administrativa.<\/p>\n<p><a href=\"https:\/\/l21.mx\/wp-content\/uploads\/2024\/01\/WhatsApp-Image-2024-01-03-at-11.30.53-AM-1.jpeg\" data-rel=\"penci-gallery-image-content\" ><img decoding=\"async\" class=\"alignnone size-medium wp-image-67497\" src=\"https:\/\/l21.mx\/wp-content\/uploads\/2024\/01\/WhatsApp-Image-2024-01-03-at-11.30.53-AM-1-300x255.jpeg\" alt=\"\" width=\"300\" height=\"255\" srcset=\"https:\/\/l21.mx\/wp-content\/uploads\/2024\/01\/WhatsApp-Image-2024-01-03-at-11.30.53-AM-1-300x255.jpeg 300w, https:\/\/l21.mx\/wp-content\/uploads\/2024\/01\/WhatsApp-Image-2024-01-03-at-11.30.53-AM-1-1024x869.jpeg 1024w, https:\/\/l21.mx\/wp-content\/uploads\/2024\/01\/WhatsApp-Image-2024-01-03-at-11.30.53-AM-1-768x652.jpeg 768w, https:\/\/l21.mx\/wp-content\/uploads\/2024\/01\/WhatsApp-Image-2024-01-03-at-11.30.53-AM-1-1536x1304.jpeg 1536w, https:\/\/l21.mx\/wp-content\/uploads\/2024\/01\/WhatsApp-Image-2024-01-03-at-11.30.53-AM-1-1170x993.jpeg 1170w, https:\/\/l21.mx\/wp-content\/uploads\/2024\/01\/WhatsApp-Image-2024-01-03-at-11.30.53-AM-1-585x497.jpeg 585w, https:\/\/l21.mx\/wp-content\/uploads\/2024\/01\/WhatsApp-Image-2024-01-03-at-11.30.53-AM-1.jpeg 1600w\" sizes=\"(max-width: 300px) 100vw, 300px\" \/><\/a><\/p>\n<p>La gobernadora de Quintana Roo inform\u00f3 que el trabajo est\u00e1 a cargo de una empresa chetumale\u00f1a y responde a los objetivos del Nuevo Acuerdo por el Bienestar y Desarrollo en donde las personas est\u00e1n en el centro de las acciones de gobierno, para que nadie se quede fuera ni nadie se quede atr\u00e1s.<\/p>\n<p>Mara Lezama precis\u00f3 que en Quintana Roo todas y todos estamos unidos para transformar, y rehabilitar la Casa Hogar de los Adultos Mayores es una prioridad, porque la prosperidad compartida debe reflejarse en todos los sectores de la sociedad.<\/p>\n","protected":false},"excerpt":{"rendered":"<p>&nbsp; -Avance del 60% e inversi\u00f3n de casi 11 millones de pesos para que nuestras abuelitas&hellip;<\/p>\n","protected":false},"author":100,"featured_media":67496,"comment_status":"closed","ping_status":"closed","sticky":false,"template":"","format":"standard","meta":{"_acf_changed":false,"_lmt_disableupdate":"","_lmt_disable":"","_mbp_gutenberg_autopost":false,"footnotes":""},"categories":[23,1656],"tags":[],"class_list":["post-67493","post","type-post","status-publish","format-standard","has-post-thumbnail","hentry","category-noticias","category-quintana-roo"],"acf":[],"_links":{"self":[{"href":"https:\/\/l21.mx\/index.php?rest_route=\/wp\/v2\/posts\/67493","targetHints":{"allow":["GET"]}}],"collection":[{"href":"https:\/\/l21.mx\/index.php?rest_route=\/wp\/v2\/posts"}],"about":[{"href":"https:\/\/l21.mx\/index.php?rest_route=\/wp\/v2\/types\/post"}],"author":[{"embeddable":true,"href":"https:\/\/l21.mx\/index.php?rest_route=\/wp\/v2\/users\/100"}],"replies":[{"embeddable":true,"href":"https:\/\/l21.mx\/index.php?rest_route=%2Fwp%2Fv2%2Fcomments&post=67493"}],"version-history":[{"count":0,"href":"https:\/\/l21.mx\/index.php?rest_route=\/wp\/v2\/posts\/67493\/revisions"}],"wp:featuredmedia":[{"embeddable":true,"href":"https:\/\/l21.mx\/index.php?rest_route=\/wp\/v2\/media\/67496"}],"wp:attachment":[{"href":"https:\/\/l21.mx\/index.php?rest_route=%2Fwp%2Fv2%2Fmedia&parent=67493"}],"wp:term":[{"taxonomy":"category","embeddable":true,"href":"https:\/\/l21.mx\/index.php?rest_route=%2Fwp%2Fv2%2Fcategories&post=67493"},{"taxonomy":"post_tag","embeddable":true,"href":"https:\/\/l21.mx\/index.php?rest_route=%2Fwp%2Fv2%2Ftags&post=67493"}],"curies":[{"name":"wp","href":"https:\/\/api.w.org\/{rel}","templated":true}]}}