{"id":67508,"date":"2024-01-01T12:46:43","date_gmt":"2024-01-01T17:46:43","guid":{"rendered":"https:\/\/l21.mx\/?p=67508"},"modified":"2024-01-03T13:02:10","modified_gmt":"2024-01-03T18:02:10","slug":"estrategias-y-liderazgos","status":"publish","type":"post","link":"https:\/\/l21.mx\/?p=67508","title":{"rendered":"Estrategias y liderazgos"},"content":{"rendered":"<p><em>Canc\u00fan fue sede de la Cumbre Mundial de Comunicaci\u00f3n Pol\u00edtica para fortalecer la democracia, con campa\u00f1as y contenidos de altura<\/em><\/p>\n<p>&nbsp;<\/p>\n<p>Con la presencia de m\u00e1s de 3,500 asistentes, se llev\u00f3 a cabo la XIX edici\u00f3n de la Cumbre Mundial de Comunicaci\u00f3n Pol\u00edtica, en la que realizaron talleres, ponencias magistrales y presentaciones de libros.<\/p>\n<p>Daniel Ivoskus, presidente de la cumbre, destac\u00f3 que el objetivo central de este encuentro es aprender y entender que la capacitaci\u00f3n debe ser constante, adem\u00e1s de encontrar espacios para dialogar y tocar temas de odio pol\u00edtico y campa\u00f1as pol\u00edticas, para el mejoramiento de los di\u00e1logos.<\/p>\n<p>Se\u00f1al\u00f3 que la democracia es lo m\u00e1s importante para una ciudad, teniendo en cuenta que se debe trabajar en mejorar los espacios, y no en los partidos pol\u00edticos ni en los personajes, sino m\u00e1s bien empezar a trabajar por la sociedad y buscar esa reconciliaci\u00f3n.<\/p>\n<p>Los asistentes pudieron capacitarse sobre temas como las Estrategias de Comunicaci\u00f3n para Gobiernos, el Marketing Pol\u00edtico y el Protagonismo de la Mujer en la Pol\u00edtica; adem\u00e1s de las tendencias, estrategias y herramientas nuevas para la comunicaci\u00f3n pol\u00edtica en todo el mundo.<\/p>\n<p>El encuentro atrajo a m\u00e1s de 300 expositores de Latinoam\u00e9rica y Espa\u00f1a en una serie de conferencias, talleres y presentaciones de libros en las que se analizar\u00e1n las distintas problem\u00e1ticas electorales y sociales de la regi\u00f3n.<\/p>\n<p>A lo largo de sus ediciones, esta Cumbre ha tenido la participaci\u00f3n de profesionales de 25 pa\u00edses, permitiendo el intercambio de ideas pol\u00edticas y estrategias y cuenta con el respaldo acad\u00e9mico de la Benem\u00e9rita Universidad Aut\u00f3noma de Puebla.<\/p>\n<p><a href=\"https:\/\/l21.mx\/wp-content\/uploads\/2023\/12\/20231204_095028.jpg\" data-rel=\"penci-gallery-image-content\" ><img fetchpriority=\"high\" decoding=\"async\" class=\"alignnone size-medium wp-image-67125\" src=\"https:\/\/l21.mx\/wp-content\/uploads\/2023\/12\/20231204_095028-300x225.jpg\" alt=\"\" width=\"300\" height=\"225\" srcset=\"https:\/\/l21.mx\/wp-content\/uploads\/2023\/12\/20231204_095028-300x225.jpg 300w, https:\/\/l21.mx\/wp-content\/uploads\/2023\/12\/20231204_095028-1024x768.jpg 1024w, https:\/\/l21.mx\/wp-content\/uploads\/2023\/12\/20231204_095028-768x576.jpg 768w, https:\/\/l21.mx\/wp-content\/uploads\/2023\/12\/20231204_095028-1200x900.jpg 1200w, https:\/\/l21.mx\/wp-content\/uploads\/2023\/12\/20231204_095028-1170x878.jpg 1170w, https:\/\/l21.mx\/wp-content\/uploads\/2023\/12\/20231204_095028-585x439.jpg 585w, https:\/\/l21.mx\/wp-content\/uploads\/2023\/12\/20231204_095028.jpg 1500w\" sizes=\"(max-width: 300px) 100vw, 300px\" \/><\/a><\/p>\n<h4><strong>Comparten experiencias de expertos<\/strong><\/h4>\n<p>&nbsp;<\/p>\n<p>Como parte del programa, destac\u00f3 el panel de expertos \u201cAn\u00e9cdotas y experiencias de campa\u00f1a\u201d, con la participaci\u00f3n de los consultores y organizadores Antonio Sola, Daniel Ivoskus y Filiberto Mart\u00ednez.<\/p>\n<p>Hablaron de c\u00f3mo el asesor define una estrategia y aparte de realizar un estudio cualitativo y cuantitativo, el camino lo marca el candidato al asumirse con car\u00e1cter, con disciplina y orden.<\/p>\n<p>Durante su intervenci\u00f3n, Daniel Ivoskus cit\u00f3: \u201clo importante en las elecciones es ganar la campa\u00f1a, el gobierno se construye un d\u00eda despu\u00e9s\u201d.<\/p>\n<p>Se habl\u00f3 tambi\u00e9n del cambio social en las elecciones, del c\u00f3mo ahora va la aceptaci\u00f3n de abajo hacia arriba y de la manera en que los modelos de capacitaci\u00f3n generan equipos que reconstruyen a su alrededor para beneficio com\u00fan.<\/p>\n<p>&nbsp;<\/p>\n<h4><strong>Capacitaci\u00f3n constante<\/strong><\/h4>\n<p>&nbsp;<\/p>\n<p>El \u00faltimo d\u00eda del encuentro, el vicepresidente de la Cumbre, Christian Mata, agradeci\u00f3 el tiempo y la inversi\u00f3n econ\u00f3mica de cada uno de los 3 mil 500 asistentes al evento y por tomar el inter\u00e9s ante el aprendizaje.<\/p>\n<p>Filiberto Mart\u00ednez, representante en M\u00e9xico del evento en M\u00e9xico, dijo que \u201cla cumbre, la capacitaci\u00f3n continua y el potencial de liderazgo, permitir\u00e1 generar la oportunidad de gobernar y de que exista una visi\u00f3n con rumbo\u201d.<\/p>\n<p>Dijo que estos encuentros con administradores, asesores, estudiantes, comunic\u00f3logos y funcionarios p\u00fablicos generan nuevas relaciones y visiones sobre el quehacer pol\u00edtico.<\/p>\n<p>El tambi\u00e9n exdiputado y expresidente municipal de Solidaridad, expres\u00f3 que \u201cde nada sirve el camino pol\u00edtico si no hay transformaci\u00f3n, bondad y que las acciones vayan encaminadas para ser mejores seres humanos\u201d.<\/p>\n<p>&nbsp;<\/p>\n<p>&nbsp;<\/p>\n<p><strong><u>::::::::::::::::::::<\/u><\/strong><\/p>\n<p>3,500<\/p>\n<p>participantes tuvieron la oportunidad de explorar las tendencias, innovaciones, casos de \u00e9xito y experiencias<\/p>\n<p>&nbsp;<\/p>\n<p>&nbsp;<\/p>\n<p>+ 3,000 cargos<\/p>\n<p>de elecci\u00f3n popular est\u00e1n en juego en las elecciones de este a\u00f1o, entre municipales, estatales y federales<\/p>\n<p>&nbsp;<\/p>\n<p><a href=\"https:\/\/l21.mx\/wp-content\/uploads\/2023\/12\/20231204_115212.jpg\" data-rel=\"penci-gallery-image-content\" ><img decoding=\"async\" class=\"alignnone size-medium wp-image-67117\" src=\"https:\/\/l21.mx\/wp-content\/uploads\/2023\/12\/20231204_115212-300x225.jpg\" alt=\"\" width=\"300\" height=\"225\" srcset=\"https:\/\/l21.mx\/wp-content\/uploads\/2023\/12\/20231204_115212-300x225.jpg 300w, https:\/\/l21.mx\/wp-content\/uploads\/2023\/12\/20231204_115212-1024x768.jpg 1024w, https:\/\/l21.mx\/wp-content\/uploads\/2023\/12\/20231204_115212-768x576.jpg 768w, https:\/\/l21.mx\/wp-content\/uploads\/2023\/12\/20231204_115212-1200x900.jpg 1200w, https:\/\/l21.mx\/wp-content\/uploads\/2023\/12\/20231204_115212-1170x878.jpg 1170w, https:\/\/l21.mx\/wp-content\/uploads\/2023\/12\/20231204_115212-585x439.jpg 585w, https:\/\/l21.mx\/wp-content\/uploads\/2023\/12\/20231204_115212.jpg 1500w\" sizes=\"(max-width: 300px) 100vw, 300px\" \/><\/a><\/p>\n<p>&nbsp;<\/p>\n<p><strong><u>::::::::::::::::::::::::::::::::::::<\/u><\/strong><\/p>\n<blockquote><p>Los cambios son muy r\u00e1pidos&#8230;\u00a0 la comunicaci\u00f3n est\u00e1 en una revoluci\u00f3n constante y nos toca a la gente que tenemos la oportunidad y la fortuna de poder ser escuchados en cuartos de guerra, en equipos de campa\u00f1a, hacer propuestas interesantes y constructivas\u201d.<\/p>\n<p>Filiberto Mart\u00ednez<\/p>\n<p>Representante en M\u00e9xico de la Cumbre Mundial de Comunicaci\u00f3n Pol\u00edtica<\/p><\/blockquote>\n<p>&nbsp;<\/p>\n<p><a href=\"https:\/\/l21.mx\/wp-content\/uploads\/2023\/12\/cumbre-scaled.jpg\" data-rel=\"penci-gallery-image-content\" ><img decoding=\"async\" class=\"alignnone size-medium wp-image-67118\" src=\"https:\/\/l21.mx\/wp-content\/uploads\/2023\/12\/cumbre-143x300.jpg\" alt=\"\" width=\"143\" height=\"300\" srcset=\"https:\/\/l21.mx\/wp-content\/uploads\/2023\/12\/cumbre-143x300.jpg 143w, https:\/\/l21.mx\/wp-content\/uploads\/2023\/12\/cumbre-489x1024.jpg 489w, https:\/\/l21.mx\/wp-content\/uploads\/2023\/12\/cumbre-768x1607.jpg 768w, https:\/\/l21.mx\/wp-content\/uploads\/2023\/12\/cumbre-734x1536.jpg 734w, https:\/\/l21.mx\/wp-content\/uploads\/2023\/12\/cumbre-979x2048.jpg 979w, https:\/\/l21.mx\/wp-content\/uploads\/2023\/12\/cumbre-430x900.jpg 430w, https:\/\/l21.mx\/wp-content\/uploads\/2023\/12\/cumbre-1170x2448.jpg 1170w, https:\/\/l21.mx\/wp-content\/uploads\/2023\/12\/cumbre-585x1224.jpg 585w, https:\/\/l21.mx\/wp-content\/uploads\/2023\/12\/cumbre-scaled.jpg 1224w\" sizes=\"(max-width: 143px) 100vw, 143px\" \/><\/a><\/p>\n<p>\u201cEs un gusto reencontrarnos en esta cumbre por el fortalecimiento de la democracia; Venimos trabajando desde hace m\u00e1s de 10 a\u00f1os en la formaci\u00f3n de pol\u00edticos, la capacitaci\u00f3n y el acompa\u00f1amiento de cada una de las personas que pertenecen a esta industria\u201d.<\/p>\n<p>Daniel Ivoskus<\/p>\n<p>Presidente de la Cumbre Mundial de Comunicaci\u00f3n Pol\u00edtica<\/p>\n<p><a href=\"https:\/\/l21.mx\/wp-content\/uploads\/2023\/12\/20231204_095051.jpg\" data-rel=\"penci-gallery-image-content\" ><img loading=\"lazy\" decoding=\"async\" class=\"alignnone size-medium wp-image-67123\" src=\"https:\/\/l21.mx\/wp-content\/uploads\/2023\/12\/20231204_095051-300x225.jpg\" alt=\"\" width=\"300\" height=\"225\" srcset=\"https:\/\/l21.mx\/wp-content\/uploads\/2023\/12\/20231204_095051-300x225.jpg 300w, https:\/\/l21.mx\/wp-content\/uploads\/2023\/12\/20231204_095051-1024x768.jpg 1024w, https:\/\/l21.mx\/wp-content\/uploads\/2023\/12\/20231204_095051-768x576.jpg 768w, https:\/\/l21.mx\/wp-content\/uploads\/2023\/12\/20231204_095051-1200x900.jpg 1200w, https:\/\/l21.mx\/wp-content\/uploads\/2023\/12\/20231204_095051-1170x878.jpg 1170w, https:\/\/l21.mx\/wp-content\/uploads\/2023\/12\/20231204_095051-585x439.jpg 585w, https:\/\/l21.mx\/wp-content\/uploads\/2023\/12\/20231204_095051.jpg 1500w\" sizes=\"(max-width: 300px) 100vw, 300px\" \/><\/a><\/p>\n<h2>Basta de violencia de g\u00e9nero<\/h2>\n<p>&nbsp;<\/p>\n<p>\u201cLa cultura machista es la principal raz\u00f3n por la cual las mujeres somos v\u00edctimas de violencia de muchas modalidades, pero hoy nos enfocamos en la violencia pol\u00edtica de g\u00e9nero\u00bb, expres\u00f3 la presidenta municipal de Solidaridad, Lili Campos, durante su participaci\u00f3n como ponente en la XIX Cumbre Mundial de Comunicaci\u00f3n Pol\u00edtica con el tema \u201cViolencia pol\u00edtica de g\u00e9nero\u201d.<\/p>\n<p>Ante los asistentes, la alcaldesa dijo que, para poder combatir la violencia de g\u00e9nero en todas sus modalidades en el municipio, \u201cestamos aplicando las leyes que ya fueron reformadas, trabajando fuerte en crear una corporaci\u00f3n policial espec\u00edficamente en atender todos aquellos casos de violencia de g\u00e9nero donde la mujer es v\u00edctima\u201d.<\/p>\n<p>&nbsp;<\/p>\n<p>Enfatiz\u00f3 que es importante el uso adecuado de las tecnolog\u00edas y las redes sociales, porque por medio de ellas tambi\u00e9n se hace da\u00f1o. \u00abLas mujeres tambi\u00e9n tiene derecho de tener una vida libre de violencia en las posiciones pol\u00edticas a las que aspiren y quieran llegar. Quiero que sepan que hoy tenemos un marco legal que nos protege a las mujeres, si te ves v\u00edctima de violencia de g\u00e9nero la respuesta es una palabra, \u00a1denuncia!\u201d.<\/p>\n<p>&nbsp;<\/p>\n","protected":false},"excerpt":{"rendered":"<p>Canc\u00fan fue sede de la Cumbre Mundial de Comunicaci\u00f3n Pol\u00edtica para fortalecer la democracia, con campa\u00f1as&hellip;<\/p>\n","protected":false},"author":100,"featured_media":67119,"comment_status":"closed","ping_status":"closed","sticky":false,"template":"","format":"standard","meta":{"_acf_changed":false,"_lmt_disableupdate":"","_lmt_disable":"","_mbp_gutenberg_autopost":false,"footnotes":""},"categories":[23],"tags":[],"class_list":["post-67508","post","type-post","status-publish","format-standard","has-post-thumbnail","hentry","category-noticias"],"acf":[],"yoast_head":"<!-- This site is optimized with the Yoast SEO plugin v27.3 - https:\/\/yoast.com\/product\/yoast-seo-wordpress\/ -->\n<title>Estrategias y liderazgos | Revista Latitud 21<\/title>\n<meta name=\"description\" content=\"L21, Emprendedores y Negocios en el Caribe Mexicano, es la revista l\u00edder entre el Sector Empresarial y Tur\u00edstico del Caribe Mexicano.\" \/>\n<meta name=\"robots\" content=\"index, follow, max-snippet:-1, max-image-preview:large, max-video-preview:-1\" \/>\n<link rel=\"canonical\" href=\"https:\/\/l21.mx\/?p=67508\" \/>\n<meta name=\"twitter:card\" content=\"summary_large_image\" \/>\n<meta name=\"twitter:title\" content=\"Estrategias y liderazgos | Revista Latitud 21\" \/>\n<meta name=\"twitter:description\" content=\"L21, Emprendedores y Negocios en el Caribe Mexicano, es la revista l\u00edder entre el Sector Empresarial y Tur\u00edstico del Caribe Mexicano.\" \/>\n<meta name=\"twitter:image\" content=\"https:\/\/l21.mx\/wp-content\/uploads\/2023\/12\/20231204_112033.jpg\" \/>\n<meta name=\"twitter:creator\" content=\"@Latitud21mx\" \/>\n<meta name=\"twitter:site\" content=\"@Latitud21mx\" \/>\n<meta name=\"twitter:label1\" content=\"Escrito por\" \/>\n\t<meta name=\"twitter:data1\" content=\"NellyG\" \/>\n\t<meta name=\"twitter:label2\" content=\"Tiempo de lectura\" \/>\n\t<meta name=\"twitter:data2\" content=\"5 minutos\" \/>\n<script type=\"application\/ld+json\" class=\"yoast-schema-graph\">{\"@context\":\"https:\\\/\\\/schema.org\",\"@graph\":[{\"@type\":\"Article\",\"@id\":\"https:\\\/\\\/l21.mx\\\/?p=67508#article\",\"isPartOf\":{\"@id\":\"https:\\\/\\\/l21.mx\\\/?p=67508\"},\"author\":{\"name\":\"NellyG\",\"@id\":\"https:\\\/\\\/l21.mx\\\/#\\\/schema\\\/person\\\/cca68595b80b2f6c4c55a8b254bfbb2a\"},\"headline\":\"Estrategias y liderazgos\",\"datePublished\":\"2024-01-01T17:46:43+00:00\",\"dateModified\":\"2024-01-03T18:02:10+00:00\",\"mainEntityOfPage\":{\"@id\":\"https:\\\/\\\/l21.mx\\\/?p=67508\"},\"wordCount\":957,\"publisher\":{\"@id\":\"https:\\\/\\\/l21.mx\\\/#organization\"},\"image\":{\"@id\":\"https:\\\/\\\/l21.mx\\\/?p=67508#primaryimage\"},\"thumbnailUrl\":\"https:\\\/\\\/l21.mx\\\/wp-content\\\/uploads\\\/2023\\\/12\\\/20231204_112033.jpg\",\"articleSection\":[\"Noticias\"],\"inLanguage\":\"es\"},{\"@type\":\"WebPage\",\"@id\":\"https:\\\/\\\/l21.mx\\\/?p=67508\",\"url\":\"https:\\\/\\\/l21.mx\\\/?p=67508\",\"name\":\"Estrategias y liderazgos | Revista Latitud 21\",\"isPartOf\":{\"@id\":\"https:\\\/\\\/l21.mx\\\/#website\"},\"primaryImageOfPage\":{\"@id\":\"https:\\\/\\\/l21.mx\\\/?p=67508#primaryimage\"},\"image\":{\"@id\":\"https:\\\/\\\/l21.mx\\\/?p=67508#primaryimage\"},\"thumbnailUrl\":\"https:\\\/\\\/l21.mx\\\/wp-content\\\/uploads\\\/2023\\\/12\\\/20231204_112033.jpg\",\"datePublished\":\"2024-01-01T17:46:43+00:00\",\"dateModified\":\"2024-01-03T18:02:10+00:00\",\"description\":\"L21, Emprendedores y Negocios en el Caribe Mexicano, es la revista l\u00edder entre el Sector Empresarial y Tur\u00edstico del Caribe Mexicano.\",\"breadcrumb\":{\"@id\":\"https:\\\/\\\/l21.mx\\\/?p=67508#breadcrumb\"},\"inLanguage\":\"es\",\"potentialAction\":[{\"@type\":\"ReadAction\",\"target\":[\"https:\\\/\\\/l21.mx\\\/?p=67508\"]}]},{\"@type\":\"ImageObject\",\"inLanguage\":\"es\",\"@id\":\"https:\\\/\\\/l21.mx\\\/?p=67508#primaryimage\",\"url\":\"https:\\\/\\\/l21.mx\\\/wp-content\\\/uploads\\\/2023\\\/12\\\/20231204_112033.jpg\",\"contentUrl\":\"https:\\\/\\\/l21.mx\\\/wp-content\\\/uploads\\\/2023\\\/12\\\/20231204_112033.jpg\",\"width\":1500,\"height\":1125},{\"@type\":\"BreadcrumbList\",\"@id\":\"https:\\\/\\\/l21.mx\\\/?p=67508#breadcrumb\",\"itemListElement\":[{\"@type\":\"ListItem\",\"position\":1,\"name\":\"Portada\",\"item\":\"https:\\\/\\\/l21.mx\\\/\"},{\"@type\":\"ListItem\",\"position\":2,\"name\":\"Estrategias y liderazgos\"}]},{\"@type\":\"WebSite\",\"@id\":\"https:\\\/\\\/l21.mx\\\/#website\",\"url\":\"https:\\\/\\\/l21.mx\\\/\",\"name\":\"Revista Latitud 21\",\"description\":\"Emprendedores  y negocios en el Caribe Mexicano\",\"publisher\":{\"@id\":\"https:\\\/\\\/l21.mx\\\/#organization\"},\"potentialAction\":[{\"@type\":\"SearchAction\",\"target\":{\"@type\":\"EntryPoint\",\"urlTemplate\":\"https:\\\/\\\/l21.mx\\\/?s={search_term_string}\"},\"query-input\":{\"@type\":\"PropertyValueSpecification\",\"valueRequired\":true,\"valueName\":\"search_term_string\"}}],\"inLanguage\":\"es\"},{\"@type\":\"Organization\",\"@id\":\"https:\\\/\\\/l21.mx\\\/#organization\",\"name\":\"Grupo Editorial Latitud 21 SA de CV\",\"url\":\"https:\\\/\\\/l21.mx\\\/\",\"logo\":{\"@type\":\"ImageObject\",\"inLanguage\":\"es\",\"@id\":\"https:\\\/\\\/l21.mx\\\/#\\\/schema\\\/logo\\\/image\\\/\",\"url\":\"https:\\\/\\\/l21.mx\\\/wp-content\\\/uploads\\\/2020\\\/10\\\/logo-l21-baja.jpg\",\"contentUrl\":\"https:\\\/\\\/l21.mx\\\/wp-content\\\/uploads\\\/2020\\\/10\\\/logo-l21-baja.jpg\",\"width\":250,\"height\":250,\"caption\":\"Grupo Editorial Latitud 21 SA de CV\"},\"image\":{\"@id\":\"https:\\\/\\\/l21.mx\\\/#\\\/schema\\\/logo\\\/image\\\/\"},\"sameAs\":[\"https:\\\/\\\/www.facebook.com\\\/RevistaLatitud21\\\/\",\"https:\\\/\\\/x.com\\\/Latitud21mx\"]},{\"@type\":\"Person\",\"@id\":\"https:\\\/\\\/l21.mx\\\/#\\\/schema\\\/person\\\/cca68595b80b2f6c4c55a8b254bfbb2a\",\"name\":\"NellyG\",\"url\":\"https:\\\/\\\/l21.mx\\\/?author=100\"}]}<\/script>\n<!-- \/ Yoast SEO plugin. -->","yoast_head_json":{"title":"Estrategias y liderazgos | Revista Latitud 21","description":"L21, Emprendedores y Negocios en el Caribe Mexicano, es la revista l\u00edder entre el Sector Empresarial y Tur\u00edstico del Caribe Mexicano.","robots":{"index":"index","follow":"follow","max-snippet":"max-snippet:-1","max-image-preview":"max-image-preview:large","max-video-preview":"max-video-preview:-1"},"canonical":"https:\/\/l21.mx\/?p=67508","twitter_card":"summary_large_image","twitter_title":"Estrategias y liderazgos | Revista Latitud 21","twitter_description":"L21, Emprendedores y Negocios en el Caribe Mexicano, es la revista l\u00edder entre el Sector Empresarial y Tur\u00edstico del Caribe Mexicano.","twitter_image":"https:\/\/l21.mx\/wp-content\/uploads\/2023\/12\/20231204_112033.jpg","twitter_creator":"@Latitud21mx","twitter_site":"@Latitud21mx","twitter_misc":{"Escrito por":"NellyG","Tiempo de lectura":"5 minutos"},"schema":{"@context":"https:\/\/schema.org","@graph":[{"@type":"Article","@id":"https:\/\/l21.mx\/?p=67508#article","isPartOf":{"@id":"https:\/\/l21.mx\/?p=67508"},"author":{"name":"NellyG","@id":"https:\/\/l21.mx\/#\/schema\/person\/cca68595b80b2f6c4c55a8b254bfbb2a"},"headline":"Estrategias y liderazgos","datePublished":"2024-01-01T17:46:43+00:00","dateModified":"2024-01-03T18:02:10+00:00","mainEntityOfPage":{"@id":"https:\/\/l21.mx\/?p=67508"},"wordCount":957,"publisher":{"@id":"https:\/\/l21.mx\/#organization"},"image":{"@id":"https:\/\/l21.mx\/?p=67508#primaryimage"},"thumbnailUrl":"https:\/\/l21.mx\/wp-content\/uploads\/2023\/12\/20231204_112033.jpg","articleSection":["Noticias"],"inLanguage":"es"},{"@type":"WebPage","@id":"https:\/\/l21.mx\/?p=67508","url":"https:\/\/l21.mx\/?p=67508","name":"Estrategias y liderazgos | Revista Latitud 21","isPartOf":{"@id":"https:\/\/l21.mx\/#website"},"primaryImageOfPage":{"@id":"https:\/\/l21.mx\/?p=67508#primaryimage"},"image":{"@id":"https:\/\/l21.mx\/?p=67508#primaryimage"},"thumbnailUrl":"https:\/\/l21.mx\/wp-content\/uploads\/2023\/12\/20231204_112033.jpg","datePublished":"2024-01-01T17:46:43+00:00","dateModified":"2024-01-03T18:02:10+00:00","description":"L21, Emprendedores y Negocios en el Caribe Mexicano, es la revista l\u00edder entre el Sector Empresarial y Tur\u00edstico del Caribe Mexicano.","breadcrumb":{"@id":"https:\/\/l21.mx\/?p=67508#breadcrumb"},"inLanguage":"es","potentialAction":[{"@type":"ReadAction","target":["https:\/\/l21.mx\/?p=67508"]}]},{"@type":"ImageObject","inLanguage":"es","@id":"https:\/\/l21.mx\/?p=67508#primaryimage","url":"https:\/\/l21.mx\/wp-content\/uploads\/2023\/12\/20231204_112033.jpg","contentUrl":"https:\/\/l21.mx\/wp-content\/uploads\/2023\/12\/20231204_112033.jpg","width":1500,"height":1125},{"@type":"BreadcrumbList","@id":"https:\/\/l21.mx\/?p=67508#breadcrumb","itemListElement":[{"@type":"ListItem","position":1,"name":"Portada","item":"https:\/\/l21.mx\/"},{"@type":"ListItem","position":2,"name":"Estrategias y liderazgos"}]},{"@type":"WebSite","@id":"https:\/\/l21.mx\/#website","url":"https:\/\/l21.mx\/","name":"Revista Latitud 21","description":"Emprendedores  y negocios en el Caribe Mexicano","publisher":{"@id":"https:\/\/l21.mx\/#organization"},"potentialAction":[{"@type":"SearchAction","target":{"@type":"EntryPoint","urlTemplate":"https:\/\/l21.mx\/?s={search_term_string}"},"query-input":{"@type":"PropertyValueSpecification","valueRequired":true,"valueName":"search_term_string"}}],"inLanguage":"es"},{"@type":"Organization","@id":"https:\/\/l21.mx\/#organization","name":"Grupo Editorial Latitud 21 SA de CV","url":"https:\/\/l21.mx\/","logo":{"@type":"ImageObject","inLanguage":"es","@id":"https:\/\/l21.mx\/#\/schema\/logo\/image\/","url":"https:\/\/l21.mx\/wp-content\/uploads\/2020\/10\/logo-l21-baja.jpg","contentUrl":"https:\/\/l21.mx\/wp-content\/uploads\/2020\/10\/logo-l21-baja.jpg","width":250,"height":250,"caption":"Grupo Editorial Latitud 21 SA de CV"},"image":{"@id":"https:\/\/l21.mx\/#\/schema\/logo\/image\/"},"sameAs":["https:\/\/www.facebook.com\/RevistaLatitud21\/","https:\/\/x.com\/Latitud21mx"]},{"@type":"Person","@id":"https:\/\/l21.mx\/#\/schema\/person\/cca68595b80b2f6c4c55a8b254bfbb2a","name":"NellyG","url":"https:\/\/l21.mx\/?author=100"}]}},"amp_enabled":true,"_links":{"self":[{"href":"https:\/\/l21.mx\/index.php?rest_route=\/wp\/v2\/posts\/67508","targetHints":{"allow":["GET"]}}],"collection":[{"href":"https:\/\/l21.mx\/index.php?rest_route=\/wp\/v2\/posts"}],"about":[{"href":"https:\/\/l21.mx\/index.php?rest_route=\/wp\/v2\/types\/post"}],"author":[{"embeddable":true,"href":"https:\/\/l21.mx\/index.php?rest_route=\/wp\/v2\/users\/100"}],"replies":[{"embeddable":true,"href":"https:\/\/l21.mx\/index.php?rest_route=%2Fwp%2Fv2%2Fcomments&post=67508"}],"version-history":[{"count":1,"href":"https:\/\/l21.mx\/index.php?rest_route=\/wp\/v2\/posts\/67508\/revisions"}],"predecessor-version":[{"id":67511,"href":"https:\/\/l21.mx\/index.php?rest_route=\/wp\/v2\/posts\/67508\/revisions\/67511"}],"wp:featuredmedia":[{"embeddable":true,"href":"https:\/\/l21.mx\/index.php?rest_route=\/wp\/v2\/media\/67119"}],"wp:attachment":[{"href":"https:\/\/l21.mx\/index.php?rest_route=%2Fwp%2Fv2%2Fmedia&parent=67508"}],"wp:term":[{"taxonomy":"category","embeddable":true,"href":"https:\/\/l21.mx\/index.php?rest_route=%2Fwp%2Fv2%2Fcategories&post=67508"},{"taxonomy":"post_tag","embeddable":true,"href":"https:\/\/l21.mx\/index.php?rest_route=%2Fwp%2Fv2%2Ftags&post=67508"}],"curies":[{"name":"wp","href":"https:\/\/api.w.org\/{rel}","templated":true}]}}