{"id":6751,"date":"2014-04-02T16:43:48","date_gmt":"2014-04-02T22:43:48","guid":{"rendered":"http:\/\/innovatori.space\/lat21\/?p=6751"},"modified":"2014-04-02T16:43:48","modified_gmt":"2014-04-02T22:43:48","slug":"senor-frogs-cambia-de-manos","status":"publish","type":"post","link":"https:\/\/l21.mx\/?p=6751","title":{"rendered":"Se\u00f1or Frog\u2019s cambia de manos"},"content":{"rendered":"<p><a href=\"http:\/\/l21.mx\/wp-content\/uploads\/2014\/04\/Se\u00f1or-Frog\u2019s-cambia-de-manos.jpg\" data-rel=\"penci-gallery-image-content\" ><img fetchpriority=\"high\" decoding=\"async\" class=\"alignleft size-medium wp-image-6752\" title=\"Se\u00f1or Frog\u2019s cambia de manos\" src=\"http:\/\/l21.mx\/wp-content\/uploads\/2014\/04\/Se\u00f1or-Frog\u2019s-cambia-de-manos-300x224.jpg\" alt=\"\" width=\"300\" height=\"224\" \/><\/a>Con nueva ubicaci\u00f3n, en el \u201ccoraz\u00f3n\u201d de la Zona Hotelera de Canc\u00fan, Se\u00f1or Frog\u2019s, una de las firmas icono del destino, se suma a la oferta de servicios de entretenimiento nocturno en Canc\u00fan al concretar su fusi\u00f3n comercial con Grupo Mandala, que ya opera varios establecimientos en la zona.<\/p>\n<p>A trav\u00e9s de la alianza, Mandala, que maneja las discotecas Mandala, The City, Palazzo, Dady\u2019O, La Vaquita, El\u00e9vate, y ahora Se\u00f1or Frog\u2019s, incursionar\u00e1 con esta \u00faltima en el servicio de alimentos de alta calidad.<\/p>\n<p>Ismael Reynoso Salcedo, gerente operativo de Grupo Mandala, explic\u00f3 que \u201ccon la alianza ambos obtenemos beneficios y hay compromiso para generar clientela y venta compartida, a fin de brindar un producto completo al visitante: alimentos y entretenimiento\u201d.<\/p>\n<p>Se\u00f1or Frog\u2019s mantiene su plantilla laboral y la esencia del concepto, pero estrena nueva imagen en la que se cuidan detalles en servicio y men\u00fa, que ser\u00e1n m\u00e1s formales.<\/p>\n<p>Sobre la expansi\u00f3n del grupo, Reynoso Salcedo indic\u00f3 que en febrero pasado inauguraron en Puerto Vallarta una sucursal de la discoteca La Santa, que se suma a la de Guadalajara, y est\u00e1n por abrir otra en Monterrey, en tanto analizan la posibilidad de llegar a la Ciudad de M\u00e9xico. Asimismo recientemente inici\u00f3 operaciones el bar Palazzo, en Villahermosa, Tabasco.<\/p>\n<p>[editor]empresas-y-negocios[\/editor]<\/p>\n<div><\/div>\n","protected":false},"excerpt":{"rendered":"<p>Con nueva ubicaci\u00f3n, en el \u201ccoraz\u00f3n\u201d de la Zona Hotelera de Canc\u00fan, Se\u00f1or Frog\u2019s, una de&hellip;<\/p>\n","protected":false},"author":2,"featured_media":6753,"comment_status":"open","ping_status":"open","sticky":false,"template":"","format":"standard","meta":{"_acf_changed":false,"_lmt_disableupdate":"","_lmt_disable":"","_mbp_gutenberg_autopost":false,"footnotes":""},"categories":[4],"tags":[],"class_list":["post-6751","post","type-post","status-publish","format-standard","has-post-thumbnail","hentry","category-empresas-y-negocios"],"acf":[],"yoast_head":"<!-- This site is optimized with the Yoast SEO plugin v27.5 - https:\/\/yoast.com\/product\/yoast-seo-wordpress\/ -->\n<title>Se\u00f1or Frog\u2019s cambia de manos | Revista Latitud 21<\/title>\n<meta name=\"description\" content=\"L21, Emprendedores y Negocios en el Caribe Mexicano, es la revista l\u00edder entre el Sector Empresarial y Tur\u00edstico del Caribe Mexicano.\" \/>\n<meta name=\"robots\" content=\"index, follow, max-snippet:-1, max-image-preview:large, max-video-preview:-1\" \/>\n<link rel=\"canonical\" href=\"https:\/\/l21.mx\/?p=6751\" \/>\n<meta name=\"twitter:card\" content=\"summary_large_image\" \/>\n<meta name=\"twitter:title\" content=\"Se\u00f1or Frog\u2019s cambia de manos | Revista Latitud 21\" \/>\n<meta name=\"twitter:description\" content=\"L21, Emprendedores y Negocios en el Caribe Mexicano, es la revista l\u00edder entre el Sector Empresarial y Tur\u00edstico del Caribe Mexicano.\" \/>\n<meta name=\"twitter:image\" content=\"https:\/\/l21.mx\/wp-content\/uploads\/2014\/04\/Se\u00f1or-Frog\u2019s-cambia-de-manos-m.jpg\" \/>\n<meta name=\"twitter:creator\" content=\"@Latitud21mx\" \/>\n<meta name=\"twitter:site\" content=\"@Latitud21mx\" \/>\n<meta name=\"twitter:label1\" content=\"Escrito por\" \/>\n\t<meta name=\"twitter:data1\" content=\"Latitud21 Redacci\u00f3n\" \/>\n\t<meta name=\"twitter:label2\" content=\"Tiempo de lectura\" \/>\n\t<meta name=\"twitter:data2\" content=\"1 minuto\" \/>\n<script type=\"application\/ld+json\" class=\"yoast-schema-graph\">{\"@context\":\"https:\\\/\\\/schema.org\",\"@graph\":[{\"@type\":\"Article\",\"@id\":\"https:\\\/\\\/l21.mx\\\/?p=6751#article\",\"isPartOf\":{\"@id\":\"https:\\\/\\\/l21.mx\\\/?p=6751\"},\"author\":{\"name\":\"Latitud21 Redacci\u00f3n\",\"@id\":\"https:\\\/\\\/l21.mx\\\/#\\\/schema\\\/person\\\/4b571cc212089f95579f3b66253728f1\"},\"headline\":\"Se\u00f1or Frog\u2019s cambia de manos\",\"datePublished\":\"2014-04-02T22:43:48+00:00\",\"mainEntityOfPage\":{\"@id\":\"https:\\\/\\\/l21.mx\\\/?p=6751\"},\"wordCount\":237,\"commentCount\":0,\"publisher\":{\"@id\":\"https:\\\/\\\/l21.mx\\\/#organization\"},\"image\":{\"@id\":\"https:\\\/\\\/l21.mx\\\/?p=6751#primaryimage\"},\"thumbnailUrl\":\"https:\\\/\\\/l21.mx\\\/wp-content\\\/uploads\\\/2014\\\/04\\\/Se\u00f1or-Frog\u2019s-cambia-de-manos-m.jpg\",\"articleSection\":[\"Empresas y Negocios\"],\"inLanguage\":\"es\",\"potentialAction\":[{\"@type\":\"CommentAction\",\"name\":\"Comment\",\"target\":[\"https:\\\/\\\/l21.mx\\\/?p=6751#respond\"]}]},{\"@type\":\"WebPage\",\"@id\":\"https:\\\/\\\/l21.mx\\\/?p=6751\",\"url\":\"https:\\\/\\\/l21.mx\\\/?p=6751\",\"name\":\"Se\u00f1or Frog\u2019s cambia de manos | Revista Latitud 21\",\"isPartOf\":{\"@id\":\"https:\\\/\\\/l21.mx\\\/#website\"},\"primaryImageOfPage\":{\"@id\":\"https:\\\/\\\/l21.mx\\\/?p=6751#primaryimage\"},\"image\":{\"@id\":\"https:\\\/\\\/l21.mx\\\/?p=6751#primaryimage\"},\"thumbnailUrl\":\"https:\\\/\\\/l21.mx\\\/wp-content\\\/uploads\\\/2014\\\/04\\\/Se\u00f1or-Frog\u2019s-cambia-de-manos-m.jpg\",\"datePublished\":\"2014-04-02T22:43:48+00:00\",\"description\":\"L21, Emprendedores y Negocios en el Caribe Mexicano, es la revista l\u00edder entre el Sector Empresarial y Tur\u00edstico del Caribe Mexicano.\",\"breadcrumb\":{\"@id\":\"https:\\\/\\\/l21.mx\\\/?p=6751#breadcrumb\"},\"inLanguage\":\"es\",\"potentialAction\":[{\"@type\":\"ReadAction\",\"target\":[\"https:\\\/\\\/l21.mx\\\/?p=6751\"]}]},{\"@type\":\"ImageObject\",\"inLanguage\":\"es\",\"@id\":\"https:\\\/\\\/l21.mx\\\/?p=6751#primaryimage\",\"url\":\"https:\\\/\\\/l21.mx\\\/wp-content\\\/uploads\\\/2014\\\/04\\\/Se\u00f1or-Frog\u2019s-cambia-de-manos-m.jpg\",\"contentUrl\":\"https:\\\/\\\/l21.mx\\\/wp-content\\\/uploads\\\/2014\\\/04\\\/Se\u00f1or-Frog\u2019s-cambia-de-manos-m.jpg\",\"width\":167,\"height\":108},{\"@type\":\"BreadcrumbList\",\"@id\":\"https:\\\/\\\/l21.mx\\\/?p=6751#breadcrumb\",\"itemListElement\":[{\"@type\":\"ListItem\",\"position\":1,\"name\":\"Portada\",\"item\":\"https:\\\/\\\/l21.mx\\\/\"},{\"@type\":\"ListItem\",\"position\":2,\"name\":\"Se\u00f1or Frog\u2019s cambia de manos\"}]},{\"@type\":\"WebSite\",\"@id\":\"https:\\\/\\\/l21.mx\\\/#website\",\"url\":\"https:\\\/\\\/l21.mx\\\/\",\"name\":\"Revista Latitud 21\",\"description\":\"Emprendedores  y negocios en el Caribe Mexicano\",\"publisher\":{\"@id\":\"https:\\\/\\\/l21.mx\\\/#organization\"},\"potentialAction\":[{\"@type\":\"SearchAction\",\"target\":{\"@type\":\"EntryPoint\",\"urlTemplate\":\"https:\\\/\\\/l21.mx\\\/?s={search_term_string}\"},\"query-input\":{\"@type\":\"PropertyValueSpecification\",\"valueRequired\":true,\"valueName\":\"search_term_string\"}}],\"inLanguage\":\"es\"},{\"@type\":\"Organization\",\"@id\":\"https:\\\/\\\/l21.mx\\\/#organization\",\"name\":\"Grupo Editorial Latitud 21 SA de CV\",\"url\":\"https:\\\/\\\/l21.mx\\\/\",\"logo\":{\"@type\":\"ImageObject\",\"inLanguage\":\"es\",\"@id\":\"https:\\\/\\\/l21.mx\\\/#\\\/schema\\\/logo\\\/image\\\/\",\"url\":\"https:\\\/\\\/l21.mx\\\/wp-content\\\/uploads\\\/2020\\\/10\\\/logo-l21-baja.jpg\",\"contentUrl\":\"https:\\\/\\\/l21.mx\\\/wp-content\\\/uploads\\\/2020\\\/10\\\/logo-l21-baja.jpg\",\"width\":250,\"height\":250,\"caption\":\"Grupo Editorial Latitud 21 SA de CV\"},\"image\":{\"@id\":\"https:\\\/\\\/l21.mx\\\/#\\\/schema\\\/logo\\\/image\\\/\"},\"sameAs\":[\"https:\\\/\\\/www.facebook.com\\\/RevistaLatitud21\\\/\",\"https:\\\/\\\/x.com\\\/Latitud21mx\"]},{\"@type\":\"Person\",\"@id\":\"https:\\\/\\\/l21.mx\\\/#\\\/schema\\\/person\\\/4b571cc212089f95579f3b66253728f1\",\"name\":\"Latitud21 Redacci\u00f3n\",\"url\":\"https:\\\/\\\/l21.mx\\\/?author=2\"}]}<\/script>\n<!-- \/ Yoast SEO plugin. -->","yoast_head_json":{"title":"Se\u00f1or Frog\u2019s cambia de manos | Revista Latitud 21","description":"L21, Emprendedores y Negocios en el Caribe Mexicano, es la revista l\u00edder entre el Sector Empresarial y Tur\u00edstico del Caribe Mexicano.","robots":{"index":"index","follow":"follow","max-snippet":"max-snippet:-1","max-image-preview":"max-image-preview:large","max-video-preview":"max-video-preview:-1"},"canonical":"https:\/\/l21.mx\/?p=6751","twitter_card":"summary_large_image","twitter_title":"Se\u00f1or Frog\u2019s cambia de manos | Revista Latitud 21","twitter_description":"L21, Emprendedores y Negocios en el Caribe Mexicano, es la revista l\u00edder entre el Sector Empresarial y Tur\u00edstico del Caribe Mexicano.","twitter_image":"https:\/\/l21.mx\/wp-content\/uploads\/2014\/04\/Se\u00f1or-Frog\u2019s-cambia-de-manos-m.jpg","twitter_creator":"@Latitud21mx","twitter_site":"@Latitud21mx","twitter_misc":{"Escrito por":"Latitud21 Redacci\u00f3n","Tiempo de lectura":"1 minuto"},"schema":{"@context":"https:\/\/schema.org","@graph":[{"@type":"Article","@id":"https:\/\/l21.mx\/?p=6751#article","isPartOf":{"@id":"https:\/\/l21.mx\/?p=6751"},"author":{"name":"Latitud21 Redacci\u00f3n","@id":"https:\/\/l21.mx\/#\/schema\/person\/4b571cc212089f95579f3b66253728f1"},"headline":"Se\u00f1or Frog\u2019s cambia de manos","datePublished":"2014-04-02T22:43:48+00:00","mainEntityOfPage":{"@id":"https:\/\/l21.mx\/?p=6751"},"wordCount":237,"commentCount":0,"publisher":{"@id":"https:\/\/l21.mx\/#organization"},"image":{"@id":"https:\/\/l21.mx\/?p=6751#primaryimage"},"thumbnailUrl":"https:\/\/l21.mx\/wp-content\/uploads\/2014\/04\/Se\u00f1or-Frog\u2019s-cambia-de-manos-m.jpg","articleSection":["Empresas y Negocios"],"inLanguage":"es","potentialAction":[{"@type":"CommentAction","name":"Comment","target":["https:\/\/l21.mx\/?p=6751#respond"]}]},{"@type":"WebPage","@id":"https:\/\/l21.mx\/?p=6751","url":"https:\/\/l21.mx\/?p=6751","name":"Se\u00f1or Frog\u2019s cambia de manos | Revista Latitud 21","isPartOf":{"@id":"https:\/\/l21.mx\/#website"},"primaryImageOfPage":{"@id":"https:\/\/l21.mx\/?p=6751#primaryimage"},"image":{"@id":"https:\/\/l21.mx\/?p=6751#primaryimage"},"thumbnailUrl":"https:\/\/l21.mx\/wp-content\/uploads\/2014\/04\/Se\u00f1or-Frog\u2019s-cambia-de-manos-m.jpg","datePublished":"2014-04-02T22:43:48+00:00","description":"L21, Emprendedores y Negocios en el Caribe Mexicano, es la revista l\u00edder entre el Sector Empresarial y Tur\u00edstico del Caribe Mexicano.","breadcrumb":{"@id":"https:\/\/l21.mx\/?p=6751#breadcrumb"},"inLanguage":"es","potentialAction":[{"@type":"ReadAction","target":["https:\/\/l21.mx\/?p=6751"]}]},{"@type":"ImageObject","inLanguage":"es","@id":"https:\/\/l21.mx\/?p=6751#primaryimage","url":"https:\/\/l21.mx\/wp-content\/uploads\/2014\/04\/Se\u00f1or-Frog\u2019s-cambia-de-manos-m.jpg","contentUrl":"https:\/\/l21.mx\/wp-content\/uploads\/2014\/04\/Se\u00f1or-Frog\u2019s-cambia-de-manos-m.jpg","width":167,"height":108},{"@type":"BreadcrumbList","@id":"https:\/\/l21.mx\/?p=6751#breadcrumb","itemListElement":[{"@type":"ListItem","position":1,"name":"Portada","item":"https:\/\/l21.mx\/"},{"@type":"ListItem","position":2,"name":"Se\u00f1or Frog\u2019s cambia de manos"}]},{"@type":"WebSite","@id":"https:\/\/l21.mx\/#website","url":"https:\/\/l21.mx\/","name":"Revista Latitud 21","description":"Emprendedores  y negocios en el Caribe Mexicano","publisher":{"@id":"https:\/\/l21.mx\/#organization"},"potentialAction":[{"@type":"SearchAction","target":{"@type":"EntryPoint","urlTemplate":"https:\/\/l21.mx\/?s={search_term_string}"},"query-input":{"@type":"PropertyValueSpecification","valueRequired":true,"valueName":"search_term_string"}}],"inLanguage":"es"},{"@type":"Organization","@id":"https:\/\/l21.mx\/#organization","name":"Grupo Editorial Latitud 21 SA de CV","url":"https:\/\/l21.mx\/","logo":{"@type":"ImageObject","inLanguage":"es","@id":"https:\/\/l21.mx\/#\/schema\/logo\/image\/","url":"https:\/\/l21.mx\/wp-content\/uploads\/2020\/10\/logo-l21-baja.jpg","contentUrl":"https:\/\/l21.mx\/wp-content\/uploads\/2020\/10\/logo-l21-baja.jpg","width":250,"height":250,"caption":"Grupo Editorial Latitud 21 SA de CV"},"image":{"@id":"https:\/\/l21.mx\/#\/schema\/logo\/image\/"},"sameAs":["https:\/\/www.facebook.com\/RevistaLatitud21\/","https:\/\/x.com\/Latitud21mx"]},{"@type":"Person","@id":"https:\/\/l21.mx\/#\/schema\/person\/4b571cc212089f95579f3b66253728f1","name":"Latitud21 Redacci\u00f3n","url":"https:\/\/l21.mx\/?author=2"}]}},"amp_enabled":true,"_links":{"self":[{"href":"https:\/\/l21.mx\/index.php?rest_route=\/wp\/v2\/posts\/6751","targetHints":{"allow":["GET"]}}],"collection":[{"href":"https:\/\/l21.mx\/index.php?rest_route=\/wp\/v2\/posts"}],"about":[{"href":"https:\/\/l21.mx\/index.php?rest_route=\/wp\/v2\/types\/post"}],"author":[{"embeddable":true,"href":"https:\/\/l21.mx\/index.php?rest_route=\/wp\/v2\/users\/2"}],"replies":[{"embeddable":true,"href":"https:\/\/l21.mx\/index.php?rest_route=%2Fwp%2Fv2%2Fcomments&post=6751"}],"version-history":[{"count":0,"href":"https:\/\/l21.mx\/index.php?rest_route=\/wp\/v2\/posts\/6751\/revisions"}],"wp:featuredmedia":[{"embeddable":true,"href":"https:\/\/l21.mx\/index.php?rest_route=\/wp\/v2\/media\/6753"}],"wp:attachment":[{"href":"https:\/\/l21.mx\/index.php?rest_route=%2Fwp%2Fv2%2Fmedia&parent=6751"}],"wp:term":[{"taxonomy":"category","embeddable":true,"href":"https:\/\/l21.mx\/index.php?rest_route=%2Fwp%2Fv2%2Fcategories&post=6751"},{"taxonomy":"post_tag","embeddable":true,"href":"https:\/\/l21.mx\/index.php?rest_route=%2Fwp%2Fv2%2Ftags&post=6751"}],"curies":[{"name":"wp","href":"https:\/\/api.w.org\/{rel}","templated":true}]}}