{"id":6759,"date":"2014-04-02T16:48:17","date_gmt":"2014-04-02T22:48:17","guid":{"rendered":"http:\/\/innovatori.space\/lat21\/?p=6759"},"modified":"2014-04-02T16:48:17","modified_gmt":"2014-04-02T22:48:17","slug":"volaris-a-la-carga","status":"publish","type":"post","link":"https:\/\/l21.mx\/?p=6759","title":{"rendered":"Volaris, a la carga"},"content":{"rendered":"<p><a href=\"http:\/\/l21.mx\/wp-content\/uploads\/2014\/04\/Volaris-a-la-carga.jpg\" data-rel=\"penci-gallery-image-content\" ><img fetchpriority=\"high\" decoding=\"async\" class=\"alignleft size-medium wp-image-6760\" title=\"Volaris, a la carga\" src=\"http:\/\/l21.mx\/wp-content\/uploads\/2014\/04\/Volaris-a-la-carga-300x192.jpg\" alt=\"\" width=\"300\" height=\"192\" \/><\/a>El plan de vuelo de Volaris contempla para este a\u00f1o la incorporaci\u00f3n de siete aviones Airbus A320, que se sumar\u00e1n a su flota de 44, para incursionar en el mercado de carga internacional, adelant\u00f3 Enrique Beltranena, director general de la aerol\u00ednea.<\/p>\n<p>Luego de un exitoso 2013, en el que la empresa avanz\u00f3 m\u00e1s de 2.6 puntos porcentuales en la participaci\u00f3n del mercado dom\u00e9stico de pasajeros y se coloc\u00f3 como la segunda l\u00ednea a\u00e9rea con mayor participaci\u00f3n en el movimiento de carga, Beltranena dijo que la idea es atender al mercado internacional de carga en forma m\u00e1s agresiva.<\/p>\n<p>\u201cQueremos comenzar a platicar de carga en el extranjero este a\u00f1o, iniciar primero con importaciones. Firmamos dos contratos en enero pasado y vamos a comenzar con importaciones de carga\u201d, indic\u00f3 el ejecutivo.<\/p>\n<p>El producto ser\u00e1 principalmente \u2018courier\u2019, es decir, mercanc\u00edas de agencias de carga, especialmente paqueter\u00eda, as\u00ed como productos perecederos, como agr\u00edcolas y pescado.<\/p>\n<p>La empresa tiene conexi\u00f3n con 28 ciudades desde Tijuana y 16 vuelos directos a Canc\u00fan. Una estrategia similar a la de hace ocho a\u00f1os, cuando arranc\u00f3 operaciones en rutas desde Toluca, Tijuana, Monterrey, Canc\u00fan y Guadalajara.<\/p>\n<p>[editor]empresas-y-negocios[\/editor]<\/p>\n<div><\/div>\n","protected":false},"excerpt":{"rendered":"<p>El plan de vuelo de Volaris contempla para este a\u00f1o la incorporaci\u00f3n de siete aviones Airbus&hellip;<\/p>\n","protected":false},"author":2,"featured_media":6761,"comment_status":"open","ping_status":"open","sticky":false,"template":"","format":"standard","meta":{"_acf_changed":false,"_lmt_disableupdate":"","_lmt_disable":"","_mbp_gutenberg_autopost":false,"footnotes":""},"categories":[4],"tags":[],"class_list":["post-6759","post","type-post","status-publish","format-standard","has-post-thumbnail","hentry","category-empresas-y-negocios"],"acf":[],"_links":{"self":[{"href":"https:\/\/l21.mx\/index.php?rest_route=\/wp\/v2\/posts\/6759","targetHints":{"allow":["GET"]}}],"collection":[{"href":"https:\/\/l21.mx\/index.php?rest_route=\/wp\/v2\/posts"}],"about":[{"href":"https:\/\/l21.mx\/index.php?rest_route=\/wp\/v2\/types\/post"}],"author":[{"embeddable":true,"href":"https:\/\/l21.mx\/index.php?rest_route=\/wp\/v2\/users\/2"}],"replies":[{"embeddable":true,"href":"https:\/\/l21.mx\/index.php?rest_route=%2Fwp%2Fv2%2Fcomments&post=6759"}],"version-history":[{"count":0,"href":"https:\/\/l21.mx\/index.php?rest_route=\/wp\/v2\/posts\/6759\/revisions"}],"wp:featuredmedia":[{"embeddable":true,"href":"https:\/\/l21.mx\/index.php?rest_route=\/wp\/v2\/media\/6761"}],"wp:attachment":[{"href":"https:\/\/l21.mx\/index.php?rest_route=%2Fwp%2Fv2%2Fmedia&parent=6759"}],"wp:term":[{"taxonomy":"category","embeddable":true,"href":"https:\/\/l21.mx\/index.php?rest_route=%2Fwp%2Fv2%2Fcategories&post=6759"},{"taxonomy":"post_tag","embeddable":true,"href":"https:\/\/l21.mx\/index.php?rest_route=%2Fwp%2Fv2%2Ftags&post=6759"}],"curies":[{"name":"wp","href":"https:\/\/api.w.org\/{rel}","templated":true}]}}