{"id":67671,"date":"2024-01-06T18:37:09","date_gmt":"2024-01-06T23:37:09","guid":{"rendered":"https:\/\/l21.mx\/?p=67671"},"modified":"2024-01-06T18:37:09","modified_gmt":"2024-01-06T23:37:09","slug":"dif-festeja-a-los-reyes-del-hogar","status":"publish","type":"post","link":"https:\/\/l21.mx\/?p=67671","title":{"rendered":"DIF festeja a los reyes del hogar"},"content":{"rendered":"<p>&nbsp;<\/p>\n<p>\u2022 La presidenta Lili Campos destac\u00f3 que la ni\u00f1ez es parte fundamental del municipio, para que vivan con alegr\u00eda y en familia<\/p>\n<p><a href=\"https:\/\/l21.mx\/wp-content\/uploads\/2024\/01\/WhatsApp-Image-2024-01-06-at-2.11.46-PM.jpeg\" data-rel=\"penci-gallery-image-content\" ><img fetchpriority=\"high\" decoding=\"async\" class=\"alignnone size-medium wp-image-67673\" src=\"https:\/\/l21.mx\/wp-content\/uploads\/2024\/01\/WhatsApp-Image-2024-01-06-at-2.11.46-PM-300x200.jpeg\" alt=\"\" width=\"300\" height=\"200\" srcset=\"https:\/\/l21.mx\/wp-content\/uploads\/2024\/01\/WhatsApp-Image-2024-01-06-at-2.11.46-PM-300x200.jpeg 300w, https:\/\/l21.mx\/wp-content\/uploads\/2024\/01\/WhatsApp-Image-2024-01-06-at-2.11.46-PM-1024x682.jpeg 1024w, https:\/\/l21.mx\/wp-content\/uploads\/2024\/01\/WhatsApp-Image-2024-01-06-at-2.11.46-PM-768x512.jpeg 768w, https:\/\/l21.mx\/wp-content\/uploads\/2024\/01\/WhatsApp-Image-2024-01-06-at-2.11.46-PM-1170x780.jpeg 1170w, https:\/\/l21.mx\/wp-content\/uploads\/2024\/01\/WhatsApp-Image-2024-01-06-at-2.11.46-PM-585x390.jpeg 585w, https:\/\/l21.mx\/wp-content\/uploads\/2024\/01\/WhatsApp-Image-2024-01-06-at-2.11.46-PM-263x175.jpeg 263w, https:\/\/l21.mx\/wp-content\/uploads\/2024\/01\/WhatsApp-Image-2024-01-06-at-2.11.46-PM.jpeg 1280w\" sizes=\"(max-width: 300px) 100vw, 300px\" \/><\/a><\/p>\n<p>Playa del Carmen, Solidaridad, 6 de enero de 2024.- Con mucha alegr\u00eda y diversi\u00f3n fueron recibidos ni\u00f1as y ni\u00f1os de Solidaridad en las instalaciones del DIF municipal para celebrar el D\u00eda de Reyes, evento que fue encabezado por la presidenta Lili Campos y por el presidente Honorario Cuauht\u00e9moc Escobedo Campos.<\/p>\n<p>La presidenta fue encargada del corte de la tradicional rosca de Reyes en donde dijo que es importante disfrutar este d\u00eda en familia. \u201cDeseo que hoy hagamos juntos y juntas un d\u00eda muy alegre para nuestras ni\u00f1as y ni\u00f1os de este bello municipio\u201d les expres\u00f3.<\/p>\n<p><a href=\"https:\/\/l21.mx\/wp-content\/uploads\/2024\/01\/WhatsApp-Image-2024-01-06-at-2.11.47-PM-1.jpeg\" data-rel=\"penci-gallery-image-content\" ><img decoding=\"async\" class=\"alignnone size-medium wp-image-67675\" src=\"https:\/\/l21.mx\/wp-content\/uploads\/2024\/01\/WhatsApp-Image-2024-01-06-at-2.11.47-PM-1-300x240.jpeg\" alt=\"\" width=\"300\" height=\"240\" srcset=\"https:\/\/l21.mx\/wp-content\/uploads\/2024\/01\/WhatsApp-Image-2024-01-06-at-2.11.47-PM-1-300x240.jpeg 300w, https:\/\/l21.mx\/wp-content\/uploads\/2024\/01\/WhatsApp-Image-2024-01-06-at-2.11.47-PM-1-1024x819.jpeg 1024w, https:\/\/l21.mx\/wp-content\/uploads\/2024\/01\/WhatsApp-Image-2024-01-06-at-2.11.47-PM-1-768x614.jpeg 768w, https:\/\/l21.mx\/wp-content\/uploads\/2024\/01\/WhatsApp-Image-2024-01-06-at-2.11.47-PM-1-1170x936.jpeg 1170w, https:\/\/l21.mx\/wp-content\/uploads\/2024\/01\/WhatsApp-Image-2024-01-06-at-2.11.47-PM-1-585x468.jpeg 585w, https:\/\/l21.mx\/wp-content\/uploads\/2024\/01\/WhatsApp-Image-2024-01-06-at-2.11.47-PM-1.jpeg 1280w\" sizes=\"(max-width: 300px) 100vw, 300px\" \/><\/a><\/p>\n<p>Asimismo, Cuauht\u00e9moc Escobedo Campos destac\u00f3 la importancia de familia: \u201cdisfruten de este festival, que lo realizamos con mucho cari\u00f1o para ustedes, pues trabajamos con alma, vida y coraz\u00f3n todos los d\u00edas porque ustedes, nuestras familias solidarenses, son lo m\u00e1s importante\u201d.<\/p>\n<p>Este festejo estuvo amenizado por el show infantil de la \u201cgallina pintadita\u201d, tirolesa por parte de la Secretar\u00eda de Protecci\u00f3n Civil, brincolines, disco infantil, cine, as\u00ed como botargas y luchadores. Adem\u00e1s, los \u201creyes\u201d del hogar disfrutaron de la deliciosa rosca de reyes y de chocolate.<\/p>\n<p><a href=\"https:\/\/l21.mx\/wp-content\/uploads\/2024\/01\/WhatsApp-Image-2024-01-06-at-2.11.48-PM.jpeg\" data-rel=\"penci-gallery-image-content\" ><img decoding=\"async\" class=\"alignnone size-medium wp-image-67676\" src=\"https:\/\/l21.mx\/wp-content\/uploads\/2024\/01\/WhatsApp-Image-2024-01-06-at-2.11.48-PM-300x207.jpeg\" alt=\"\" width=\"300\" height=\"207\" srcset=\"https:\/\/l21.mx\/wp-content\/uploads\/2024\/01\/WhatsApp-Image-2024-01-06-at-2.11.48-PM-300x207.jpeg 300w, https:\/\/l21.mx\/wp-content\/uploads\/2024\/01\/WhatsApp-Image-2024-01-06-at-2.11.48-PM-1024x708.jpeg 1024w, https:\/\/l21.mx\/wp-content\/uploads\/2024\/01\/WhatsApp-Image-2024-01-06-at-2.11.48-PM-768x531.jpeg 768w, https:\/\/l21.mx\/wp-content\/uploads\/2024\/01\/WhatsApp-Image-2024-01-06-at-2.11.48-PM-1170x809.jpeg 1170w, https:\/\/l21.mx\/wp-content\/uploads\/2024\/01\/WhatsApp-Image-2024-01-06-at-2.11.48-PM-585x404.jpeg 585w, https:\/\/l21.mx\/wp-content\/uploads\/2024\/01\/WhatsApp-Image-2024-01-06-at-2.11.48-PM.jpeg 1280w\" sizes=\"(max-width: 300px) 100vw, 300px\" \/><\/a><\/p>\n","protected":false},"excerpt":{"rendered":"<p>&nbsp; \u2022 La presidenta Lili Campos destac\u00f3 que la ni\u00f1ez es parte fundamental del municipio, para&hellip;<\/p>\n","protected":false},"author":100,"featured_media":67674,"comment_status":"closed","ping_status":"closed","sticky":false,"template":"","format":"standard","meta":{"_acf_changed":false,"_lmt_disableupdate":"","_lmt_disable":"","_mbp_gutenberg_autopost":false,"footnotes":""},"categories":[1654],"tags":[],"class_list":["post-67671","post","type-post","status-publish","format-standard","has-post-thumbnail","hentry","category-solidaridad"],"acf":[],"_links":{"self":[{"href":"https:\/\/l21.mx\/index.php?rest_route=\/wp\/v2\/posts\/67671","targetHints":{"allow":["GET"]}}],"collection":[{"href":"https:\/\/l21.mx\/index.php?rest_route=\/wp\/v2\/posts"}],"about":[{"href":"https:\/\/l21.mx\/index.php?rest_route=\/wp\/v2\/types\/post"}],"author":[{"embeddable":true,"href":"https:\/\/l21.mx\/index.php?rest_route=\/wp\/v2\/users\/100"}],"replies":[{"embeddable":true,"href":"https:\/\/l21.mx\/index.php?rest_route=%2Fwp%2Fv2%2Fcomments&post=67671"}],"version-history":[{"count":0,"href":"https:\/\/l21.mx\/index.php?rest_route=\/wp\/v2\/posts\/67671\/revisions"}],"wp:featuredmedia":[{"embeddable":true,"href":"https:\/\/l21.mx\/index.php?rest_route=\/wp\/v2\/media\/67674"}],"wp:attachment":[{"href":"https:\/\/l21.mx\/index.php?rest_route=%2Fwp%2Fv2%2Fmedia&parent=67671"}],"wp:term":[{"taxonomy":"category","embeddable":true,"href":"https:\/\/l21.mx\/index.php?rest_route=%2Fwp%2Fv2%2Fcategories&post=67671"},{"taxonomy":"post_tag","embeddable":true,"href":"https:\/\/l21.mx\/index.php?rest_route=%2Fwp%2Fv2%2Ftags&post=67671"}],"curies":[{"name":"wp","href":"https:\/\/api.w.org\/{rel}","templated":true}]}}