{"id":67730,"date":"2024-01-08T16:44:33","date_gmt":"2024-01-08T21:44:33","guid":{"rendered":"https:\/\/l21.mx\/?p=67730"},"modified":"2024-01-08T16:44:33","modified_gmt":"2024-01-08T21:44:33","slug":"inician-acopio-de-arboles-de-navidad-en-cancun","status":"publish","type":"post","link":"https:\/\/l21.mx\/?p=67730","title":{"rendered":"Inician acopio de \u00e1rboles de Navidad en Canc\u00fan"},"content":{"rendered":"<p>&nbsp;<\/p>\n<p>* 26 puntos habilitados del 8 de enero al 16 de febrero<\/p>\n<p><a href=\"https:\/\/l21.mx\/wp-content\/uploads\/2024\/01\/WhatsApp-Image-2024-01-08-at-1.48.38-PM.jpeg\" data-rel=\"penci-gallery-image-content\" ><img fetchpriority=\"high\" decoding=\"async\" class=\"alignnone wp-image-67733 size-large\" src=\"https:\/\/l21.mx\/wp-content\/uploads\/2024\/01\/WhatsApp-Image-2024-01-08-at-1.48.38-PM-1024x683.jpeg\" alt=\"\" width=\"1024\" height=\"683\" srcset=\"https:\/\/l21.mx\/wp-content\/uploads\/2024\/01\/WhatsApp-Image-2024-01-08-at-1.48.38-PM-1024x683.jpeg 1024w, https:\/\/l21.mx\/wp-content\/uploads\/2024\/01\/WhatsApp-Image-2024-01-08-at-1.48.38-PM-300x200.jpeg 300w, https:\/\/l21.mx\/wp-content\/uploads\/2024\/01\/WhatsApp-Image-2024-01-08-at-1.48.38-PM-768x512.jpeg 768w, https:\/\/l21.mx\/wp-content\/uploads\/2024\/01\/WhatsApp-Image-2024-01-08-at-1.48.38-PM-1170x781.jpeg 1170w, https:\/\/l21.mx\/wp-content\/uploads\/2024\/01\/WhatsApp-Image-2024-01-08-at-1.48.38-PM-585x390.jpeg 585w, https:\/\/l21.mx\/wp-content\/uploads\/2024\/01\/WhatsApp-Image-2024-01-08-at-1.48.38-PM-263x175.jpeg 263w, https:\/\/l21.mx\/wp-content\/uploads\/2024\/01\/WhatsApp-Image-2024-01-08-at-1.48.38-PM.jpeg 1280w\" sizes=\"(max-width: 1024px) 100vw, 1024px\" \/><\/a><\/p>\n<p>Canc\u00fan, Q. R., a 08 de enero de 2024.- Autoridades del Ayuntamiento de Benito Ju\u00e1rez, a trav\u00e9s de las direcciones generales de Ecolog\u00eda y Servicios P\u00fablicos, emprendieron la \u201cCampa\u00f1a de Acopio de \u00c1rboles de Navidad 2024\u201d, con el objetivo de brindar un destino final adecuado a los pinos utilizados en la temporada navide\u00f1a, evitando que se desechen en lugares no apropiados o en tiraderos clandestinos, con 26 puntos de acopio en la ciudad habilitados del 8 de enero al 16 de febrero.<\/p>\n<p>Al dar el banderazo de inicio, la Presidenta Municipal, Ana Paty Peralta, inform\u00f3 que se abrieron dos puntos m\u00e1s en comparaci\u00f3n con el a\u00f1o pasado, intentando abarcar un mayor espacio en la ciudad, facilitando los espacios para que la ciudadan\u00eda pueda ser responsable con sus desechos y pongan el ejemplo, impidiendo una contaminaci\u00f3n visual, una mala imagen urbana, tiraderos clandestinos, proliferaci\u00f3n de fauna nociva y ocupaci\u00f3n de \u00e1reas verdes.<\/p>\n<p><a href=\"https:\/\/l21.mx\/wp-content\/uploads\/2024\/01\/WhatsApp-Image-2024-01-08-at-1.48.40-PM.jpeg\" data-rel=\"penci-gallery-image-content\" ><img decoding=\"async\" class=\"alignnone size-medium wp-image-67732\" src=\"https:\/\/l21.mx\/wp-content\/uploads\/2024\/01\/WhatsApp-Image-2024-01-08-at-1.48.40-PM-210x300.jpeg\" alt=\"\" width=\"210\" height=\"300\" srcset=\"https:\/\/l21.mx\/wp-content\/uploads\/2024\/01\/WhatsApp-Image-2024-01-08-at-1.48.40-PM-210x300.jpeg 210w, https:\/\/l21.mx\/wp-content\/uploads\/2024\/01\/WhatsApp-Image-2024-01-08-at-1.48.40-PM-718x1024.jpeg 718w, https:\/\/l21.mx\/wp-content\/uploads\/2024\/01\/WhatsApp-Image-2024-01-08-at-1.48.40-PM-768x1095.jpeg 768w, https:\/\/l21.mx\/wp-content\/uploads\/2024\/01\/WhatsApp-Image-2024-01-08-at-1.48.40-PM-585x834.jpeg 585w, https:\/\/l21.mx\/wp-content\/uploads\/2024\/01\/WhatsApp-Image-2024-01-08-at-1.48.40-PM.jpeg 898w\" sizes=\"(max-width: 210px) 100vw, 210px\" \/><\/a><\/p>\n<p>\u201c\u00danicamente pedirle a la ciudadan\u00eda que nos apoyen siendo responsables, siendo corresponsables con el medio ambiente, con el cuidado de nuestras \u00e1reas verdes, de nuestros parques, de nuestros jardines, de nuestros camellones, no generando basureros clandestinos\u201d, asegur\u00f3 la Primera Autoridad Municipal.<\/p>\n<p>De la misma manera, expres\u00f3 que la finalidad de esta campa\u00f1a es concientizar y sensibilizar a las empresas que ponen en el mercado este producto, as\u00ed como tambi\u00e9n a los que adquieren, para el uso responsable del mismo y la disposici\u00f3n del pino en los puntos de acopio una vez que dejen de ser utilizados.<\/p>\n<p><a href=\"https:\/\/l21.mx\/wp-content\/uploads\/2024\/01\/WhatsApp-Image-2024-01-08-at-1.48.42-PM.jpeg\" data-rel=\"penci-gallery-image-content\" ><img decoding=\"async\" class=\"alignnone size-medium wp-image-67731\" src=\"https:\/\/l21.mx\/wp-content\/uploads\/2024\/01\/WhatsApp-Image-2024-01-08-at-1.48.42-PM-300x200.jpeg\" alt=\"\" width=\"300\" height=\"200\" srcset=\"https:\/\/l21.mx\/wp-content\/uploads\/2024\/01\/WhatsApp-Image-2024-01-08-at-1.48.42-PM-300x200.jpeg 300w, https:\/\/l21.mx\/wp-content\/uploads\/2024\/01\/WhatsApp-Image-2024-01-08-at-1.48.42-PM-1024x682.jpeg 1024w, https:\/\/l21.mx\/wp-content\/uploads\/2024\/01\/WhatsApp-Image-2024-01-08-at-1.48.42-PM-768x512.jpeg 768w, https:\/\/l21.mx\/wp-content\/uploads\/2024\/01\/WhatsApp-Image-2024-01-08-at-1.48.42-PM-1170x780.jpeg 1170w, https:\/\/l21.mx\/wp-content\/uploads\/2024\/01\/WhatsApp-Image-2024-01-08-at-1.48.42-PM-585x390.jpeg 585w, https:\/\/l21.mx\/wp-content\/uploads\/2024\/01\/WhatsApp-Image-2024-01-08-at-1.48.42-PM-263x175.jpeg 263w, https:\/\/l21.mx\/wp-content\/uploads\/2024\/01\/WhatsApp-Image-2024-01-08-at-1.48.42-PM.jpeg 1280w\" sizes=\"(max-width: 300px) 100vw, 300px\" \/><\/a><\/p>\n<p>De acuerdo con un reporte de la Direcci\u00f3n General de Ecolog\u00eda, durante el 2023 se lograron acopiar m\u00e1s de 2 mil pinos, que generaron 87 metros c\u00fabicos de material triturado, que fue empleado en las diversas jornadas y actividades de reforestaci\u00f3n llevadas a cabo a lo largo del a\u00f1o.<\/p>\n<p>&nbsp;<\/p>\n<h2>Puntos de acopio temporada 2024:<\/h2>\n<p>Av. Chich\u00e9n Itz\u00e1 con Av. Comalcalco (Camell\u00f3n frente a la agencia de cerveza)<br \/>\nAv. Industrial (Parque de la Supermanzana 95)<br \/>\nAv. Ni\u00f1os H\u00e9roes con Av. 20 de Noviembre<br \/>\nAv. 20 de Noviembre con Av. Chac Mool<br \/>\nAv. Chac Mool y Talleres (Camell\u00f3n central)<br \/>\nAv. Chac Mool con Av. Ni\u00f1os H\u00e9roes (Camell\u00f3n central)<br \/>\nAv. Tecnol\u00f3gico a la altura de la Supermanzana 500 (Para\u00edso Villas, camell\u00f3n central)<br \/>\nAv. Prolongaci\u00f3n Nichupt\u00e9 entronque con Av. Industrial (\u00c1rea verde frente del Oxxo, camell\u00f3n central)<br \/>\nAv. Palenque con Av. Chichen Itz\u00e1 (Contra esquina a la taquer\u00eda, camell\u00f3n central).<br \/>\nAv. Bonampak esquina Sayil (Frente a la Plaza de Toros, camell\u00f3n)<br \/>\nAv. La Luna con Av. Tecnol\u00f3gico (\u00c1rea verde enfrente del IMMS, Supermanzana 500)<br \/>\nAv. Talleres con Av. Ixtepec entre Supermanzana 200 y 103 (\u00c1rea verde a un costado de la gasolinera)<br \/>\nAv. La Luna con Av. Las Torres (Camell\u00f3n central)<br \/>\nAv. Leona Vicario con Av. Kabah (A un costado de la caseta de polic\u00eda)<br \/>\nAv. Bonampak en el campo de f\u00fatbol \u201cCandelario Lira\u201d frente a la Supermanzana 75<br \/>\nAv. Tecnol\u00f3gico entre la Supermanzana 514 y 515 (\u00c1reas verdes)<br \/>\nAv. Las Torres con Av. Kabah (\u00c1rea verde)<br \/>\nAv. Huayac\u00e1n Estancia \u201cMi \u00c1ngel\u201d (Enfrente, camell\u00f3n central)<br \/>\nAv. Kinik con Av. Nichupt\u00e9 (Camell\u00f3n central)<br \/>\nAv. Leona Vicario altura Supermanzana 200 cerca del Sindicato (\u00c1rea verde)<br \/>\nAv. Rancho Viejo sobre la Av. 20 de noviembre (Camell\u00f3n central)<br \/>\nAv. Nichupt\u00e9 Pabell\u00f3n Cumbres (Camell\u00f3n central)<br \/>\nSupermanzana 15 Copa de Agua (Glorieta)<br \/>\nEntrada principal del Fraccionamiento Tierra Maya (Camell\u00f3n central)<br \/>\nEntrada a Villas Marino (Glorieta)<br \/>\nVillas del Mar II Arco Vial (Camell\u00f3n central)<\/p>\n","protected":false},"excerpt":{"rendered":"<p>&nbsp; * 26 puntos habilitados del 8 de enero al 16 de febrero Canc\u00fan, Q. R.,&hellip;<\/p>\n","protected":false},"author":100,"featured_media":67734,"comment_status":"closed","ping_status":"closed","sticky":false,"template":"","format":"standard","meta":{"_acf_changed":false,"_lmt_disableupdate":"","_lmt_disable":"","_mbp_gutenberg_autopost":false,"footnotes":""},"categories":[1657,1655,23],"tags":[],"class_list":["post-67730","post","type-post","status-publish","format-standard","has-post-thumbnail","hentry","category-benito-juarez","category-cancun","category-noticias"],"acf":[],"yoast_head":"<!-- This site is optimized with the Yoast SEO plugin v27.3 - https:\/\/yoast.com\/product\/yoast-seo-wordpress\/ -->\n<title>Inician acopio de \u00e1rboles de Navidad en Canc\u00fan | Revista Latitud 21<\/title>\n<meta name=\"description\" content=\"L21, Emprendedores y Negocios en el Caribe Mexicano, es la revista l\u00edder entre el Sector Empresarial y Tur\u00edstico del Caribe Mexicano.\" \/>\n<meta name=\"robots\" content=\"index, follow, max-snippet:-1, max-image-preview:large, max-video-preview:-1\" \/>\n<link rel=\"canonical\" href=\"https:\/\/l21.mx\/?p=67730\" \/>\n<meta name=\"twitter:card\" content=\"summary_large_image\" \/>\n<meta name=\"twitter:title\" content=\"Inician acopio de \u00e1rboles de Navidad en Canc\u00fan | Revista Latitud 21\" \/>\n<meta name=\"twitter:description\" content=\"L21, Emprendedores y Negocios en el Caribe Mexicano, es la revista l\u00edder entre el Sector Empresarial y Tur\u00edstico del Caribe Mexicano.\" \/>\n<meta name=\"twitter:image\" content=\"https:\/\/l21.mx\/wp-content\/uploads\/2024\/01\/WhatsApp-Image-2024-01-08-at-1.48.38-PM-1.jpeg\" \/>\n<meta name=\"twitter:creator\" content=\"@Latitud21mx\" \/>\n<meta name=\"twitter:site\" content=\"@Latitud21mx\" \/>\n<meta name=\"twitter:label1\" content=\"Escrito por\" \/>\n\t<meta name=\"twitter:data1\" content=\"NellyG\" \/>\n\t<meta name=\"twitter:label2\" content=\"Tiempo de lectura\" \/>\n\t<meta name=\"twitter:data2\" content=\"4 minutos\" \/>\n<script type=\"application\/ld+json\" class=\"yoast-schema-graph\">{\"@context\":\"https:\\\/\\\/schema.org\",\"@graph\":[{\"@type\":\"Article\",\"@id\":\"https:\\\/\\\/l21.mx\\\/?p=67730#article\",\"isPartOf\":{\"@id\":\"https:\\\/\\\/l21.mx\\\/?p=67730\"},\"author\":{\"name\":\"NellyG\",\"@id\":\"https:\\\/\\\/l21.mx\\\/#\\\/schema\\\/person\\\/cca68595b80b2f6c4c55a8b254bfbb2a\"},\"headline\":\"Inician acopio de \u00e1rboles de Navidad en Canc\u00fan\",\"datePublished\":\"2024-01-08T21:44:33+00:00\",\"mainEntityOfPage\":{\"@id\":\"https:\\\/\\\/l21.mx\\\/?p=67730\"},\"wordCount\":610,\"publisher\":{\"@id\":\"https:\\\/\\\/l21.mx\\\/#organization\"},\"image\":{\"@id\":\"https:\\\/\\\/l21.mx\\\/?p=67730#primaryimage\"},\"thumbnailUrl\":\"https:\\\/\\\/l21.mx\\\/wp-content\\\/uploads\\\/2024\\\/01\\\/WhatsApp-Image-2024-01-08-at-1.48.38-PM-1.jpeg\",\"articleSection\":[\"Benito Ju\u00e1rez\",\"Canc\u00fan\",\"Noticias\"],\"inLanguage\":\"es\"},{\"@type\":\"WebPage\",\"@id\":\"https:\\\/\\\/l21.mx\\\/?p=67730\",\"url\":\"https:\\\/\\\/l21.mx\\\/?p=67730\",\"name\":\"Inician acopio de \u00e1rboles de Navidad en Canc\u00fan | Revista Latitud 21\",\"isPartOf\":{\"@id\":\"https:\\\/\\\/l21.mx\\\/#website\"},\"primaryImageOfPage\":{\"@id\":\"https:\\\/\\\/l21.mx\\\/?p=67730#primaryimage\"},\"image\":{\"@id\":\"https:\\\/\\\/l21.mx\\\/?p=67730#primaryimage\"},\"thumbnailUrl\":\"https:\\\/\\\/l21.mx\\\/wp-content\\\/uploads\\\/2024\\\/01\\\/WhatsApp-Image-2024-01-08-at-1.48.38-PM-1.jpeg\",\"datePublished\":\"2024-01-08T21:44:33+00:00\",\"description\":\"L21, Emprendedores y Negocios en el Caribe Mexicano, es la revista l\u00edder entre el Sector Empresarial y Tur\u00edstico del Caribe Mexicano.\",\"breadcrumb\":{\"@id\":\"https:\\\/\\\/l21.mx\\\/?p=67730#breadcrumb\"},\"inLanguage\":\"es\",\"potentialAction\":[{\"@type\":\"ReadAction\",\"target\":[\"https:\\\/\\\/l21.mx\\\/?p=67730\"]}]},{\"@type\":\"ImageObject\",\"inLanguage\":\"es\",\"@id\":\"https:\\\/\\\/l21.mx\\\/?p=67730#primaryimage\",\"url\":\"https:\\\/\\\/l21.mx\\\/wp-content\\\/uploads\\\/2024\\\/01\\\/WhatsApp-Image-2024-01-08-at-1.48.38-PM-1.jpeg\",\"contentUrl\":\"https:\\\/\\\/l21.mx\\\/wp-content\\\/uploads\\\/2024\\\/01\\\/WhatsApp-Image-2024-01-08-at-1.48.38-PM-1.jpeg\",\"width\":1280,\"height\":853},{\"@type\":\"BreadcrumbList\",\"@id\":\"https:\\\/\\\/l21.mx\\\/?p=67730#breadcrumb\",\"itemListElement\":[{\"@type\":\"ListItem\",\"position\":1,\"name\":\"Portada\",\"item\":\"https:\\\/\\\/l21.mx\\\/\"},{\"@type\":\"ListItem\",\"position\":2,\"name\":\"Inician acopio de \u00e1rboles de Navidad en Canc\u00fan\"}]},{\"@type\":\"WebSite\",\"@id\":\"https:\\\/\\\/l21.mx\\\/#website\",\"url\":\"https:\\\/\\\/l21.mx\\\/\",\"name\":\"Revista Latitud 21\",\"description\":\"Emprendedores  y negocios en el Caribe Mexicano\",\"publisher\":{\"@id\":\"https:\\\/\\\/l21.mx\\\/#organization\"},\"potentialAction\":[{\"@type\":\"SearchAction\",\"target\":{\"@type\":\"EntryPoint\",\"urlTemplate\":\"https:\\\/\\\/l21.mx\\\/?s={search_term_string}\"},\"query-input\":{\"@type\":\"PropertyValueSpecification\",\"valueRequired\":true,\"valueName\":\"search_term_string\"}}],\"inLanguage\":\"es\"},{\"@type\":\"Organization\",\"@id\":\"https:\\\/\\\/l21.mx\\\/#organization\",\"name\":\"Grupo Editorial Latitud 21 SA de CV\",\"url\":\"https:\\\/\\\/l21.mx\\\/\",\"logo\":{\"@type\":\"ImageObject\",\"inLanguage\":\"es\",\"@id\":\"https:\\\/\\\/l21.mx\\\/#\\\/schema\\\/logo\\\/image\\\/\",\"url\":\"https:\\\/\\\/l21.mx\\\/wp-content\\\/uploads\\\/2020\\\/10\\\/logo-l21-baja.jpg\",\"contentUrl\":\"https:\\\/\\\/l21.mx\\\/wp-content\\\/uploads\\\/2020\\\/10\\\/logo-l21-baja.jpg\",\"width\":250,\"height\":250,\"caption\":\"Grupo Editorial Latitud 21 SA de CV\"},\"image\":{\"@id\":\"https:\\\/\\\/l21.mx\\\/#\\\/schema\\\/logo\\\/image\\\/\"},\"sameAs\":[\"https:\\\/\\\/www.facebook.com\\\/RevistaLatitud21\\\/\",\"https:\\\/\\\/x.com\\\/Latitud21mx\"]},{\"@type\":\"Person\",\"@id\":\"https:\\\/\\\/l21.mx\\\/#\\\/schema\\\/person\\\/cca68595b80b2f6c4c55a8b254bfbb2a\",\"name\":\"NellyG\",\"url\":\"https:\\\/\\\/l21.mx\\\/?author=100\"}]}<\/script>\n<!-- \/ Yoast SEO plugin. -->","yoast_head_json":{"title":"Inician acopio de \u00e1rboles de Navidad en Canc\u00fan | Revista Latitud 21","description":"L21, Emprendedores y Negocios en el Caribe Mexicano, es la revista l\u00edder entre el Sector Empresarial y Tur\u00edstico del Caribe Mexicano.","robots":{"index":"index","follow":"follow","max-snippet":"max-snippet:-1","max-image-preview":"max-image-preview:large","max-video-preview":"max-video-preview:-1"},"canonical":"https:\/\/l21.mx\/?p=67730","twitter_card":"summary_large_image","twitter_title":"Inician acopio de \u00e1rboles de Navidad en Canc\u00fan | Revista Latitud 21","twitter_description":"L21, Emprendedores y Negocios en el Caribe Mexicano, es la revista l\u00edder entre el Sector Empresarial y Tur\u00edstico del Caribe Mexicano.","twitter_image":"https:\/\/l21.mx\/wp-content\/uploads\/2024\/01\/WhatsApp-Image-2024-01-08-at-1.48.38-PM-1.jpeg","twitter_creator":"@Latitud21mx","twitter_site":"@Latitud21mx","twitter_misc":{"Escrito por":"NellyG","Tiempo de lectura":"4 minutos"},"schema":{"@context":"https:\/\/schema.org","@graph":[{"@type":"Article","@id":"https:\/\/l21.mx\/?p=67730#article","isPartOf":{"@id":"https:\/\/l21.mx\/?p=67730"},"author":{"name":"NellyG","@id":"https:\/\/l21.mx\/#\/schema\/person\/cca68595b80b2f6c4c55a8b254bfbb2a"},"headline":"Inician acopio de \u00e1rboles de Navidad en Canc\u00fan","datePublished":"2024-01-08T21:44:33+00:00","mainEntityOfPage":{"@id":"https:\/\/l21.mx\/?p=67730"},"wordCount":610,"publisher":{"@id":"https:\/\/l21.mx\/#organization"},"image":{"@id":"https:\/\/l21.mx\/?p=67730#primaryimage"},"thumbnailUrl":"https:\/\/l21.mx\/wp-content\/uploads\/2024\/01\/WhatsApp-Image-2024-01-08-at-1.48.38-PM-1.jpeg","articleSection":["Benito Ju\u00e1rez","Canc\u00fan","Noticias"],"inLanguage":"es"},{"@type":"WebPage","@id":"https:\/\/l21.mx\/?p=67730","url":"https:\/\/l21.mx\/?p=67730","name":"Inician acopio de \u00e1rboles de Navidad en Canc\u00fan | Revista Latitud 21","isPartOf":{"@id":"https:\/\/l21.mx\/#website"},"primaryImageOfPage":{"@id":"https:\/\/l21.mx\/?p=67730#primaryimage"},"image":{"@id":"https:\/\/l21.mx\/?p=67730#primaryimage"},"thumbnailUrl":"https:\/\/l21.mx\/wp-content\/uploads\/2024\/01\/WhatsApp-Image-2024-01-08-at-1.48.38-PM-1.jpeg","datePublished":"2024-01-08T21:44:33+00:00","description":"L21, Emprendedores y Negocios en el Caribe Mexicano, es la revista l\u00edder entre el Sector Empresarial y Tur\u00edstico del Caribe Mexicano.","breadcrumb":{"@id":"https:\/\/l21.mx\/?p=67730#breadcrumb"},"inLanguage":"es","potentialAction":[{"@type":"ReadAction","target":["https:\/\/l21.mx\/?p=67730"]}]},{"@type":"ImageObject","inLanguage":"es","@id":"https:\/\/l21.mx\/?p=67730#primaryimage","url":"https:\/\/l21.mx\/wp-content\/uploads\/2024\/01\/WhatsApp-Image-2024-01-08-at-1.48.38-PM-1.jpeg","contentUrl":"https:\/\/l21.mx\/wp-content\/uploads\/2024\/01\/WhatsApp-Image-2024-01-08-at-1.48.38-PM-1.jpeg","width":1280,"height":853},{"@type":"BreadcrumbList","@id":"https:\/\/l21.mx\/?p=67730#breadcrumb","itemListElement":[{"@type":"ListItem","position":1,"name":"Portada","item":"https:\/\/l21.mx\/"},{"@type":"ListItem","position":2,"name":"Inician acopio de \u00e1rboles de Navidad en Canc\u00fan"}]},{"@type":"WebSite","@id":"https:\/\/l21.mx\/#website","url":"https:\/\/l21.mx\/","name":"Revista Latitud 21","description":"Emprendedores  y negocios en el Caribe Mexicano","publisher":{"@id":"https:\/\/l21.mx\/#organization"},"potentialAction":[{"@type":"SearchAction","target":{"@type":"EntryPoint","urlTemplate":"https:\/\/l21.mx\/?s={search_term_string}"},"query-input":{"@type":"PropertyValueSpecification","valueRequired":true,"valueName":"search_term_string"}}],"inLanguage":"es"},{"@type":"Organization","@id":"https:\/\/l21.mx\/#organization","name":"Grupo Editorial Latitud 21 SA de CV","url":"https:\/\/l21.mx\/","logo":{"@type":"ImageObject","inLanguage":"es","@id":"https:\/\/l21.mx\/#\/schema\/logo\/image\/","url":"https:\/\/l21.mx\/wp-content\/uploads\/2020\/10\/logo-l21-baja.jpg","contentUrl":"https:\/\/l21.mx\/wp-content\/uploads\/2020\/10\/logo-l21-baja.jpg","width":250,"height":250,"caption":"Grupo Editorial Latitud 21 SA de CV"},"image":{"@id":"https:\/\/l21.mx\/#\/schema\/logo\/image\/"},"sameAs":["https:\/\/www.facebook.com\/RevistaLatitud21\/","https:\/\/x.com\/Latitud21mx"]},{"@type":"Person","@id":"https:\/\/l21.mx\/#\/schema\/person\/cca68595b80b2f6c4c55a8b254bfbb2a","name":"NellyG","url":"https:\/\/l21.mx\/?author=100"}]}},"amp_enabled":true,"_links":{"self":[{"href":"https:\/\/l21.mx\/index.php?rest_route=\/wp\/v2\/posts\/67730","targetHints":{"allow":["GET"]}}],"collection":[{"href":"https:\/\/l21.mx\/index.php?rest_route=\/wp\/v2\/posts"}],"about":[{"href":"https:\/\/l21.mx\/index.php?rest_route=\/wp\/v2\/types\/post"}],"author":[{"embeddable":true,"href":"https:\/\/l21.mx\/index.php?rest_route=\/wp\/v2\/users\/100"}],"replies":[{"embeddable":true,"href":"https:\/\/l21.mx\/index.php?rest_route=%2Fwp%2Fv2%2Fcomments&post=67730"}],"version-history":[{"count":1,"href":"https:\/\/l21.mx\/index.php?rest_route=\/wp\/v2\/posts\/67730\/revisions"}],"predecessor-version":[{"id":67737,"href":"https:\/\/l21.mx\/index.php?rest_route=\/wp\/v2\/posts\/67730\/revisions\/67737"}],"wp:featuredmedia":[{"embeddable":true,"href":"https:\/\/l21.mx\/index.php?rest_route=\/wp\/v2\/media\/67734"}],"wp:attachment":[{"href":"https:\/\/l21.mx\/index.php?rest_route=%2Fwp%2Fv2%2Fmedia&parent=67730"}],"wp:term":[{"taxonomy":"category","embeddable":true,"href":"https:\/\/l21.mx\/index.php?rest_route=%2Fwp%2Fv2%2Fcategories&post=67730"},{"taxonomy":"post_tag","embeddable":true,"href":"https:\/\/l21.mx\/index.php?rest_route=%2Fwp%2Fv2%2Ftags&post=67730"}],"curies":[{"name":"wp","href":"https:\/\/api.w.org\/{rel}","templated":true}]}}