{"id":67810,"date":"2024-01-11T11:37:26","date_gmt":"2024-01-11T16:37:26","guid":{"rendered":"https:\/\/l21.mx\/?p=67810"},"modified":"2024-01-11T11:37:26","modified_gmt":"2024-01-11T16:37:26","slug":"anuncia-mara-lezama-avances-en-dos-nuevos-hospitales-para-quintana-roo","status":"publish","type":"post","link":"https:\/\/l21.mx\/?p=67810","title":{"rendered":"Anuncia Mara Lezama avances en dos nuevos hospitales para Quintana Roo"},"content":{"rendered":"<p>&nbsp;<\/p>\n<p>-En reuni\u00f3n con el director general del IMSS-BIENESTAR se revisan avances para el cuidado de la salud de la poblaci\u00f3n quintanarroense<\/p>\n<p><a href=\"https:\/\/l21.mx\/wp-content\/uploads\/2024\/01\/WhatsApp-Image-2024-01-11-at-8.29.23-AM-1.jpeg\" data-rel=\"penci-gallery-image-content\" ><img fetchpriority=\"high\" decoding=\"async\" class=\"alignnone size-medium wp-image-67812\" src=\"https:\/\/l21.mx\/wp-content\/uploads\/2024\/01\/WhatsApp-Image-2024-01-11-at-8.29.23-AM-1-300x200.jpeg\" alt=\"\" width=\"300\" height=\"200\" srcset=\"https:\/\/l21.mx\/wp-content\/uploads\/2024\/01\/WhatsApp-Image-2024-01-11-at-8.29.23-AM-1-300x200.jpeg 300w, https:\/\/l21.mx\/wp-content\/uploads\/2024\/01\/WhatsApp-Image-2024-01-11-at-8.29.23-AM-1-1024x682.jpeg 1024w, https:\/\/l21.mx\/wp-content\/uploads\/2024\/01\/WhatsApp-Image-2024-01-11-at-8.29.23-AM-1-768x512.jpeg 768w, https:\/\/l21.mx\/wp-content\/uploads\/2024\/01\/WhatsApp-Image-2024-01-11-at-8.29.23-AM-1-1536x1023.jpeg 1536w, https:\/\/l21.mx\/wp-content\/uploads\/2024\/01\/WhatsApp-Image-2024-01-11-at-8.29.23-AM-1-1170x780.jpeg 1170w, https:\/\/l21.mx\/wp-content\/uploads\/2024\/01\/WhatsApp-Image-2024-01-11-at-8.29.23-AM-1-585x390.jpeg 585w, https:\/\/l21.mx\/wp-content\/uploads\/2024\/01\/WhatsApp-Image-2024-01-11-at-8.29.23-AM-1-263x175.jpeg 263w, https:\/\/l21.mx\/wp-content\/uploads\/2024\/01\/WhatsApp-Image-2024-01-11-at-8.29.23-AM-1.jpeg 1600w\" sizes=\"(max-width: 300px) 100vw, 300px\" \/><\/a><\/p>\n<p>Ciudad de M\u00e9xico.- Tras una reuni\u00f3n de trabajo con Alejandro Calder\u00f3n Alipi, director general del IMSS-BIENESTAR, la gobernadora Mara Lezama Espinosa dijo que est\u00e1n avanzando debidamente los procesos para la futura construcci\u00f3n de ambos hospitales.<\/p>\n<p>Mara Lezama se encuentra en la Ciudad de M\u00e9xico desarrollando una agenda de trabajo, de gestiones, en territorio y lejos del escritorio, en busca de m\u00e1s recursos, mayores apoyos, para el crecimiento de Quintana Roo con prosperidad compartida para las y los quintanarroenses, que cumpla con el prop\u00f3sito del Nuevo Acuerdo por el Bienestar y Desarrollo de Quintana Roo.<\/p>\n<p>Acompa\u00f1ada del Secretario de Salud, Flavio Carlos Rosado y del secretario Particular, \u00c1ngel Rivero Palomo, la Gobernadora de Quintana Roo destac\u00f3 la respuesta extraordinaria del titular del IMSS-BIENESTAR con los dos nuevos hospitales que ser\u00e1n una realidad, para cerrar brechas de desigualdad y llevar justicia social a quienes m\u00e1s lo necesitan.<\/p>\n<p>Calder\u00f3n Alipi, por su parte, destac\u00f3 la indicaci\u00f3n del presidente Andr\u00e9s Manuel L\u00f3pez Obrador de apoyar al estado de Quintana Roo, a la gesti\u00f3n de la gobernadora Mara Lezama. \u201cY estamos a marchas forzadas para mejorar la infraestructura de salud en su estado\u201d, dijo.<\/p>\n<p>Mara Lezama reiter\u00f3 que en este gobierno humanista y progresista se trabaja todos los d\u00edas para que el bienestar y la justicia social llegue primero a los pobres, y el cuidado a la salud es una alta prioridad.<\/p>\n","protected":false},"excerpt":{"rendered":"<p>&nbsp; -En reuni\u00f3n con el director general del IMSS-BIENESTAR se revisan avances para el cuidado de&hellip;<\/p>\n","protected":false},"author":100,"featured_media":67811,"comment_status":"closed","ping_status":"closed","sticky":false,"template":"","format":"standard","meta":{"_acf_changed":false,"_lmt_disableupdate":"","_lmt_disable":"","_mbp_gutenberg_autopost":false,"footnotes":""},"categories":[23,1656],"tags":[],"class_list":["post-67810","post","type-post","status-publish","format-standard","has-post-thumbnail","hentry","category-noticias","category-quintana-roo"],"acf":[],"_links":{"self":[{"href":"https:\/\/l21.mx\/index.php?rest_route=\/wp\/v2\/posts\/67810","targetHints":{"allow":["GET"]}}],"collection":[{"href":"https:\/\/l21.mx\/index.php?rest_route=\/wp\/v2\/posts"}],"about":[{"href":"https:\/\/l21.mx\/index.php?rest_route=\/wp\/v2\/types\/post"}],"author":[{"embeddable":true,"href":"https:\/\/l21.mx\/index.php?rest_route=\/wp\/v2\/users\/100"}],"replies":[{"embeddable":true,"href":"https:\/\/l21.mx\/index.php?rest_route=%2Fwp%2Fv2%2Fcomments&post=67810"}],"version-history":[{"count":0,"href":"https:\/\/l21.mx\/index.php?rest_route=\/wp\/v2\/posts\/67810\/revisions"}],"wp:featuredmedia":[{"embeddable":true,"href":"https:\/\/l21.mx\/index.php?rest_route=\/wp\/v2\/media\/67811"}],"wp:attachment":[{"href":"https:\/\/l21.mx\/index.php?rest_route=%2Fwp%2Fv2%2Fmedia&parent=67810"}],"wp:term":[{"taxonomy":"category","embeddable":true,"href":"https:\/\/l21.mx\/index.php?rest_route=%2Fwp%2Fv2%2Fcategories&post=67810"},{"taxonomy":"post_tag","embeddable":true,"href":"https:\/\/l21.mx\/index.php?rest_route=%2Fwp%2Fv2%2Ftags&post=67810"}],"curies":[{"name":"wp","href":"https:\/\/api.w.org\/{rel}","templated":true}]}}