{"id":67869,"date":"2024-01-12T18:17:01","date_gmt":"2024-01-12T23:17:01","guid":{"rendered":"https:\/\/l21.mx\/?p=67869"},"modified":"2024-01-12T18:17:01","modified_gmt":"2024-01-12T23:17:01","slug":"miles-disfrutaron-de-convivencia-familiar-en-solidaridad","status":"publish","type":"post","link":"https:\/\/l21.mx\/?p=67869","title":{"rendered":"Miles disfrutaron de convivencia familiar en Solidaridad"},"content":{"rendered":"<p>&nbsp;<\/p>\n<p>\u2022 M\u00e1s de 50 festivales de reyes organiz\u00f3 el gobierno municipal para la convivencia y la sana diversi\u00f3n familiar<\/p>\n<p><a href=\"https:\/\/l21.mx\/wp-content\/uploads\/2024\/01\/WhatsApp-Image-2024-01-12-at-6.14.46-PM.jpeg\" data-rel=\"penci-gallery-image-content\" ><img fetchpriority=\"high\" decoding=\"async\" class=\"alignnone size-medium wp-image-67872\" src=\"https:\/\/l21.mx\/wp-content\/uploads\/2024\/01\/WhatsApp-Image-2024-01-12-at-6.14.46-PM-300x228.jpeg\" alt=\"\" width=\"300\" height=\"228\" srcset=\"https:\/\/l21.mx\/wp-content\/uploads\/2024\/01\/WhatsApp-Image-2024-01-12-at-6.14.46-PM-300x228.jpeg 300w, https:\/\/l21.mx\/wp-content\/uploads\/2024\/01\/WhatsApp-Image-2024-01-12-at-6.14.46-PM-1024x778.jpeg 1024w, https:\/\/l21.mx\/wp-content\/uploads\/2024\/01\/WhatsApp-Image-2024-01-12-at-6.14.46-PM-768x583.jpeg 768w, https:\/\/l21.mx\/wp-content\/uploads\/2024\/01\/WhatsApp-Image-2024-01-12-at-6.14.46-PM-1170x888.jpeg 1170w, https:\/\/l21.mx\/wp-content\/uploads\/2024\/01\/WhatsApp-Image-2024-01-12-at-6.14.46-PM-585x444.jpeg 585w, https:\/\/l21.mx\/wp-content\/uploads\/2024\/01\/WhatsApp-Image-2024-01-12-at-6.14.46-PM.jpeg 1280w\" sizes=\"(max-width: 300px) 100vw, 300px\" \/><\/a><\/p>\n<p>Playa del Carmen, Solidaridad, 12 de enero del 2024.- Con alegr\u00eda, diversi\u00f3n y unidad familiar, el gobierno liderado por la alcaldesa Lili Campos llev\u00f3 a cabo m\u00e1s de 50 festivales de Reyes Magos en diversos puntos del municipio durante esta semana.<\/p>\n<p>Miles de personas, incluyendo ni\u00f1os, ni\u00f1as y sus padres, participaron en estos eventos que ofrecieron momentos de sano entretenimiento y tambi\u00e9n brindaron la oportunidad de abordar las necesidades de la comunidad.<\/p>\n<p><a href=\"https:\/\/l21.mx\/wp-content\/uploads\/2024\/01\/WhatsApp-Image-2024-01-12-at-6.14.48-PM.jpeg\" data-rel=\"penci-gallery-image-content\" ><img decoding=\"async\" class=\"alignnone size-medium wp-image-67875\" src=\"https:\/\/l21.mx\/wp-content\/uploads\/2024\/01\/WhatsApp-Image-2024-01-12-at-6.14.48-PM-300x200.jpeg\" alt=\"\" width=\"300\" height=\"200\" srcset=\"https:\/\/l21.mx\/wp-content\/uploads\/2024\/01\/WhatsApp-Image-2024-01-12-at-6.14.48-PM-300x200.jpeg 300w, https:\/\/l21.mx\/wp-content\/uploads\/2024\/01\/WhatsApp-Image-2024-01-12-at-6.14.48-PM-1024x682.jpeg 1024w, https:\/\/l21.mx\/wp-content\/uploads\/2024\/01\/WhatsApp-Image-2024-01-12-at-6.14.48-PM-768x512.jpeg 768w, https:\/\/l21.mx\/wp-content\/uploads\/2024\/01\/WhatsApp-Image-2024-01-12-at-6.14.48-PM-1170x780.jpeg 1170w, https:\/\/l21.mx\/wp-content\/uploads\/2024\/01\/WhatsApp-Image-2024-01-12-at-6.14.48-PM-585x390.jpeg 585w, https:\/\/l21.mx\/wp-content\/uploads\/2024\/01\/WhatsApp-Image-2024-01-12-at-6.14.48-PM-263x175.jpeg 263w, https:\/\/l21.mx\/wp-content\/uploads\/2024\/01\/WhatsApp-Image-2024-01-12-at-6.14.48-PM.jpeg 1280w\" sizes=\"(max-width: 300px) 100vw, 300px\" \/><\/a><\/p>\n<p>Durante los festejos, Lili Campos asisti\u00f3 a varios de los 10 eventos organizados diariamente, donde convivi\u00f3 con los menores, pero tambi\u00e9n platic\u00f3 y atendi\u00f3 las solicitudes planteadas por madres de familias, adultos mayores, entre otros ciudadanos que se acercaron a ella para saludarle y expresarle alguna demanda ciudadana.<\/p>\n<p>La presidenta convivi\u00f3 con ni\u00f1os y ni\u00f1as en el domo de la colonia Forjadores donde un payaso divirti\u00f3 a los peque\u00f1os con actos de magia; en la colonia 28 de Julio adem\u00e1s rompi\u00f3 pi\u00f1ata; en Palmas II tambi\u00e9n salud\u00f3 a madres de familia quienes participaron con una brigada social, llevando servicios como el corte de cabello gratuito; en la Colosio atendi\u00f3 peticiones sociales, entre otras acciones.<\/p>\n<p><a href=\"https:\/\/l21.mx\/wp-content\/uploads\/2024\/01\/WhatsApp-Image-2024-01-12-at-6.14.47-PM-2.jpeg\" data-rel=\"penci-gallery-image-content\" ><img decoding=\"async\" class=\"alignnone size-medium wp-image-67876\" src=\"https:\/\/l21.mx\/wp-content\/uploads\/2024\/01\/WhatsApp-Image-2024-01-12-at-6.14.47-PM-2-300x200.jpeg\" alt=\"\" width=\"300\" height=\"200\" srcset=\"https:\/\/l21.mx\/wp-content\/uploads\/2024\/01\/WhatsApp-Image-2024-01-12-at-6.14.47-PM-2-300x200.jpeg 300w, https:\/\/l21.mx\/wp-content\/uploads\/2024\/01\/WhatsApp-Image-2024-01-12-at-6.14.47-PM-2-1024x682.jpeg 1024w, https:\/\/l21.mx\/wp-content\/uploads\/2024\/01\/WhatsApp-Image-2024-01-12-at-6.14.47-PM-2-768x512.jpeg 768w, https:\/\/l21.mx\/wp-content\/uploads\/2024\/01\/WhatsApp-Image-2024-01-12-at-6.14.47-PM-2-1170x780.jpeg 1170w, https:\/\/l21.mx\/wp-content\/uploads\/2024\/01\/WhatsApp-Image-2024-01-12-at-6.14.47-PM-2-585x390.jpeg 585w, https:\/\/l21.mx\/wp-content\/uploads\/2024\/01\/WhatsApp-Image-2024-01-12-at-6.14.47-PM-2-263x175.jpeg 263w, https:\/\/l21.mx\/wp-content\/uploads\/2024\/01\/WhatsApp-Image-2024-01-12-at-6.14.47-PM-2.jpeg 1280w\" sizes=\"(max-width: 300px) 100vw, 300px\" \/><\/a><\/p>\n<p>El secretario de justicia social y participaci\u00f3n ciudadana, Santiago Ch\u00e1vez, asegur\u00f3 que la convivencia con ni\u00f1os y ni\u00f1as durante los 10 festivales realizados diariamente desde el pasado lunes reunieron a miles de menores y padres de familia. \u201cEra una fecha especial, que ten\u00eda que ser festejada. Todos los organizadores, trabajadores del Ayuntamiento, nos llevamos el entusiasmo, alegr\u00eda y diversi\u00f3n de ni\u00f1os y ni\u00f1as\u201d indic\u00f3.<\/p>\n<p><a href=\"https:\/\/l21.mx\/wp-content\/uploads\/2024\/01\/WhatsApp-Image-2024-01-12-at-6.14.48-PM-1.jpeg\" data-rel=\"penci-gallery-image-content\" ><img loading=\"lazy\" decoding=\"async\" class=\"alignnone size-medium wp-image-67874\" src=\"https:\/\/l21.mx\/wp-content\/uploads\/2024\/01\/WhatsApp-Image-2024-01-12-at-6.14.48-PM-1-300x191.jpeg\" alt=\"\" width=\"300\" height=\"191\" srcset=\"https:\/\/l21.mx\/wp-content\/uploads\/2024\/01\/WhatsApp-Image-2024-01-12-at-6.14.48-PM-1-300x191.jpeg 300w, https:\/\/l21.mx\/wp-content\/uploads\/2024\/01\/WhatsApp-Image-2024-01-12-at-6.14.48-PM-1-1024x652.jpeg 1024w, https:\/\/l21.mx\/wp-content\/uploads\/2024\/01\/WhatsApp-Image-2024-01-12-at-6.14.48-PM-1-768x489.jpeg 768w, https:\/\/l21.mx\/wp-content\/uploads\/2024\/01\/WhatsApp-Image-2024-01-12-at-6.14.48-PM-1-1170x745.jpeg 1170w, https:\/\/l21.mx\/wp-content\/uploads\/2024\/01\/WhatsApp-Image-2024-01-12-at-6.14.48-PM-1-585x372.jpeg 585w, https:\/\/l21.mx\/wp-content\/uploads\/2024\/01\/WhatsApp-Image-2024-01-12-at-6.14.48-PM-1.jpeg 1280w\" sizes=\"(max-width: 300px) 100vw, 300px\" \/><\/a><\/p>\n<p>Cabe mencionar que fueron poco m\u00e1s de 50 eventos los realizados en diferentes colonias populares, fraccionamientos y asentamientos rurales de esta ciudad como en Puerto Aventuras pueblo y Puerto Maya.<\/p>\n","protected":false},"excerpt":{"rendered":"<p>&nbsp; \u2022 M\u00e1s de 50 festivales de reyes organiz\u00f3 el gobierno municipal para la convivencia y&hellip;<\/p>\n","protected":false},"author":100,"featured_media":67873,"comment_status":"closed","ping_status":"closed","sticky":false,"template":"","format":"standard","meta":{"_acf_changed":false,"_lmt_disableupdate":"","_lmt_disable":"","_mbp_gutenberg_autopost":false,"footnotes":""},"categories":[1654],"tags":[],"class_list":["post-67869","post","type-post","status-publish","format-standard","has-post-thumbnail","hentry","category-solidaridad"],"acf":[],"_links":{"self":[{"href":"https:\/\/l21.mx\/index.php?rest_route=\/wp\/v2\/posts\/67869","targetHints":{"allow":["GET"]}}],"collection":[{"href":"https:\/\/l21.mx\/index.php?rest_route=\/wp\/v2\/posts"}],"about":[{"href":"https:\/\/l21.mx\/index.php?rest_route=\/wp\/v2\/types\/post"}],"author":[{"embeddable":true,"href":"https:\/\/l21.mx\/index.php?rest_route=\/wp\/v2\/users\/100"}],"replies":[{"embeddable":true,"href":"https:\/\/l21.mx\/index.php?rest_route=%2Fwp%2Fv2%2Fcomments&post=67869"}],"version-history":[{"count":0,"href":"https:\/\/l21.mx\/index.php?rest_route=\/wp\/v2\/posts\/67869\/revisions"}],"wp:featuredmedia":[{"embeddable":true,"href":"https:\/\/l21.mx\/index.php?rest_route=\/wp\/v2\/media\/67873"}],"wp:attachment":[{"href":"https:\/\/l21.mx\/index.php?rest_route=%2Fwp%2Fv2%2Fmedia&parent=67869"}],"wp:term":[{"taxonomy":"category","embeddable":true,"href":"https:\/\/l21.mx\/index.php?rest_route=%2Fwp%2Fv2%2Fcategories&post=67869"},{"taxonomy":"post_tag","embeddable":true,"href":"https:\/\/l21.mx\/index.php?rest_route=%2Fwp%2Fv2%2Ftags&post=67869"}],"curies":[{"name":"wp","href":"https:\/\/api.w.org\/{rel}","templated":true}]}}