{"id":67950,"date":"2024-01-17T19:52:15","date_gmt":"2024-01-18T00:52:15","guid":{"rendered":"https:\/\/l21.mx\/?p=67950"},"modified":"2024-01-17T19:52:29","modified_gmt":"2024-01-18T00:52:29","slug":"cozumel-celebrara-150-anos-del-carnaval","status":"publish","type":"post","link":"https:\/\/l21.mx\/?p=67950","title":{"rendered":"Cozumel celebrar\u00e1 150 a\u00f1os del Carnaval"},"content":{"rendered":"<p>Invitan Mara Lezama y Juanita Alonso a disfrutar del tradicional Carnaval en Cozumel<\/p>\n<p>-Maluma, Mau &amp; Ricky, Amigos Invisibles, Proyecto Uno, Grupo Ca\u00f1averal, S\u00faper Lamas, entre otros artistas se presentar\u00e1n<\/p>\n<p>-Tambi\u00e9n presentaron el billete de la Loter\u00eda Nacional que promueve y distingue la conmemoraci\u00f3n del 150 aniversario del Carnaval de Cozumel<\/p>\n<p><a href=\"https:\/\/l21.mx\/wp-content\/uploads\/2024\/01\/WhatsApp-Image-2024-01-17-at-7.09.21-PM.jpeg\" data-rel=\"penci-gallery-image-content\" ><img fetchpriority=\"high\" decoding=\"async\" class=\"alignnone size-medium wp-image-67952\" src=\"https:\/\/l21.mx\/wp-content\/uploads\/2024\/01\/WhatsApp-Image-2024-01-17-at-7.09.21-PM-300x200.jpeg\" alt=\"\" width=\"300\" height=\"200\" srcset=\"https:\/\/l21.mx\/wp-content\/uploads\/2024\/01\/WhatsApp-Image-2024-01-17-at-7.09.21-PM-300x200.jpeg 300w, https:\/\/l21.mx\/wp-content\/uploads\/2024\/01\/WhatsApp-Image-2024-01-17-at-7.09.21-PM-1024x682.jpeg 1024w, https:\/\/l21.mx\/wp-content\/uploads\/2024\/01\/WhatsApp-Image-2024-01-17-at-7.09.21-PM-768x512.jpeg 768w, https:\/\/l21.mx\/wp-content\/uploads\/2024\/01\/WhatsApp-Image-2024-01-17-at-7.09.21-PM-1536x1023.jpeg 1536w, https:\/\/l21.mx\/wp-content\/uploads\/2024\/01\/WhatsApp-Image-2024-01-17-at-7.09.21-PM-1170x780.jpeg 1170w, https:\/\/l21.mx\/wp-content\/uploads\/2024\/01\/WhatsApp-Image-2024-01-17-at-7.09.21-PM-585x390.jpeg 585w, https:\/\/l21.mx\/wp-content\/uploads\/2024\/01\/WhatsApp-Image-2024-01-17-at-7.09.21-PM-263x175.jpeg 263w, https:\/\/l21.mx\/wp-content\/uploads\/2024\/01\/WhatsApp-Image-2024-01-17-at-7.09.21-PM.jpeg 1600w\" sizes=\"(max-width: 300px) 100vw, 300px\" \/><\/a><\/p>\n<p>Cozumel.- Cozumel celebrar\u00e1 150 a\u00f1os del Carnaval, uno de los m\u00e1s antiguos y tradicionales, del 7 al 14 de febrero pr\u00f3ximo, con actividades que fortalecen las expresiones culturales populares de la isla y que se convierten en un atractivo tur\u00edstico de suma importancia.<\/p>\n<p>La gobernadora Mara Lezama Espinosa y la presidenta municipal Juanita Alonso Marrufo anunciaron que Cozumel estar\u00e1 de fiesta, por lo que invitaron a todas y todos a ser parte de este aniversario, de esta celebraci\u00f3n. \u201cVengan a disfrutar en el Carnaval m\u00e1s incre\u00edble del Caribe Mexicano\u201d, dijo la Gobernadora.<\/p>\n<p><a href=\"https:\/\/l21.mx\/wp-content\/uploads\/2024\/01\/WhatsApp-Image-2024-01-17-at-7.09.22-PM-1.jpeg\" data-rel=\"penci-gallery-image-content\" ><img decoding=\"async\" class=\"alignnone size-medium wp-image-67953\" src=\"https:\/\/l21.mx\/wp-content\/uploads\/2024\/01\/WhatsApp-Image-2024-01-17-at-7.09.22-PM-1-300x200.jpeg\" alt=\"\" width=\"300\" height=\"200\" srcset=\"https:\/\/l21.mx\/wp-content\/uploads\/2024\/01\/WhatsApp-Image-2024-01-17-at-7.09.22-PM-1-300x200.jpeg 300w, https:\/\/l21.mx\/wp-content\/uploads\/2024\/01\/WhatsApp-Image-2024-01-17-at-7.09.22-PM-1-1024x682.jpeg 1024w, https:\/\/l21.mx\/wp-content\/uploads\/2024\/01\/WhatsApp-Image-2024-01-17-at-7.09.22-PM-1-768x512.jpeg 768w, https:\/\/l21.mx\/wp-content\/uploads\/2024\/01\/WhatsApp-Image-2024-01-17-at-7.09.22-PM-1-1536x1023.jpeg 1536w, https:\/\/l21.mx\/wp-content\/uploads\/2024\/01\/WhatsApp-Image-2024-01-17-at-7.09.22-PM-1-1170x780.jpeg 1170w, https:\/\/l21.mx\/wp-content\/uploads\/2024\/01\/WhatsApp-Image-2024-01-17-at-7.09.22-PM-1-585x390.jpeg 585w, https:\/\/l21.mx\/wp-content\/uploads\/2024\/01\/WhatsApp-Image-2024-01-17-at-7.09.22-PM-1-263x175.jpeg 263w, https:\/\/l21.mx\/wp-content\/uploads\/2024\/01\/WhatsApp-Image-2024-01-17-at-7.09.22-PM-1.jpeg 1600w\" sizes=\"(max-width: 300px) 100vw, 300px\" \/><\/a><\/p>\n<p>La presidenta Juanita Alonso anticip\u00f3 una cartelera de lujo: Maluma, Mau &amp; Ricky, Amigos Invisibles, Proyecto Uno, Grupo Ca\u00f1averal, S\u00faper Lamas \u201cy muchos artistas m\u00e1s que los har\u00e1n tener un gran Carnaval y sobre todo para toda la familia\u201d.<\/p>\n<p>Fortaleciendo esta celebraci\u00f3n tradicional y emblem\u00e1tica de Cozumel, en un ambiente familiar, en armon\u00eda y tranquilidad, se avanza en la reconstrucci\u00f3n del tejido social, como es objetivo de este gobierno humanista y progresista, en el marco del Nuevo Acuerdo por el Bienestar y Desarrollo de Quintana Roo.<\/p>\n<p>La gobernadora Mara Lezama pidi\u00f3 estar atentos a las redes sociales en donde se dar\u00e1n m\u00e1s detalles del programa general y de la cartelera con muchas sorpresas para todos.<\/p>\n<p>Con el marco del Mar Caribe extraordinario, Mara Lezama dijo que con alegr\u00eda, con gran emoci\u00f3n vivamos la fiesta del Carnaval y sigamos todas unidas y unidos transformando Quintana Roo.<\/p>\n<p>Asimismo, presentaron el billete de la Loter\u00eda Nacional que promueve y distingue la conmemoraci\u00f3n del 150 aniversario del Carnaval de Cozumel, que estar\u00e1n a la venta en 11 mil puntos en toda la Rep\u00fablica cuyo sorteo ser\u00e1 el pr\u00f3ximo 30 de enero.<\/p>\n","protected":false},"excerpt":{"rendered":"<p>Invitan Mara Lezama y Juanita Alonso a disfrutar del tradicional Carnaval en Cozumel -Maluma, Mau &amp;&hellip;<\/p>\n","protected":false},"author":100,"featured_media":67951,"comment_status":"closed","ping_status":"closed","sticky":false,"template":"","format":"standard","meta":{"_acf_changed":false,"_lmt_disableupdate":"","_lmt_disable":"","_mbp_gutenberg_autopost":false,"footnotes":""},"categories":[23,1656],"tags":[],"class_list":["post-67950","post","type-post","status-publish","format-standard","has-post-thumbnail","hentry","category-noticias","category-quintana-roo"],"acf":[],"_links":{"self":[{"href":"https:\/\/l21.mx\/index.php?rest_route=\/wp\/v2\/posts\/67950","targetHints":{"allow":["GET"]}}],"collection":[{"href":"https:\/\/l21.mx\/index.php?rest_route=\/wp\/v2\/posts"}],"about":[{"href":"https:\/\/l21.mx\/index.php?rest_route=\/wp\/v2\/types\/post"}],"author":[{"embeddable":true,"href":"https:\/\/l21.mx\/index.php?rest_route=\/wp\/v2\/users\/100"}],"replies":[{"embeddable":true,"href":"https:\/\/l21.mx\/index.php?rest_route=%2Fwp%2Fv2%2Fcomments&post=67950"}],"version-history":[{"count":0,"href":"https:\/\/l21.mx\/index.php?rest_route=\/wp\/v2\/posts\/67950\/revisions"}],"wp:featuredmedia":[{"embeddable":true,"href":"https:\/\/l21.mx\/index.php?rest_route=\/wp\/v2\/media\/67951"}],"wp:attachment":[{"href":"https:\/\/l21.mx\/index.php?rest_route=%2Fwp%2Fv2%2Fmedia&parent=67950"}],"wp:term":[{"taxonomy":"category","embeddable":true,"href":"https:\/\/l21.mx\/index.php?rest_route=%2Fwp%2Fv2%2Fcategories&post=67950"},{"taxonomy":"post_tag","embeddable":true,"href":"https:\/\/l21.mx\/index.php?rest_route=%2Fwp%2Fv2%2Ftags&post=67950"}],"curies":[{"name":"wp","href":"https:\/\/api.w.org\/{rel}","templated":true}]}}