{"id":67989,"date":"2024-01-18T20:17:29","date_gmt":"2024-01-19T01:17:29","guid":{"rendered":"https:\/\/l21.mx\/?p=67989"},"modified":"2024-01-18T20:17:29","modified_gmt":"2024-01-19T01:17:29","slug":"iniciativa-en-solidaridad-para-dotar-de-transporte-a-universitarios","status":"publish","type":"post","link":"https:\/\/l21.mx\/?p=67989","title":{"rendered":"Iniciativa en Solidaridad para dotar de transporte a universitarios"},"content":{"rendered":"<p>Se aprob\u00f3 en la comisi\u00f3n de movilidad, estudiar una propuesta para que el municipio adquiera autobuses y\u00a0establecer una ruta por la avenida Universidades, en beneficio de los y las estudiantes<\/p>\n<p><a href=\"https:\/\/l21.mx\/wp-content\/uploads\/2024\/01\/WhatsApp-Image-2024-01-18-at-8.13.24-PM.jpeg\" data-rel=\"penci-gallery-image-content\" ><img fetchpriority=\"high\" decoding=\"async\" class=\"alignnone size-medium wp-image-67991\" src=\"https:\/\/l21.mx\/wp-content\/uploads\/2024\/01\/WhatsApp-Image-2024-01-18-at-8.13.24-PM-300x200.jpeg\" alt=\"\" width=\"300\" height=\"200\" srcset=\"https:\/\/l21.mx\/wp-content\/uploads\/2024\/01\/WhatsApp-Image-2024-01-18-at-8.13.24-PM-300x200.jpeg 300w, https:\/\/l21.mx\/wp-content\/uploads\/2024\/01\/WhatsApp-Image-2024-01-18-at-8.13.24-PM-1024x682.jpeg 1024w, https:\/\/l21.mx\/wp-content\/uploads\/2024\/01\/WhatsApp-Image-2024-01-18-at-8.13.24-PM-768x512.jpeg 768w, https:\/\/l21.mx\/wp-content\/uploads\/2024\/01\/WhatsApp-Image-2024-01-18-at-8.13.24-PM-1170x780.jpeg 1170w, https:\/\/l21.mx\/wp-content\/uploads\/2024\/01\/WhatsApp-Image-2024-01-18-at-8.13.24-PM-585x390.jpeg 585w, https:\/\/l21.mx\/wp-content\/uploads\/2024\/01\/WhatsApp-Image-2024-01-18-at-8.13.24-PM-263x175.jpeg 263w, https:\/\/l21.mx\/wp-content\/uploads\/2024\/01\/WhatsApp-Image-2024-01-18-at-8.13.24-PM.jpeg 1280w\" sizes=\"(max-width: 300px) 100vw, 300px\" \/><\/a><\/p>\n<p>Playa del Carmen, Solidaridad, 18 de enero del 2024.- En la d\u00e9cima novena sesi\u00f3n ordinaria de la Comisi\u00f3n de Movilidad, que preside el s\u00edndico municipal, Adri\u00e1n P\u00e9rez Vera, se aprobaron acuerdos a favor de la movilidad de la comunidad estudiantil solidarense.<\/p>\n<p>Durante el transcurso de la sesi\u00f3n se aprob\u00f3 la propuesta presentada por el s\u00edndico P\u00e9rez Vera y las regidoras Matilde Carrillo y Valentina \u00c1lvarez, que pretende que el municipio adquiera unidades de autobuses para transporte p\u00fablico que beneficien a las y los estudiantes de diversas instituciones p\u00fablicas y privadas que se encuentran sobre la Avenida Universidades.<\/p>\n<p>El s\u00edndico expres\u00f3 la importancia e impacto que tendr\u00eda en la comunidad estudiantil, pues la mayor\u00eda tiene que pagar dos rutas, adem\u00e1s de que los chicos de la UQROO que salen a las 10 de la noche, no cuenten con ning\u00fan tipo de transporte, adem\u00e1s de comentar que dicha propuesta fue previamente expuesta a la presidenta municipal Lili Campos, que de ser viable la apoyar\u00eda, y que con ella el nuevo paradero de transporte p\u00fablico que se construy\u00f3 ser\u00e1 id\u00f3neo.<\/p>\n<p>Asimismo, se aprob\u00f3 exhortar a la Direcci\u00f3n de Transporte P\u00fablico Municipal para que realice una encuesta a la comunidad estudiantil de la zona, para obtener informaci\u00f3n y generar una propuesta de ruta, caracter\u00edsticas, horarios y n\u00famero de unidades necesarias.<\/p>\n<p>Adem\u00e1s, en la sesi\u00f3n se report\u00f3 el avance de la construcci\u00f3n de la banqueta para el Hospital General y alrededores.<\/p>\n","protected":false},"excerpt":{"rendered":"<p>Se aprob\u00f3 en la comisi\u00f3n de movilidad, estudiar una propuesta para que el municipio adquiera autobuses&hellip;<\/p>\n","protected":false},"author":100,"featured_media":67990,"comment_status":"closed","ping_status":"closed","sticky":false,"template":"","format":"standard","meta":{"_acf_changed":false,"_lmt_disableupdate":"","_lmt_disable":"","_mbp_gutenberg_autopost":false,"footnotes":""},"categories":[1654],"tags":[],"class_list":["post-67989","post","type-post","status-publish","format-standard","has-post-thumbnail","hentry","category-solidaridad"],"acf":[],"_links":{"self":[{"href":"https:\/\/l21.mx\/index.php?rest_route=\/wp\/v2\/posts\/67989","targetHints":{"allow":["GET"]}}],"collection":[{"href":"https:\/\/l21.mx\/index.php?rest_route=\/wp\/v2\/posts"}],"about":[{"href":"https:\/\/l21.mx\/index.php?rest_route=\/wp\/v2\/types\/post"}],"author":[{"embeddable":true,"href":"https:\/\/l21.mx\/index.php?rest_route=\/wp\/v2\/users\/100"}],"replies":[{"embeddable":true,"href":"https:\/\/l21.mx\/index.php?rest_route=%2Fwp%2Fv2%2Fcomments&post=67989"}],"version-history":[{"count":0,"href":"https:\/\/l21.mx\/index.php?rest_route=\/wp\/v2\/posts\/67989\/revisions"}],"wp:featuredmedia":[{"embeddable":true,"href":"https:\/\/l21.mx\/index.php?rest_route=\/wp\/v2\/media\/67990"}],"wp:attachment":[{"href":"https:\/\/l21.mx\/index.php?rest_route=%2Fwp%2Fv2%2Fmedia&parent=67989"}],"wp:term":[{"taxonomy":"category","embeddable":true,"href":"https:\/\/l21.mx\/index.php?rest_route=%2Fwp%2Fv2%2Fcategories&post=67989"},{"taxonomy":"post_tag","embeddable":true,"href":"https:\/\/l21.mx\/index.php?rest_route=%2Fwp%2Fv2%2Ftags&post=67989"}],"curies":[{"name":"wp","href":"https:\/\/api.w.org\/{rel}","templated":true}]}}